{"id":38517,"date":"2026-04-09T16:45:50","date_gmt":"2026-04-09T15:45:50","guid":{"rendered":"https:\/\/by-tv.co.uk\/?p=38517"},"modified":"2026-04-09T16:45:50","modified_gmt":"2026-04-09T15:45:50","slug":"ingiltere-rus-denizaltilarinin-gizli-operasyonu-tespit-edildi","status":"publish","type":"post","link":"https:\/\/by-tv.co.uk\/en\/ingiltere-rus-denizaltilarinin-gizli-operasyonu-tespit-edildi\/","title":{"rendered":"\u0130ngiltere: Rus denizalt\u0131lar\u0131n\u0131n gizli operasyonu tespit edildi"},"content":{"rendered":"<div id=\"model-response-message-contentr_ecfd4048d03cdaa9\" class=\"markdown markdown-main-panel enable-updated-hr-color\" dir=\"ltr\" aria-live=\"polite\" aria-busy=\"false\">\n<h4 data-path-to-node=\"1\"><b data-path-to-node=\"1\" data-index-in-node=\"0\">Kritik altyap\u0131 \u00fczerinde bir ay s\u00fcren takip<\/b><\/h4>\n<p data-path-to-node=\"2\">Birle\u015fik Krall\u0131k karasular\u0131 ve m\u00fcnhas\u0131r ekonomik b\u00f6lgesi \u00e7evresinde, Rusya&#8217;ya ait denizalt\u0131lar\u0131n bir ay boyunca y\u00fcr\u00fctt\u00fc\u011f\u00fc gizli operasyonun ayr\u0131nt\u0131lar\u0131 kamuoyuyla payla\u015f\u0131ld\u0131. <b data-path-to-node=\"2\" data-index-in-node=\"175\">Downing Street<\/b>\u2019te d\u00fczenlenen bas\u0131n toplant\u0131s\u0131nda konu\u015fan <b data-path-to-node=\"2\" data-index-in-node=\"232\">Savunma Bakan\u0131 John Healey<\/b>, bir Akula s\u0131n\u0131f\u0131 sald\u0131r\u0131 denizalt\u0131s\u0131 ile <b data-path-to-node=\"2\" data-index-in-node=\"301\">Gugi<\/b> olarak bilinen iki casus denizalt\u0131s\u0131n\u0131n Atlas Okyanusu\u2019ndaki enerji boru hatlar\u0131 ve internet kablolar\u0131 \u00fczerinde faaliyet g\u00f6sterdi\u011fini a\u00e7\u0131klad\u0131.<\/p>\n<p data-path-to-node=\"3\"><b data-path-to-node=\"3\" data-index-in-node=\"0\">BBC<\/b>\u2019nin aktard\u0131\u011f\u0131 bilgilere g\u00f6re, operasyon s\u00fcresince Rus gemileri Birle\u015fik Krall\u0131k ve m\u00fcttefikleri taraf\u0131ndan <b data-path-to-node=\"3\" data-index-in-node=\"111\">7\/24<\/b> esas\u0131na g\u00f6re izlendi. <b data-path-to-node=\"3\" data-index-in-node=\"138\">Savunma Bakan\u0131 Healey<\/b>, altyap\u0131da herhangi bir hasar tespit edilmedi\u011fini ancak bu t\u00fcr giri\u015fimlerin asla tolere edilmeyece\u011fini vurgulad\u0131.<\/p>\n<h4 data-path-to-node=\"4\"><b data-path-to-node=\"4\" data-index-in-node=\"0\">Putin&#8217;e sert mesaj: Sizi g\u00f6r\u00fcyoruz<\/b><\/h4>\n<p data-path-to-node=\"5\">\u0130ngiliz h\u00fck\u00fcmeti, operasyonun de\u015fifre edilmesiyle birlikte Rusya Devlet Ba\u015fkan\u0131 <b data-path-to-node=\"5\" data-index-in-node=\"80\">Vladimir Putin<\/b>\u2019e do\u011frudan bir mesaj g\u00f6nderdi. <b data-path-to-node=\"5\" data-index-in-node=\"126\">Savunma Bakan\u0131 Healey<\/b>, &#8220;Kablolar\u0131m\u0131z ve boru hatlar\u0131m\u0131z \u00fczerindeki faaliyetlerinizi g\u00f6r\u00fcyoruz; bunlara zarar verme giri\u015fiminin ciddi sonu\u00e7lar\u0131 olacakt\u0131r&#8221; ifadelerini kulland\u0131.<\/p><div id=\"briti-3097797577\" class=\"briti-icerik\" style=\"margin-top: 5px;margin-bottom: 5px;\"><a href=\"https:\/\/piaryum.com\/services\/\" aria-label=\"piaryum banner\"><img loading=\"lazy\" decoding=\"async\" src=\"https:\/\/by-tv.co.uk\/wp-content\/uploads\/2025\/12\/Gemini_Generated_Image_g5yqr1g5yqr1g5yq.jpg\" alt=\"\"  width=\"2064\" height=\"1152\"   \/><\/a><\/div>\n<p data-path-to-node=\"6\">Ba\u015fbakan <b data-path-to-node=\"6\" data-index-in-node=\"9\">Keir Starmer<\/b> da konuya ili\u015fkin yapt\u0131\u011f\u0131 a\u00e7\u0131klamada, Birle\u015fik Krall\u0131k\u2019\u0131n ulusal ve ekonomik g\u00fcvenli\u011fini korumak i\u00e7in harekete ge\u00e7mekten \u00e7ekinmeyeceklerini belirtti. <b data-path-to-node=\"6\" data-index-in-node=\"172\">Starmer<\/b>, \u0130ngiliz halk\u0131n\u0131n Rus sald\u0131rganl\u0131\u011f\u0131n\u0131n bedelini faturalar\u0131yla \u00f6dememesi konusunda kararl\u0131 olduklar\u0131n\u0131 dile getirdi.<\/p>\n<h4 data-path-to-node=\"7\"><b data-path-to-node=\"7\" data-index-in-node=\"0\">Savunma b\u00fct\u00e7esinde rekor art\u0131\u015f<\/b><\/h4>\n<p data-path-to-node=\"8\">Rusya\u2019dan gelen tehditlerin son d\u00f6nemde <b data-path-to-node=\"8\" data-index-in-node=\"40\">%30<\/b> oran\u0131nda artmas\u0131 \u00fczerine Birle\u015fik Krall\u0131k, savunma kapasitesini art\u0131rma karar\u0131 ald\u0131. H\u00fck\u00fcmet, denizalt\u0131 avc\u0131 u\u00e7aklar\u0131 i\u00e7in ek <b data-path-to-node=\"8\" data-index-in-node=\"170\">100 milyon sterlin<\/b> yat\u0131r\u0131m yapaca\u011f\u0131n\u0131 ve &#8220;Atlantic Bastion&#8221; program\u0131n\u0131 ba\u015flataca\u011f\u0131n\u0131 duyurdu.<\/p>\n<p data-path-to-node=\"9\">Bu ad\u0131m\u0131n, So\u011fuk Sava\u015f\u2019tan bu yana savunma harcamalar\u0131ndaki en b\u00fcy\u00fck art\u0131\u015f\u0131n bir par\u00e7as\u0131 oldu\u011fu ve askeri yat\u0131r\u0131mlar\u0131n <b data-path-to-node=\"9\" data-index-in-node=\"119\">2027<\/b> y\u0131l\u0131na kadar GSYH&#8217;nin <b data-path-to-node=\"9\" data-index-in-node=\"146\">%2,6<\/b>&#8216;s\u0131na ula\u015faca\u011f\u0131 kaydedildi. Birle\u015fik Krall\u0131k&#8217;\u0131n internet trafi\u011finin <b data-path-to-node=\"9\" data-index-in-node=\"218\">%90<\/b>&#8216;\u0131ndan fazlas\u0131n\u0131n ge\u00e7ti\u011fi deniz alt\u0131 kablolar\u0131, \u00fclke g\u00fcvenli\u011fi i\u00e7in stratejik \u00f6neme sahip olmaya devam ediyor.<\/p>\n<\/div>\n<div id=\"briti-2107599879\" class=\"briti-icerikten-sonra_2\" style=\"margin-top: 25px;margin-bottom: 25px;\"><a href=\"https:\/\/wa.me\/message\/NDZLLIOQT4H3O1\" aria-label=\"bytv reklam banner\"><img loading=\"lazy\" decoding=\"async\" src=\"https:\/\/by-tv.co.uk\/wp-content\/uploads\/2025\/12\/bytv-reklam-banner.jpg\" alt=\"\"  width=\"2376\" height=\"1008\"   \/><\/a><\/div>","protected":false},"excerpt":{"rendered":"<p>Kritik altyap\u0131 \u00fczerinde bir ay s\u00fcren takip Birle\u015fik Krall\u0131k karasular\u0131 ve m\u00fcnhas\u0131r ekonomik b\u00f6lgesi \u00e7evresinde, Rusya&#8217;ya ait denizalt\u0131lar\u0131n bir ay boyunca y\u00fcr\u00fctt\u00fc\u011f\u00fc gizli operasyonun ayr\u0131nt\u0131lar\u0131 kamuoyuyla payla\u015f\u0131ld\u0131. Downing Street\u2019te d\u00fczenlenen bas\u0131n toplant\u0131s\u0131nda konu\u015fan Savunma Bakan\u0131 John Healey, bir Akula s\u0131n\u0131f\u0131 sald\u0131r\u0131 denizalt\u0131s\u0131 ile Gugi olarak bilinen iki casus denizalt\u0131s\u0131n\u0131n Atlas Okyanusu\u2019ndaki enerji boru hatlar\u0131 ve internet kablolar\u0131 \u00fczerinde faaliyet g\u00f6sterdi\u011fini a\u00e7\u0131klad\u0131. BBC\u2019nin aktard\u0131\u011f\u0131 bilgilere g\u00f6re, operasyon s\u00fcresince Rus gemileri Birle\u015fik Krall\u0131k ve m\u00fcttefikleri taraf\u0131ndan 7\/24 esas\u0131na g\u00f6re izlendi. Savunma Bakan\u0131 Healey, altyap\u0131da herhangi bir hasar tespit edilmedi\u011fini ancak bu t\u00fcr giri\u015fimlerin asla tolere edilmeyece\u011fini vurgulad\u0131. Putin&#8217;e sert mesaj: Sizi g\u00f6r\u00fcyoruz [&hellip;]<\/p>\n","protected":false},"author":11,"featured_media":36952,"comment_status":"open","ping_status":"open","sticky":false,"template":"","format":"standard","meta":{"ngg_post_thumbnail":0,"footnotes":""},"categories":[5269,15],"tags":[],"class_list":["post-38517","post","type-post","status-publish","format-standard","has-post-thumbnail","hentry","category-birlesik-krallik","category-ingiltere"],"_links":{"self":[{"href":"https:\/\/by-tv.co.uk\/en\/wp-json\/wp\/v2\/posts\/38517","targetHints":{"allow":["GET"]}}],"collection":[{"href":"https:\/\/by-tv.co.uk\/en\/wp-json\/wp\/v2\/posts"}],"about":[{"href":"https:\/\/by-tv.co.uk\/en\/wp-json\/wp\/v2\/types\/post"}],"author":[{"embeddable":true,"href":"https:\/\/by-tv.co.uk\/en\/wp-json\/wp\/v2\/users\/11"}],"replies":[{"embeddable":true,"href":"https:\/\/by-tv.co.uk\/en\/wp-json\/wp\/v2\/comments?post=38517"}],"version-history":[{"count":2,"href":"https:\/\/by-tv.co.uk\/en\/wp-json\/wp\/v2\/posts\/38517\/revisions"}],"predecessor-version":[{"id":38519,"href":"https:\/\/by-tv.co.uk\/en\/wp-json\/wp\/v2\/posts\/38517\/revisions\/38519"}],"wp:featuredmedia":[{"embeddable":true,"href":"https:\/\/by-tv.co.uk\/en\/wp-json\/wp\/v2\/media\/36952"}],"wp:attachment":[{"href":"https:\/\/by-tv.co.uk\/en\/wp-json\/wp\/v2\/media?parent=38517"}],"wp:term":[{"taxonomy":"category","embeddable":true,"href":"https:\/\/by-tv.co.uk\/en\/wp-json\/wp\/v2\/categories?post=38517"},{"taxonomy":"post_tag","embeddable":true,"href":"https:\/\/by-tv.co.uk\/en\/wp-json\/wp\/v2\/tags?post=38517"}],"curies":[{"name":"wp","href":"https:\/\/api.w.org\/{rel}","templated":true}]}}