{"id":38502,"date":"2026-04-09T11:29:47","date_gmt":"2026-04-09T10:29:47","guid":{"rendered":"https:\/\/by-tv.co.uk\/?p=38502"},"modified":"2026-04-09T11:32:54","modified_gmt":"2026-04-09T10:32:54","slug":"greymore-ortagi-av-evren-celik-ingiliz-sirketler-turkiyeyi-daha-yakindan-incelemeye-basladi","status":"publish","type":"post","link":"https:\/\/by-tv.co.uk\/en\/greymore-ortagi-av-evren-celik-ingiliz-sirketler-turkiyeyi-daha-yakindan-incelemeye-basladi\/","title":{"rendered":"Greymore Orta\u011f\u0131 Av. Evren \u00c7elik:\u00a0 \u0130ngiliz \u015firketler T\u00fcrkiye\u2019yi daha yak\u0131ndan incelemeye ba\u015flad\u0131"},"content":{"rendered":"<p><span style=\"font-weight: 400;\">Avukat Evren \u00c7elik; Orta Do\u011fu\u2019daki risk alg\u0131s\u0131n\u0131n artmas\u0131yla birlikte yat\u0131r\u0131mc\u0131lar\u0131n alternatif pazarlara y\u00f6neldi\u011fini s\u00f6yledi.<\/span><\/p>\n<p><span style=\"font-weight: 400;\">EKOT\u00dcRK\u2019te Tu\u011fba \u00d6zay\u2019\u0131n sundu\u011fu St\u00fcdyo Avrupa program\u0131nda konu\u015fan <\/span><b>T\u00fcrk \u0130ngiliz Ticaret Odas\u0131 Y\u00f6netim Kurulu \u00dcyesi ve <a href=\"https:\/\/www.greymore.com\/\" target=\"_blank\" rel=\"noopener\">Greymore<\/a> Hukuk Ofisi Orta\u011f\u0131 Avukat Evren \u00c7elik<\/b><span style=\"font-weight: 400;\">, T\u00fcrkiye ile \u0130ngiltere aras\u0131ndaki ticari ili\u015fkilerin son y\u0131llarda g\u00fc\u00e7lendi\u011fini ve mevcut jeopolitik geli\u015fmelerin yeni f\u0131rsatlar do\u011furabilece\u011fini belirtti.<\/span><\/p>\n<p><span style=\"font-weight: 400;\">\u00c7elik, k\u00fcresel \u00f6l\u00e7ekte ya\u015fanan krizlerin ve Orta Do\u011fu\u2019daki belirsizli\u011fin yat\u0131r\u0131m rotalar\u0131n\u0131 de\u011fi\u015ftirdi\u011fine dikkat \u00e7ekerek, \u201cT\u00fcrkiye sava\u015f\u0131n merkezinde de\u011fil ancak yak\u0131n\u0131nda. Bu durum baz\u0131 riskler bar\u0131nd\u0131rsa da ayn\u0131 zamanda yat\u0131r\u0131m a\u00e7\u0131s\u0131ndan avantaj yaratabilir\u201d dedi.<\/span><\/p><div id=\"briti-2978850593\" class=\"briti-icerik\" style=\"margin-top: 5px;margin-bottom: 5px;\"><a href=\"https:\/\/piaryum.com\/services\/\" aria-label=\"piaryum banner\"><img loading=\"lazy\" decoding=\"async\" src=\"https:\/\/by-tv.co.uk\/wp-content\/uploads\/2025\/12\/Gemini_Generated_Image_g5yqr1g5yqr1g5yq.jpg\" alt=\"\"  width=\"2064\" height=\"1152\"   \/><\/a><\/div>\n<h4><b>Kriz ortam\u0131 yeni f\u0131rsatlar do\u011furuyor<\/b><\/h4>\n<p><span style=\"font-weight: 400;\">\u00c7elik yapt\u0131\u011f\u0131 de\u011ferlendirmede, \u00f6zellikle Orta Do\u011fu\u2019daki risk alg\u0131s\u0131n\u0131n artmas\u0131yla birlikte yat\u0131r\u0131mc\u0131lar\u0131n alternatif pazarlara y\u00f6neldi\u011fini s\u00f6yledi. <\/span><a href=\"https:\/\/by-tv.co.uk\/en\/?s=evren+%C3%A7elik\"><b>Evren \u00c7elik<\/b><\/a><span style=\"font-weight: 400;\">, \u0130ngiliz \u015firketlerin T\u00fcrkiye\u2019yi daha yak\u0131ndan incelemeye ba\u015flad\u0131\u011f\u0131n\u0131 ifade ederek, \u201cOrta Do\u011fu\u2019daki prestij kayb\u0131 sonras\u0131 T\u00fcrkiye \u00f6ne \u00e7\u0131k\u0131yor. Bu s\u00fcre\u00e7 do\u011fru y\u00f6netilirse avantaj sa\u011flayabilir\u201d diye konu\u015ftu.<\/span><\/p>\n<p><span style=\"font-weight: 400;\">H\u00fcrm\u00fcz Bo\u011faz\u0131\u2019nda ya\u015fanan geli\u015fmelerin k\u00fcresel ticareti olumsuz etkiledi\u011fini belirten \u00c7elik, enerji ve lojistik maliyetlerindeki art\u0131\u015f\u0131n fiyatlara yans\u0131yaca\u011f\u0131n\u0131 ancak T\u00fcrkiye ekonomisinin bu s\u00fcreci s\u0131n\u0131rl\u0131 bir daralma ile y\u00f6netebilece\u011fini s\u00f6yledi.<\/span><\/p>\n<p><img loading=\"lazy\" decoding=\"async\" class=\"alignnone size-full wp-image-38504\" src=\"https:\/\/by-tv.co.uk\/wp-content\/uploads\/2026\/04\/ekoturk-evren-celik-tugba-ozay.jpeg\" alt=\"\" width=\"1600\" height=\"900\" title=\"\"><\/p>\n<h4><b>Ticaret hacmi b\u00fcy\u00fcyor<\/b><\/h4>\n<p><span style=\"font-weight: 400;\">T\u00fcrkiye ile \u0130ngiltere aras\u0131ndaki ticaret hacmi \u015fu anda en y\u00fcksek seviyesinde olud\u011funu ifade eden Evren \u00c7elik; \u201cHizmet sekt\u00f6r\u00fcn\u00fcn de dahil edilmesiyle birlikte ticari ili\u015fkilerin daha da derinle\u015fmesi bekleniyor\u201d dedi.<\/span><\/p>\n<p><span style=\"font-weight: 400;\">\u00d6zellikle g\u00fcncellenmesi planlanan <\/span><b>Serbest Ticaret Anla\u015fmas\u0131<\/b><span style=\"font-weight: 400;\"> kapsam\u0131nda hizmet sekt\u00f6r\u00fcn\u00fcn dahil edilmesi, teknoloji, finans, hukuk ve mimarl\u0131k gibi alanlarda T\u00fcrk firmalar\u0131na yeni f\u0131rsatlar sunacak.<\/span><\/p>\n<h4><b>\u0130ngiltere; d\u00fcnyaya a\u00e7\u0131lmak isteyen T\u00fcrk \u015firketleri i\u00e7in test pazar\u0131<\/b><\/h4>\n<p><span style=\"font-weight: 400;\">\u00c7elik, \u0130ngiltere\u2019nin k\u00fcresel \u00f6l\u00e7ekte \u00f6nemli bir finans merkezi oldu\u011funu belirterek, T\u00fcrk \u015firketleri i\u00e7in \u00f6zellikle teknoloji alan\u0131nda bir \u201ctest pazar\u0131\u201d i\u015flevi g\u00f6rd\u00fc\u011f\u00fcn\u00fc s\u00f6yledi. ABD ile k\u0131yasland\u0131\u011f\u0131nda daha d\u00fc\u015f\u00fck risk ve daha eri\u015filebilir bir yap\u0131 sundu\u011funu ifade etti.<\/span><\/p>\n<div id=\"attachment_34886\" style=\"width: 2026px\" class=\"wp-caption alignnone\"><img loading=\"lazy\" decoding=\"async\" aria-describedby=\"caption-attachment-34886\" class=\"size-full wp-image-34886\" src=\"https:\/\/by-tv.co.uk\/wp-content\/uploads\/2025\/12\/TR-UK.jpg\" alt=\"\" width=\"2016\" height=\"1134\" title=\"\"><p id=\"caption-attachment-34886\" class=\"wp-caption-text\">@bytvcouk<\/p><\/div>\n<p><span style=\"font-weight: 400;\">T\u00fcrk \u015firketlerinin \u0130ngiltere\u2019de \u015firket kurmas\u0131n\u0131n art\u0131k olduk\u00e7a kolay oldu\u011funa dikkat \u00e7eken \u00c7elik, \u201c24 saat i\u00e7inde \u015firket kurulabiliyor. \u00dcretim T\u00fcrkiye\u2019de kal\u0131rken sat\u0131\u015f ve finans \u0130ngiltere \u00fczerinden y\u00fcr\u00fct\u00fclebilir\u201d dedi.<\/span><\/p>\n<h4><b>KOB\u0130\u2019lere \u201chibrit model\u201d \u00f6nerisi<\/b><\/h4>\n<p><span style=\"font-weight: 400;\">T\u00fcrk \u015firketlerine \u201chibrit model\u201d \u00f6neren \u00c7elik, \u00fcretimin T\u00fcrkiye\u2019de kalmas\u0131, sat\u0131\u015f ve finansal yap\u0131lanman\u0131n ise \u0130ngiltere\u2019de kurulmas\u0131n\u0131n k\u00e2rl\u0131l\u0131\u011f\u0131 art\u0131rabilece\u011fini ifade etti. Bu modelin d\u00f6viz bazl\u0131 gelir avantaj\u0131 sa\u011flad\u0131\u011f\u0131n\u0131 vurgulad\u0131.<\/span><\/p>\n<p><span style=\"font-weight: 400;\">Ancak \u0130ngiltere\u2019de faaliyet g\u00f6stermek isteyen \u015firketlerin <\/span><b>hukuki ve finansal uyumluluk<\/b><span style=\"font-weight: 400;\"> konular\u0131na dikkat etmesi gerekti\u011fini belirten \u00c7elik, profesyonel dan\u0131\u015fmanl\u0131k al\u0131nmas\u0131n\u0131n kritik oldu\u011funu s\u00f6yledi.<\/span><\/p>\n<h4><b>\u015eirketlere haz\u0131rl\u0131k \u00e7a\u011fr\u0131s\u0131<\/b><\/h4>\n<p><span style=\"font-weight: 400;\">Yurt d\u0131\u015f\u0131na a\u00e7\u0131lmak isteyen firmalar i\u00e7in \u00f6nemli tavsiyelerde bulunan \u00c7elik, en az <\/span><b>18 ayl\u0131k finansal haz\u0131rl\u0131k<\/b><span style=\"font-weight: 400;\">, g\u00fc\u00e7l\u00fc dijital altyap\u0131 ve profesyonel y\u00f6netim anlay\u0131\u015f\u0131n\u0131n ba\u015far\u0131 i\u00e7in belirleyici oldu\u011funu dile getirdi.<\/span><\/p>\n<p><span style=\"font-weight: 400;\">Ayr\u0131ca devlet destekleri ve te\u015fviklerin daha etkin kullan\u0131lmas\u0131n\u0131n \u00f6nemine dikkat \u00e7ekerek, \u201cDo\u011fru haz\u0131rl\u0131k yap\u0131l\u0131rsa \u0130ngiltere pazar\u0131 T\u00fcrk \u015firketleri i\u00e7in b\u00fcy\u00fck f\u0131rsatlar sunuyor\u201d dedi.<\/span><\/p>\n<p><span style=\"font-weight: 400;\">Programda, T\u00fcrkiye\u2019nin jeopolitik konumu ve \u00fcretim kapasitesi sayesinde \u00f6n\u00fcm\u00fczdeki d\u00f6nemde ticarette daha g\u00fc\u00e7l\u00fc bir konuma gelebilece\u011fi de\u011ferlendirmesi yap\u0131ld\u0131.<\/span><\/p>\n<p>&nbsp;<\/p>\n<div id=\"briti-4201943531\" class=\"briti-icerikten-sonra_2\" style=\"margin-top: 25px;margin-bottom: 25px;\"><a href=\"https:\/\/wa.me\/message\/NDZLLIOQT4H3O1\" aria-label=\"bytv reklam banner\"><img loading=\"lazy\" decoding=\"async\" src=\"https:\/\/by-tv.co.uk\/wp-content\/uploads\/2025\/12\/bytv-reklam-banner.jpg\" alt=\"\"  width=\"2376\" height=\"1008\"   \/><\/a><\/div>","protected":false},"excerpt":{"rendered":"<p>Avukat Evren \u00c7elik; Orta Do\u011fu\u2019daki risk alg\u0131s\u0131n\u0131n artmas\u0131yla birlikte yat\u0131r\u0131mc\u0131lar\u0131n alternatif pazarlara y\u00f6neldi\u011fini s\u00f6yledi. EKOT\u00dcRK\u2019te Tu\u011fba \u00d6zay\u2019\u0131n sundu\u011fu St\u00fcdyo Avrupa program\u0131nda konu\u015fan T\u00fcrk \u0130ngiliz Ticaret Odas\u0131 Y\u00f6netim Kurulu \u00dcyesi ve Greymore Hukuk Ofisi Orta\u011f\u0131 Avukat Evren \u00c7elik, T\u00fcrkiye ile \u0130ngiltere aras\u0131ndaki ticari ili\u015fkilerin son y\u0131llarda g\u00fc\u00e7lendi\u011fini ve mevcut jeopolitik geli\u015fmelerin yeni f\u0131rsatlar do\u011furabilece\u011fini belirtti. \u00c7elik, k\u00fcresel \u00f6l\u00e7ekte ya\u015fanan krizlerin ve Orta Do\u011fu\u2019daki belirsizli\u011fin yat\u0131r\u0131m rotalar\u0131n\u0131 de\u011fi\u015ftirdi\u011fine dikkat \u00e7ekerek, \u201cT\u00fcrkiye sava\u015f\u0131n merkezinde de\u011fil ancak yak\u0131n\u0131nda. Bu durum baz\u0131 riskler bar\u0131nd\u0131rsa da ayn\u0131 zamanda yat\u0131r\u0131m a\u00e7\u0131s\u0131ndan avantaj yaratabilir\u201d dedi. Kriz ortam\u0131 yeni f\u0131rsatlar do\u011furuyor \u00c7elik yapt\u0131\u011f\u0131 de\u011ferlendirmede, \u00f6zellikle Orta Do\u011fu\u2019daki risk alg\u0131s\u0131n\u0131n [&hellip;]<\/p>\n","protected":false},"author":11,"featured_media":38507,"comment_status":"open","ping_status":"open","sticky":false,"template":"","format":"standard","meta":{"ngg_post_thumbnail":0,"footnotes":""},"categories":[5269,15,2],"tags":[],"class_list":["post-38502","post","type-post","status-publish","format-standard","has-post-thumbnail","hentry","category-birlesik-krallik","category-ingiltere","category-is-dunyasi"],"_links":{"self":[{"href":"https:\/\/by-tv.co.uk\/en\/wp-json\/wp\/v2\/posts\/38502","targetHints":{"allow":["GET"]}}],"collection":[{"href":"https:\/\/by-tv.co.uk\/en\/wp-json\/wp\/v2\/posts"}],"about":[{"href":"https:\/\/by-tv.co.uk\/en\/wp-json\/wp\/v2\/types\/post"}],"author":[{"embeddable":true,"href":"https:\/\/by-tv.co.uk\/en\/wp-json\/wp\/v2\/users\/11"}],"replies":[{"embeddable":true,"href":"https:\/\/by-tv.co.uk\/en\/wp-json\/wp\/v2\/comments?post=38502"}],"version-history":[{"count":2,"href":"https:\/\/by-tv.co.uk\/en\/wp-json\/wp\/v2\/posts\/38502\/revisions"}],"predecessor-version":[{"id":38506,"href":"https:\/\/by-tv.co.uk\/en\/wp-json\/wp\/v2\/posts\/38502\/revisions\/38506"}],"wp:featuredmedia":[{"embeddable":true,"href":"https:\/\/by-tv.co.uk\/en\/wp-json\/wp\/v2\/media\/38507"}],"wp:attachment":[{"href":"https:\/\/by-tv.co.uk\/en\/wp-json\/wp\/v2\/media?parent=38502"}],"wp:term":[{"taxonomy":"category","embeddable":true,"href":"https:\/\/by-tv.co.uk\/en\/wp-json\/wp\/v2\/categories?post=38502"},{"taxonomy":"post_tag","embeddable":true,"href":"https:\/\/by-tv.co.uk\/en\/wp-json\/wp\/v2\/tags?post=38502"}],"curies":[{"name":"wp","href":"https:\/\/api.w.org\/{rel}","templated":true}]}}