{"id":3850,"date":"2020-03-06T13:46:16","date_gmt":"2020-03-06T10:46:16","guid":{"rendered":"https:\/\/by-tv.co.uk\/?p=3850"},"modified":"2020-03-06T19:34:21","modified_gmt":"2020-03-06T16:34:21","slug":"askim-kapismak-carpe-diem-semineri-londrada","status":"publish","type":"post","link":"https:\/\/by-tv.co.uk\/en\/askim-kapismak-carpe-diem-semineri-londrada\/","title":{"rendered":"A\u015fk\u0131m Kap\u0131\u015fmak &#8211; Carpe Diem Semineri Londra&#8217;da"},"content":{"rendered":"<p>Avrupa&#8217;da ve T\u00fcrkiye&#8217;de &#8220;Elma Dersem \u00c7\u0131k&#8221; ve &#8220;\u0130li\u015fkiler Komedisi&#8221; gibi daha \u00f6nce yap\u0131lan g\u00f6sterileri \u00e7ok b\u00fcy\u00fck ilgi g\u00f6ren\u00a0 A\u015fk\u0131m Kap\u0131\u015fmak Londra`da yeni semineri olan &#8220;Carpe Diem&#8221; le hayranlar\u0131n\u0131n kar\u015f\u0131s\u0131na \u00e7\u0131kacak.<\/p>\n<p>Onlarca kitap yazan, kisisel geli\u015fim konusunda yol g\u00f6steren, yazar, ya\u015fam ko\u00e7u ve davran\u0131\u015f bilimleri uzman\u0131 olan A\u015fk\u0131m Kap\u0131\u015fmak son y\u0131llarda \u00e7ok ba\u015far\u0131l\u0131 tek ki\u015filik canl\u0131 sahne s\u00f6yle\u015fileri ve g\u00f6sterileri ile binlerce izleyici taraf\u0131ndan takip ediliyor.<\/p>\n<p><img loading=\"lazy\" decoding=\"async\" class=\"size-full wp-image-3851 aligncenter\" src=\"https:\/\/by-tv.co.uk\/wp-content\/uploads\/2020\/03\/As\u0327k\u0131m-Kap\u0131s\u0327mak.jpg\" alt=\"\" width=\"1200\" height=\"628\" title=\"\"><\/p>\n<p>A\u015fk\u0131m Kap\u0131\u015fmak<br \/>\n&#8220;\u0130nsan en \u00e7ok an\u2019 dad\u0131r, onu da an\u2019 lamaz.<br \/>\nB\u0131rak\u0131n ge\u00e7mi\u015fi ve gelece\u011fi, Carpe Diem ile ger\u00e7e\u011fin \u015fimdide, an\u2019 da oldu\u011funu ke\u015ffedin\u2026<br \/>\nAn\u2019 dan uzakla\u015f\u0131p ge\u00e7mi\u015fe ve gelece\u011fe esir olmaktan kurtulun\u2026<br \/>\n\u0130yi bir ya\u015fam i\u00e7in,<br \/>\nAn\u2019 da sa\u011fl\u0131kl\u0131 ili\u015fkiler i\u00e7in,<br \/>\nYava\u015flamak i\u00e7in,<br \/>\nBize kat\u0131l\u0131n!&#8221;\u00a0 s\u00f6zleriyle Birle\u015fik Krall\u0131k&#8217;taki hayranlar\u0131n\u0131 &#8216;<a href=\"https:\/\/www.facebook.com\/events\/2765219533565964\/\" target=\"_blank\" rel=\"noopener\">&#8216;Carpe Diem&#8221;<\/a> seminerine davet ediyor.<\/p><div id=\"briti-235237009\" class=\"briti-icerik\" style=\"margin-top: 5px;margin-bottom: 5px;\"><a href=\"https:\/\/piaryum.com\/services\/\" aria-label=\"piaryum banner\"><img loading=\"lazy\" decoding=\"async\" src=\"https:\/\/by-tv.co.uk\/wp-content\/uploads\/2025\/12\/Gemini_Generated_Image_g5yqr1g5yqr1g5yq.jpg\" alt=\"\"  width=\"2064\" height=\"1152\"   \/><\/a><\/div>\n<p>AnneleR G\u00fcn\u00fc ile ayn\u0131 tarihe denk gelen etkinlik <a href=\"https:\/\/www.facebook.com\/sectoralevents\/\" target=\"_blank\" rel=\"noopener noreferrer\">Sectoral Events<\/a> ve \u0130ngilteredeki Ca\u011fda\u015f T\u00fcrkler Facebook Grubu taraf\u0131ndan organize ediliyor.<\/p>\n<p>Detayl\u0131 Bilgi ve \u0130leti\u015fim i\u00e7in <a href=\"https:\/\/www.facebook.com\/events\/2765219533565964\/\" target=\"_blank\" rel=\"noopener\">T\u0131klay\u0131n\u0131z.<\/a><\/p>\n<p>&nbsp;<\/p>\n<div id=\"briti-729690116\" class=\"briti-icerikten-sonra_2\" style=\"margin-top: 25px;margin-bottom: 25px;\"><a href=\"https:\/\/wa.me\/message\/NDZLLIOQT4H3O1\" aria-label=\"bytv reklam banner\"><img loading=\"lazy\" decoding=\"async\" src=\"https:\/\/by-tv.co.uk\/wp-content\/uploads\/2025\/12\/bytv-reklam-banner.jpg\" alt=\"\"  width=\"2376\" height=\"1008\"   \/><\/a><\/div>","protected":false},"excerpt":{"rendered":"<p>Avrupa&#8217;da ve T\u00fcrkiye&#8217;de &#8220;Elma Dersem \u00c7\u0131k&#8221; ve &#8220;\u0130li\u015fkiler Komedisi&#8221; gibi daha \u00f6nce yap\u0131lan g\u00f6sterileri \u00e7ok b\u00fcy\u00fck ilgi g\u00f6ren\u00a0 A\u015fk\u0131m Kap\u0131\u015fmak Londra`da yeni semineri olan &#8220;Carpe Diem&#8221; le hayranlar\u0131n\u0131n kar\u015f\u0131s\u0131na \u00e7\u0131kacak. Onlarca kitap yazan, kisisel geli\u015fim konusunda yol g\u00f6steren, yazar, ya\u015fam ko\u00e7u ve davran\u0131\u015f bilimleri uzman\u0131 olan A\u015fk\u0131m Kap\u0131\u015fmak son y\u0131llarda \u00e7ok ba\u015far\u0131l\u0131 tek ki\u015filik canl\u0131 sahne s\u00f6yle\u015fileri ve g\u00f6sterileri ile binlerce izleyici taraf\u0131ndan takip ediliyor. A\u015fk\u0131m Kap\u0131\u015fmak &#8220;\u0130nsan en \u00e7ok an\u2019 dad\u0131r, onu da an\u2019 lamaz. B\u0131rak\u0131n ge\u00e7mi\u015fi ve gelece\u011fi, Carpe Diem ile ger\u00e7e\u011fin \u015fimdide, an\u2019 da oldu\u011funu ke\u015ffedin\u2026 An\u2019 dan uzakla\u015f\u0131p ge\u00e7mi\u015fe ve gelece\u011fe esir olmaktan kurtulun\u2026 \u0130yi bir [&hellip;]<\/p>\n","protected":false},"author":1,"featured_media":3865,"comment_status":"open","ping_status":"open","sticky":false,"template":"","format":"standard","meta":{"ngg_post_thumbnail":0,"footnotes":""},"categories":[1,3],"tags":[776,774,775],"class_list":["post-3850","post","type-post","status-publish","format-standard","has-post-thumbnail","hentry","category-genel","category-yasam","tag-an","tag-askim-kapismak","tag-carpe-diem"],"_links":{"self":[{"href":"https:\/\/by-tv.co.uk\/en\/wp-json\/wp\/v2\/posts\/3850","targetHints":{"allow":["GET"]}}],"collection":[{"href":"https:\/\/by-tv.co.uk\/en\/wp-json\/wp\/v2\/posts"}],"about":[{"href":"https:\/\/by-tv.co.uk\/en\/wp-json\/wp\/v2\/types\/post"}],"author":[{"embeddable":true,"href":"https:\/\/by-tv.co.uk\/en\/wp-json\/wp\/v2\/users\/1"}],"replies":[{"embeddable":true,"href":"https:\/\/by-tv.co.uk\/en\/wp-json\/wp\/v2\/comments?post=3850"}],"version-history":[{"count":0,"href":"https:\/\/by-tv.co.uk\/en\/wp-json\/wp\/v2\/posts\/3850\/revisions"}],"wp:featuredmedia":[{"embeddable":true,"href":"https:\/\/by-tv.co.uk\/en\/wp-json\/wp\/v2\/media\/3865"}],"wp:attachment":[{"href":"https:\/\/by-tv.co.uk\/en\/wp-json\/wp\/v2\/media?parent=3850"}],"wp:term":[{"taxonomy":"category","embeddable":true,"href":"https:\/\/by-tv.co.uk\/en\/wp-json\/wp\/v2\/categories?post=3850"},{"taxonomy":"post_tag","embeddable":true,"href":"https:\/\/by-tv.co.uk\/en\/wp-json\/wp\/v2\/tags?post=3850"}],"curies":[{"name":"wp","href":"https:\/\/api.w.org\/{rel}","templated":true}]}}