{"id":38469,"date":"2026-04-08T16:08:53","date_gmt":"2026-04-08T15:08:53","guid":{"rendered":"https:\/\/by-tv.co.uk\/?p=38469"},"modified":"2026-04-08T13:35:54","modified_gmt":"2026-04-08T12:35:54","slug":"reform-ukun-vize-restine-tepki-farage-trumpi-taklit-ediyor","status":"publish","type":"post","link":"https:\/\/by-tv.co.uk\/en\/reform-ukun-vize-restine-tepki-farage-trumpi-taklit-ediyor\/","title":{"rendered":"Reform UK\u2019un Vize Restine Tepki: &#8220;Farage Trump\u2019\u0131 Taklit Ediyor&#8221;"},"content":{"rendered":"<div id=\"model-response-message-contentr_f26e33117d5f733e\" class=\"markdown markdown-main-panel enable-updated-hr-color\" dir=\"ltr\" aria-live=\"polite\" aria-busy=\"false\">\n<h4 data-path-to-node=\"1\"><b data-path-to-node=\"1\" data-index-in-node=\"0\">\u0130ngiltere\u2019nin izolasyonu uyar\u0131s\u0131<\/b><\/h4>\n<p data-path-to-node=\"2\"><b data-path-to-node=\"2\" data-index-in-node=\"0\">The Guardian<\/b>\u2019\u0131n haberine g\u00f6re, <b data-path-to-node=\"2\" data-index-in-node=\"31\">Reform UK<\/b> partisinin iktidara gelmeleri durumunda \u0130ngiltere\u2019den resmen k\u00f6lelik tazminat\u0131 talep eden \u00fclkelerin vatanda\u015flar\u0131na vize verilmesini durduracaklar\u0131n\u0131 a\u00e7\u0131klamas\u0131, \u0130ngiliz Milletler Toplulu\u011fu \u00fclkelerinde sert tepkiyle kar\u015f\u0131land\u0131. Bir\u00e7ok siyaset\u00e7i ve aktivist, bu hamlenin Birle\u015fik Krall\u0131k\u2019\u0131 d\u00fcnya sahnesinde yaln\u0131zla\u015ft\u0131raca\u011f\u0131 ve ekonomik zarar verece\u011fi konusunda uyard\u0131.<\/p>\n<p data-path-to-node=\"3\"><b data-path-to-node=\"3\" data-index-in-node=\"0\">Grenada Tazminat Komisyonu<\/b> Ba\u015fkan\u0131 <b data-path-to-node=\"3\" data-index-in-node=\"35\">Arley Gill<\/b>, partinin bu duru\u015funu &#8220;korkun\u00e7 bir bilgi eksikli\u011fi&#8221; olarak nitelendirerek, ge\u00e7mi\u015fte insanlar\u0131 s\u00f6m\u00fcrgele\u015ftirenlerin bug\u00fcn ayn\u0131 insanlara vize vermeyi bir ayr\u0131cal\u0131k olarak g\u00f6rmesinin kabul edilemez oldu\u011funu belirtti. Ge\u00e7ti\u011fimiz ay Birle\u015fmi\u015f Milletler Genel Kurulu, k\u00f6le ticareti ve k\u00f6leli\u011fi <b data-path-to-node=\"3\" data-index-in-node=\"335\">&#8220;insanl\u0131\u011fa kar\u015f\u0131 i\u015flenen en a\u011f\u0131r su\u00e7&#8221;<\/b> olarak tan\u0131mlayan bir karar\u0131 kabul etmi\u015fti.<\/p>\n<h4 data-path-to-node=\"4\"><b data-path-to-node=\"4\" data-index-in-node=\"0\">Farage\u2019a Trump benzetmesi<\/b><\/h4>\n<p data-path-to-node=\"5\">St. Vincent ve Grenadinler muhalefet lideri <b data-path-to-node=\"5\" data-index-in-node=\"44\">Ralph Gonsalves<\/b>, <b data-path-to-node=\"5\" data-index-in-node=\"61\">Nigel Farage<\/b>\u2019\u0131 &#8220;Donald Trump\u2019\u0131 taklit etmekle&#8221; ve yeni bir k\u00fclt\u00fcrel ayr\u0131\u015fma yaratmaya \u00e7al\u0131\u015fmakla su\u00e7lad\u0131. Gonsalves, Karayipler\u2019de tazminat savunuculu\u011fu yapan hi\u00e7 kimsenin bu t\u00fcr tehditlerle korkutulamayaca\u011f\u0131n\u0131 vurgulayarak, bu s\u00f6ylemlerin Britanya\u2019y\u0131 daha da izole edece\u011fini ifade etti.<\/p><div id=\"briti-3292866709\" class=\"briti-icerik\" style=\"margin-top: 5px;margin-bottom: 5px;\"><a href=\"https:\/\/piaryum.com\/services\/\" aria-label=\"piaryum banner\"><img loading=\"lazy\" decoding=\"async\" src=\"https:\/\/by-tv.co.uk\/wp-content\/uploads\/2025\/12\/Gemini_Generated_Image_g5yqr1g5yqr1g5yq.jpg\" alt=\"\"  width=\"2064\" height=\"1152\"   \/><\/a><\/div>\n<p data-path-to-node=\"6\"><b data-path-to-node=\"6\" data-index-in-node=\"0\">Reform UK<\/b>\u2019un eski y\u00f6neticilerinden <b data-path-to-node=\"6\" data-index-in-node=\"35\">Neville Watson<\/b> da partinin yeni politikas\u0131na kar\u015f\u0131 \u00e7\u0131karak, vize blokaj\u0131n\u0131n Birle\u015fik Krall\u0131k\u2019taki kalifiye eleman a\u00e7\u0131\u011f\u0131n\u0131 derinle\u015ftirece\u011fini ifade etti. \u00d6zellikle Brexit sonras\u0131 \u0130ngiltere; e\u011fitim, sa\u011fl\u0131k ve sosyal bak\u0131m gibi sekt\u00f6rlerdeki i\u015f g\u00fcc\u00fc ihtiyac\u0131n\u0131 kar\u015f\u0131lamak i\u00e7in eski s\u00f6m\u00fcrgeleri olan Afrika ve Karayip \u00fclkelerine y\u00f6nelmi\u015f durumda.<\/p>\n<h4 data-path-to-node=\"7\"><b data-path-to-node=\"7\" data-index-in-node=\"0\">\u0130\u015f\u00e7i Partisi ve h\u00fck\u00fcmetin duru\u015fu<\/b><\/h4>\n<p data-path-to-node=\"8\">\u0130\u015f\u00e7i Partisi milletvekili <b data-path-to-node=\"8\" data-index-in-node=\"26\">Bell Ribeiro-Addy<\/b>, <b data-path-to-node=\"8\" data-index-in-node=\"45\">Reform UK<\/b>\u2019un politikas\u0131n\u0131 &#8220;g\u00fcl\u00fcn\u00e7 bir provokasyon&#8221; olarak tan\u0131mlarken, tazminat adaletinin sadece para ile ilgili olmad\u0131\u011f\u0131n\u0131, as\u0131l talebin tarihi ger\u00e7eklerin kabul edilmesi oldu\u011funu belirtti. Bir di\u011fer \u0130\u015f\u00e7i Partisi milletvekili <b data-path-to-node=\"8\" data-index-in-node=\"273\">Clive Lewis<\/b> ise k\u00f6lelik d\u00f6neminde yakla\u015f\u0131k <b data-path-to-node=\"8\" data-index-in-node=\"316\">20 milyon<\/b> insan\u0131n hayat\u0131n\u0131 kaybetti\u011fini hat\u0131rlatarak, tarihin d\u00fcr\u00fcst\u00e7e kar\u015f\u0131lanmas\u0131 gerekti\u011fini s\u00f6yledi.<\/p>\n<p data-path-to-node=\"9\">Ba\u015fbakan <b data-path-to-node=\"9\" data-index-in-node=\"9\">Sir Keir Starmer<\/b> daha \u00f6nce nakdi tazminat \u00f6denmeyece\u011fini s\u00f6ylemi\u015f olsa da, h\u00fck\u00fcmet kaynaklar\u0131 finansal kurumlar\u0131n yeniden yap\u0131land\u0131r\u0131lmas\u0131 ve bor\u00e7 aff\u0131 gibi baz\u0131 <b data-path-to-node=\"9\" data-index-in-node=\"171\">&#8220;onar\u0131c\u0131 adalet&#8221;<\/b> bi\u00e7imlerine destek verilebilece\u011finin sinyalini veriyor. <b data-path-to-node=\"9\" data-index-in-node=\"244\">Nigel Farage<\/b> ise vize engelinin ge\u00e7mi\u015fe d\u00f6n\u00fck olmayaca\u011f\u0131n\u0131 savunarak partinin tutumunu s\u00fcrd\u00fcr\u00fcyor.<\/p>\n<\/div>\n<div id=\"briti-3051362855\" class=\"briti-icerikten-sonra_2\" style=\"margin-top: 25px;margin-bottom: 25px;\"><a href=\"https:\/\/wa.me\/message\/NDZLLIOQT4H3O1\" aria-label=\"bytv reklam banner\"><img loading=\"lazy\" decoding=\"async\" src=\"https:\/\/by-tv.co.uk\/wp-content\/uploads\/2025\/12\/bytv-reklam-banner.jpg\" alt=\"\"  width=\"2376\" height=\"1008\"   \/><\/a><\/div>","protected":false},"excerpt":{"rendered":"<p>\u0130ngiltere\u2019nin izolasyonu uyar\u0131s\u0131 The Guardian\u2019\u0131n haberine g\u00f6re, Reform UK partisinin iktidara gelmeleri durumunda \u0130ngiltere\u2019den resmen k\u00f6lelik tazminat\u0131 talep eden \u00fclkelerin vatanda\u015flar\u0131na vize verilmesini durduracaklar\u0131n\u0131 a\u00e7\u0131klamas\u0131, \u0130ngiliz Milletler Toplulu\u011fu \u00fclkelerinde sert tepkiyle kar\u015f\u0131land\u0131. Bir\u00e7ok siyaset\u00e7i ve aktivist, bu hamlenin Birle\u015fik Krall\u0131k\u2019\u0131 d\u00fcnya sahnesinde yaln\u0131zla\u015ft\u0131raca\u011f\u0131 ve ekonomik zarar verece\u011fi konusunda uyard\u0131. Grenada Tazminat Komisyonu Ba\u015fkan\u0131 Arley Gill, partinin bu duru\u015funu &#8220;korkun\u00e7 bir bilgi eksikli\u011fi&#8221; olarak nitelendirerek, ge\u00e7mi\u015fte insanlar\u0131 s\u00f6m\u00fcrgele\u015ftirenlerin bug\u00fcn ayn\u0131 insanlara vize vermeyi bir ayr\u0131cal\u0131k olarak g\u00f6rmesinin kabul edilemez oldu\u011funu belirtti. Ge\u00e7ti\u011fimiz ay Birle\u015fmi\u015f Milletler Genel Kurulu, k\u00f6le ticareti ve k\u00f6leli\u011fi &#8220;insanl\u0131\u011fa kar\u015f\u0131 i\u015flenen en a\u011f\u0131r su\u00e7&#8221; olarak tan\u0131mlayan bir karar\u0131 [&hellip;]<\/p>\n","protected":false},"author":11,"featured_media":33268,"comment_status":"open","ping_status":"open","sticky":false,"template":"","format":"standard","meta":{"ngg_post_thumbnail":0,"footnotes":""},"categories":[5269,15],"tags":[],"class_list":["post-38469","post","type-post","status-publish","format-standard","has-post-thumbnail","hentry","category-birlesik-krallik","category-ingiltere"],"_links":{"self":[{"href":"https:\/\/by-tv.co.uk\/en\/wp-json\/wp\/v2\/posts\/38469","targetHints":{"allow":["GET"]}}],"collection":[{"href":"https:\/\/by-tv.co.uk\/en\/wp-json\/wp\/v2\/posts"}],"about":[{"href":"https:\/\/by-tv.co.uk\/en\/wp-json\/wp\/v2\/types\/post"}],"author":[{"embeddable":true,"href":"https:\/\/by-tv.co.uk\/en\/wp-json\/wp\/v2\/users\/11"}],"replies":[{"embeddable":true,"href":"https:\/\/by-tv.co.uk\/en\/wp-json\/wp\/v2\/comments?post=38469"}],"version-history":[{"count":2,"href":"https:\/\/by-tv.co.uk\/en\/wp-json\/wp\/v2\/posts\/38469\/revisions"}],"predecessor-version":[{"id":38475,"href":"https:\/\/by-tv.co.uk\/en\/wp-json\/wp\/v2\/posts\/38469\/revisions\/38475"}],"wp:featuredmedia":[{"embeddable":true,"href":"https:\/\/by-tv.co.uk\/en\/wp-json\/wp\/v2\/media\/33268"}],"wp:attachment":[{"href":"https:\/\/by-tv.co.uk\/en\/wp-json\/wp\/v2\/media?parent=38469"}],"wp:term":[{"taxonomy":"category","embeddable":true,"href":"https:\/\/by-tv.co.uk\/en\/wp-json\/wp\/v2\/categories?post=38469"},{"taxonomy":"post_tag","embeddable":true,"href":"https:\/\/by-tv.co.uk\/en\/wp-json\/wp\/v2\/tags?post=38469"}],"curies":[{"name":"wp","href":"https:\/\/api.w.org\/{rel}","templated":true}]}}