{"id":38458,"date":"2026-04-08T12:48:46","date_gmt":"2026-04-08T11:48:46","guid":{"rendered":"https:\/\/by-tv.co.uk\/?p=38458"},"modified":"2026-04-08T11:44:25","modified_gmt":"2026-04-08T10:44:25","slug":"ingilterede-doktor-grevi-nhsden-tatil-uyarisi","status":"publish","type":"post","link":"https:\/\/by-tv.co.uk\/en\/ingilterede-doktor-grevi-nhsden-tatil-uyarisi\/","title":{"rendered":"\u0130ngiltere&#8217;de Doktor Grevi: NHS\u2019den Tatil Uyar\u0131s\u0131"},"content":{"rendered":"<div id=\"model-response-message-contentr_d2253046de62ebae\" class=\"markdown markdown-main-panel enable-updated-hr-color\" dir=\"ltr\" aria-live=\"polite\" aria-busy=\"false\">\n<h4 data-path-to-node=\"1\"><b data-path-to-node=\"1\" data-index-in-node=\"0\">Paskalya Tatilinde Personel S\u0131k\u0131nt\u0131s\u0131<\/b><\/h4>\n<p data-path-to-node=\"2\">\u0130ngiltere&#8217;de yerle\u015fik doktorlar\u0131n (resident doctors) ba\u015flatt\u0131\u011f\u0131 son grev dalgas\u0131, sa\u011fl\u0131k sisteminin zirvesinde tart\u0131\u015fmalara yol a\u00e7t\u0131. <b data-path-to-node=\"2\" data-index-in-node=\"134\">NHS England<\/b> \u0130cra Kurulu Ba\u015fkan\u0131 <b data-path-to-node=\"2\" data-index-in-node=\"166\">Sir Jim Mackey<\/b>, hastanelerin Paskalya tatili nedeniyle zaten k\u0131s\u0131tl\u0131 olan kadrolar\u0131n\u0131 grev s\u0131ras\u0131nda doldurmakta b\u00fcy\u00fck g\u00fc\u00e7l\u00fck \u00e7ekti\u011fini belirtti.<\/p>\n<p data-path-to-node=\"3\"><b data-path-to-node=\"3\" data-index-in-node=\"0\">The Guardian<\/b>\u2019\u0131n haberine g\u00f6re, <b data-path-to-node=\"3\" data-index-in-node=\"31\">British Medical Association (BMA)<\/b> \u00fcyesi binlerce doktor, h\u00fck\u00fcmetle ya\u015fanan maa\u015f ve \u00e7al\u0131\u015fma ko\u015fullar\u0131 anla\u015fmazl\u0131\u011f\u0131 nedeniyle \u00e7ar\u015famba g\u00fcn\u00fc grevin ikinci g\u00fcn\u00fcne girdi. <b data-path-to-node=\"3\" data-index-in-node=\"197\">Mart 2023<\/b>\u2019ten bu yana d\u00fczenlenen <b data-path-to-node=\"3\" data-index-in-node=\"230\">15. grev<\/b> olma \u00f6zelli\u011fini ta\u015f\u0131yan bu eylem, tarihteki en uzun s\u00fcreli i\u015f b\u0131rakma eylemi olarak kaydedildi.<\/p>\n<h4 data-path-to-node=\"4\"><b data-path-to-node=\"4\" data-index-in-node=\"0\">Maa\u015f Art\u0131\u015f\u0131 ve Geri Ad\u0131m \u0130ddialar\u0131<\/b><\/h4>\n<p data-path-to-node=\"5\"><b data-path-to-node=\"5\" data-index-in-node=\"0\">Sir Jim Mackey<\/b>, hastane y\u00f6neticilerine g\u00f6nderdi\u011fi mektupta, bu duru\u015fun bekleme s\u00fcrelerini iyile\u015ftirme hedeflerini sekteye u\u011fratt\u0131\u011f\u0131n\u0131 vurgulad\u0131. Mackey, personelin \u00fczerindeki bask\u0131n\u0131n artt\u0131\u011f\u0131n\u0131 belirterek, eylemin <b data-path-to-node=\"5\" data-index-in-node=\"214\">kaos yaratmak amac\u0131yla kas\u0131tl\u0131 olarak<\/b> tatil d\u00f6nemine denk getirildi\u011fini iddia etti.<\/p><div id=\"briti-1721789781\" class=\"briti-icerik\" style=\"margin-top: 5px;margin-bottom: 5px;\"><a href=\"https:\/\/piaryum.com\/services\/\" aria-label=\"piaryum banner\"><img loading=\"lazy\" decoding=\"async\" src=\"https:\/\/by-tv.co.uk\/wp-content\/uploads\/2025\/12\/Gemini_Generated_Image_g5yqr1g5yqr1g5yq.jpg\" alt=\"\"  width=\"2064\" height=\"1152\"   \/><\/a><\/div>\n<p data-path-to-node=\"6\">Grevin temelinde, <b data-path-to-node=\"6\" data-index-in-node=\"18\">BMA<\/b>\u2019n\u0131n h\u00fck\u00fcmeti daha \u00f6nce \u00fczerinde anla\u015f\u0131lan &#8220;kademeli maa\u015f art\u0131\u015f\u0131&#8221; plan\u0131ndan caymakla su\u00e7lamas\u0131 yat\u0131yor. Sendika, doktor maa\u015flar\u0131n\u0131n <b data-path-to-node=\"6\" data-index-in-node=\"153\">2008<\/b> y\u0131l\u0131ndan bu yana reel olarak a\u015f\u0131nmas\u0131 nedeniyle <b data-path-to-node=\"6\" data-index-in-node=\"206\">%26 oran\u0131nda bir art\u0131\u015f<\/b> talep ediyor. Sa\u011fl\u0131k Bakanl\u0131\u011f\u0131 ise yakla\u015f\u0131k <b data-path-to-node=\"6\" data-index-in-node=\"273\">700 milyon sterlin<\/b> tutar\u0131ndaki ek \u00f6demenin hemen de\u011fil, \u00f6n\u00fcm\u00fczdeki \u00fc\u00e7 y\u0131la yay\u0131larak yap\u0131lmas\u0131n\u0131 teklif ediyor.<\/p>\n<h4 data-path-to-node=\"7\"><b data-path-to-node=\"7\" data-index-in-node=\"0\">Hastanelerde Hizmet Kapasitesi<\/b><\/h4>\n<p data-path-to-node=\"8\">Grev \u015fartlar\u0131na ra\u011fmen <b data-path-to-node=\"8\" data-index-in-node=\"23\">NHS<\/b>, planl\u0131 bak\u0131mlar\u0131n en az <b data-path-to-node=\"8\" data-index-in-node=\"52\">%95<\/b>\u2019ini ger\u00e7ekle\u015ftirmeyi hedefliyor. Hastanelerin Paskalya tatili ve kapal\u0131 okullar nedeniyle personel bulmakta zorland\u0131\u011f\u0131n\u0131 hat\u0131rlatan Mackey, sa\u011fl\u0131k \u00e7al\u0131\u015fanlar\u0131na &#8220;\u00e7arklar\u0131 d\u00f6nd\u00fcrmek&#8221; i\u00e7in g\u00f6sterdikleri \u00e7abadan dolay\u0131 te\u015fekk\u00fcr etti.<\/p>\n<p data-path-to-node=\"9\"><b data-path-to-node=\"9\" data-index-in-node=\"0\">BMA<\/b> Yerle\u015fik Doktorlar Komitesi Ba\u015fkan\u0131 <b data-path-to-node=\"9\" data-index-in-node=\"40\">Dr. Jack Fletcher<\/b> ise m\u00fczakerelerin son iki haftaya kadar iyi gitti\u011fini ancak h\u00fck\u00fcmetin &#8220;kale direklerinin yerini de\u011fi\u015ftirmeye&#8221; ba\u015flamas\u0131yla s\u00fcrecin t\u0131kand\u0131\u011f\u0131n\u0131 ifade etti. Sa\u011fl\u0131k Bakan\u0131 <b data-path-to-node=\"9\" data-index-in-node=\"227\">Wes Streeting<\/b> ile sendika aras\u0131ndaki gerilimin nas\u0131l \u00e7\u00f6z\u00fclece\u011fi hen\u00fcz belirsizli\u011fini koruyor.<\/p>\n<\/div>\n<div id=\"briti-1579245104\" class=\"briti-icerikten-sonra_2\" style=\"margin-top: 25px;margin-bottom: 25px;\"><a href=\"https:\/\/wa.me\/message\/NDZLLIOQT4H3O1\" aria-label=\"bytv reklam banner\"><img loading=\"lazy\" decoding=\"async\" src=\"https:\/\/by-tv.co.uk\/wp-content\/uploads\/2025\/12\/bytv-reklam-banner.jpg\" alt=\"\"  width=\"2376\" height=\"1008\"   \/><\/a><\/div>","protected":false},"excerpt":{"rendered":"<p>Paskalya Tatilinde Personel S\u0131k\u0131nt\u0131s\u0131 \u0130ngiltere&#8217;de yerle\u015fik doktorlar\u0131n (resident doctors) ba\u015flatt\u0131\u011f\u0131 son grev dalgas\u0131, sa\u011fl\u0131k sisteminin zirvesinde tart\u0131\u015fmalara yol a\u00e7t\u0131. NHS England \u0130cra Kurulu Ba\u015fkan\u0131 Sir Jim Mackey, hastanelerin Paskalya tatili nedeniyle zaten k\u0131s\u0131tl\u0131 olan kadrolar\u0131n\u0131 grev s\u0131ras\u0131nda doldurmakta b\u00fcy\u00fck g\u00fc\u00e7l\u00fck \u00e7ekti\u011fini belirtti. The Guardian\u2019\u0131n haberine g\u00f6re, British Medical Association (BMA) \u00fcyesi binlerce doktor, h\u00fck\u00fcmetle ya\u015fanan maa\u015f ve \u00e7al\u0131\u015fma ko\u015fullar\u0131 anla\u015fmazl\u0131\u011f\u0131 nedeniyle \u00e7ar\u015famba g\u00fcn\u00fc grevin ikinci g\u00fcn\u00fcne girdi. Mart 2023\u2019ten bu yana d\u00fczenlenen 15. grev olma \u00f6zelli\u011fini ta\u015f\u0131yan bu eylem, tarihteki en uzun s\u00fcreli i\u015f b\u0131rakma eylemi olarak kaydedildi. Maa\u015f Art\u0131\u015f\u0131 ve Geri Ad\u0131m \u0130ddialar\u0131 Sir Jim Mackey, hastane y\u00f6neticilerine g\u00f6nderdi\u011fi [&hellip;]<\/p>\n","protected":false},"author":11,"featured_media":34706,"comment_status":"open","ping_status":"open","sticky":false,"template":"","format":"standard","meta":{"ngg_post_thumbnail":0,"footnotes":""},"categories":[5269,15,13],"tags":[],"class_list":["post-38458","post","type-post","status-publish","format-standard","has-post-thumbnail","hentry","category-birlesik-krallik","category-ingiltere","category-saglik"],"_links":{"self":[{"href":"https:\/\/by-tv.co.uk\/en\/wp-json\/wp\/v2\/posts\/38458","targetHints":{"allow":["GET"]}}],"collection":[{"href":"https:\/\/by-tv.co.uk\/en\/wp-json\/wp\/v2\/posts"}],"about":[{"href":"https:\/\/by-tv.co.uk\/en\/wp-json\/wp\/v2\/types\/post"}],"author":[{"embeddable":true,"href":"https:\/\/by-tv.co.uk\/en\/wp-json\/wp\/v2\/users\/11"}],"replies":[{"embeddable":true,"href":"https:\/\/by-tv.co.uk\/en\/wp-json\/wp\/v2\/comments?post=38458"}],"version-history":[{"count":1,"href":"https:\/\/by-tv.co.uk\/en\/wp-json\/wp\/v2\/posts\/38458\/revisions"}],"predecessor-version":[{"id":38461,"href":"https:\/\/by-tv.co.uk\/en\/wp-json\/wp\/v2\/posts\/38458\/revisions\/38461"}],"wp:featuredmedia":[{"embeddable":true,"href":"https:\/\/by-tv.co.uk\/en\/wp-json\/wp\/v2\/media\/34706"}],"wp:attachment":[{"href":"https:\/\/by-tv.co.uk\/en\/wp-json\/wp\/v2\/media?parent=38458"}],"wp:term":[{"taxonomy":"category","embeddable":true,"href":"https:\/\/by-tv.co.uk\/en\/wp-json\/wp\/v2\/categories?post=38458"},{"taxonomy":"post_tag","embeddable":true,"href":"https:\/\/by-tv.co.uk\/en\/wp-json\/wp\/v2\/tags?post=38458"}],"curies":[{"name":"wp","href":"https:\/\/api.w.org\/{rel}","templated":true}]}}