{"id":38413,"date":"2026-04-06T15:08:01","date_gmt":"2026-04-06T14:08:01","guid":{"rendered":"https:\/\/by-tv.co.uk\/?p=38413"},"modified":"2026-04-06T12:42:06","modified_gmt":"2026-04-06T11:42:06","slug":"ingilterede-ciftliklere-yonelik-miras-vergisi-yururlukte","status":"publish","type":"post","link":"https:\/\/by-tv.co.uk\/en\/ingilterede-ciftliklere-yonelik-miras-vergisi-yururlukte\/","title":{"rendered":"\u0130ngiltere\u2019de \u00c7iftliklere Y\u00f6nelik Miras Vergisi Y\u00fcr\u00fcrl\u00fckte"},"content":{"rendered":"<div id=\"model-response-message-contentr_68cce246e9599085\" class=\"markdown markdown-main-panel enable-updated-hr-color\" dir=\"ltr\" aria-live=\"off\" aria-busy=\"false\">\n<h4 data-path-to-node=\"1\"><b data-path-to-node=\"1\" data-index-in-node=\"0\">E\u015fik De\u011feri 2,5 Milyon Sterline Y\u00fckseltildi<\/b><\/h4>\n<p data-path-to-node=\"2\">Birle\u015fik Krall\u0131k genelinde tar\u0131m arazileri ve aile i\u015fletmeleri i\u00e7in yeni bir d\u00f6nem ba\u015fl\u0131yor. H\u00fck\u00fcmetin ilk olarak Ekim 2024\u2019te duyurdu\u011fu ve b\u00fcy\u00fck tepki \u00e7eken miras vergisi plan\u0131, yap\u0131lan d\u00fczenlemelerin ard\u0131ndan bug\u00fcn y\u00fcr\u00fcrl\u00fc\u011fe girdi.<\/p>\n<p data-path-to-node=\"3\"><b data-path-to-node=\"3\" data-index-in-node=\"0\">The Guardian\u2019\u0131n haberine g\u00f6re,<\/b> k\u0131rsal b\u00f6lgeleri temsil eden milletvekilleri ve kampanyac\u0131lar\u0131n yo\u011fun bask\u0131s\u0131 sonucu h\u00fck\u00fcmet, Aral\u0131k 2025\u2019te ald\u0131\u011f\u0131 kararla vergi muafiyeti e\u015fi\u011fini <b data-path-to-node=\"3\" data-index-in-node=\"179\">1 milyon sterlinden 2,5 milyon sterline<\/b> \u00e7\u0131kard\u0131. Bu de\u011fi\u015fiklik, sekt\u00f6rdeki pek \u00e7ok ki\u015fi taraf\u0131ndan olumlu kar\u015f\u0131lansa da vergi reformu tart\u0131\u015fmal\u0131 olmaya devam ediyor.<\/p>\n<h4 data-path-to-node=\"4\"><b data-path-to-node=\"4\" data-index-in-node=\"0\">Tar\u0131m \u0130\u015fletmeleri \u0130\u00e7in Yeni S\u00fcre\u00e7<\/b><\/h4>\n<p data-path-to-node=\"5\">Yeni kurallara g\u00f6re, tar\u0131m ve ticari m\u00fclklerin ilk <b data-path-to-node=\"5\" data-index-in-node=\"51\">2,5 milyon sterlinlik<\/b> k\u0131sm\u0131 miras vergisinden <b data-path-to-node=\"5\" data-index-in-node=\"97\">%100<\/b> oran\u0131nda muaf tutulmaya devam edecek. Ancak bu tutar\u0131 a\u015fan miktarlar \u00fczerinden <b data-path-to-node=\"5\" data-index-in-node=\"181\">%50<\/b> oran\u0131nda vergi indirimi uygulanacak. Her bir bireyin <b data-path-to-node=\"5\" data-index-in-node=\"238\">2,5 milyon sterlinlik<\/b> bir muafiyet hakk\u0131 bulunacak.<\/p><div id=\"briti-1150609370\" class=\"briti-icerik\" style=\"margin-top: 5px;margin-bottom: 5px;\"><a href=\"https:\/\/piaryum.com\/services\/\" aria-label=\"piaryum banner\"><img loading=\"lazy\" decoding=\"async\" src=\"https:\/\/by-tv.co.uk\/wp-content\/uploads\/2025\/12\/Gemini_Generated_Image_g5yqr1g5yqr1g5yq.jpg\" alt=\"\"  width=\"2064\" height=\"1152\"   \/><\/a><\/div>\n<p data-path-to-node=\"6\"><b data-path-to-node=\"6\" data-index-in-node=\"0\">BDO<\/b> \u00f6zel dan\u0131\u015fmanl\u0131k orta\u011f\u0131 <b data-path-to-node=\"6\" data-index-in-node=\"28\">Elsa Littlewood<\/b>, yeni rejimin tar\u0131m toplumu i\u00e7in bir d\u00f6n\u00fcm noktas\u0131 oldu\u011funu belirtti. Littlewood, kural de\u011fi\u015fikliklerine ra\u011fmen yeni politikan\u0131n \u00f6nceki rejimden ciddi bir sapma oldu\u011funu ve kapsama giren i\u015fletmeler i\u00e7in <b data-path-to-node=\"6\" data-index-in-node=\"247\">\u00f6nemli zorluklar yarataca\u011f\u0131n\u0131<\/b> vurgulad\u0131.<\/p>\n<h4 data-path-to-node=\"7\"><b data-path-to-node=\"7\" data-index-in-node=\"0\">Varl\u0131k Zengini Nakit Fakiri \u0130\u015fletmeler Risk Alt\u0131nda<\/b><\/h4>\n<p data-path-to-node=\"8\">Muhasebeciler, \u00f6zellikle &#8220;varl\u0131k zengini ancak nakit fakiri&#8221; olan \u00e7iftlik i\u015fletmelerinin bu s\u00fcre\u00e7ten olumsuz etkilenebilece\u011fi konusunda uyar\u0131yor. Uzmanlar, miras\u00e7\u0131lar\u0131n vergi y\u00fck\u00fcml\u00fcl\u00fcklerini yerine getirebilmek i\u00e7in arazi veya varl\u0131klar\u0131n\u0131 satmak zorunda kalabilece\u011fine dikkat \u00e7ekiyor.<\/p>\n<p data-path-to-node=\"9\">H\u00fck\u00fcmet ise e\u015fi\u011fin y\u00fckseltilmesinin y\u00fcksek vergi faturas\u0131yla kar\u015f\u0131la\u015facak i\u015fletme say\u0131s\u0131n\u0131 \u00f6nemli \u00f6l\u00e7\u00fcde azaltaca\u011f\u0131n\u0131 savunuyor. Yetkililer, bu d\u00fczenleme ile yaln\u0131zca <b data-path-to-node=\"9\" data-index-in-node=\"167\">en b\u00fcy\u00fck m\u00fclklerin<\/b> vergi kapsam\u0131na al\u0131nmas\u0131n\u0131n sa\u011fland\u0131\u011f\u0131n\u0131 ifade ediyor.<\/p>\n<\/div>\n<div id=\"briti-1286521533\" class=\"briti-icerikten-sonra_2\" style=\"margin-top: 25px;margin-bottom: 25px;\"><a href=\"https:\/\/wa.me\/message\/NDZLLIOQT4H3O1\" aria-label=\"bytv reklam banner\"><img loading=\"lazy\" decoding=\"async\" src=\"https:\/\/by-tv.co.uk\/wp-content\/uploads\/2025\/12\/bytv-reklam-banner.jpg\" alt=\"\"  width=\"2376\" height=\"1008\"   \/><\/a><\/div>","protected":false},"excerpt":{"rendered":"<p>E\u015fik De\u011feri 2,5 Milyon Sterline Y\u00fckseltildi Birle\u015fik Krall\u0131k genelinde tar\u0131m arazileri ve aile i\u015fletmeleri i\u00e7in yeni bir d\u00f6nem ba\u015fl\u0131yor. H\u00fck\u00fcmetin ilk olarak Ekim 2024\u2019te duyurdu\u011fu ve b\u00fcy\u00fck tepki \u00e7eken miras vergisi plan\u0131, yap\u0131lan d\u00fczenlemelerin ard\u0131ndan bug\u00fcn y\u00fcr\u00fcrl\u00fc\u011fe girdi. The Guardian\u2019\u0131n haberine g\u00f6re, k\u0131rsal b\u00f6lgeleri temsil eden milletvekilleri ve kampanyac\u0131lar\u0131n yo\u011fun bask\u0131s\u0131 sonucu h\u00fck\u00fcmet, Aral\u0131k 2025\u2019te ald\u0131\u011f\u0131 kararla vergi muafiyeti e\u015fi\u011fini 1 milyon sterlinden 2,5 milyon sterline \u00e7\u0131kard\u0131. Bu de\u011fi\u015fiklik, sekt\u00f6rdeki pek \u00e7ok ki\u015fi taraf\u0131ndan olumlu kar\u015f\u0131lansa da vergi reformu tart\u0131\u015fmal\u0131 olmaya devam ediyor. Tar\u0131m \u0130\u015fletmeleri \u0130\u00e7in Yeni S\u00fcre\u00e7 Yeni kurallara g\u00f6re, tar\u0131m ve ticari m\u00fclklerin ilk 2,5 milyon sterlinlik k\u0131sm\u0131 [&hellip;]<\/p>\n","protected":false},"author":11,"featured_media":38414,"comment_status":"open","ping_status":"open","sticky":false,"template":"","format":"standard","meta":{"ngg_post_thumbnail":0,"footnotes":""},"categories":[5269,15],"tags":[],"class_list":["post-38413","post","type-post","status-publish","format-standard","has-post-thumbnail","hentry","category-birlesik-krallik","category-ingiltere"],"_links":{"self":[{"href":"https:\/\/by-tv.co.uk\/en\/wp-json\/wp\/v2\/posts\/38413","targetHints":{"allow":["GET"]}}],"collection":[{"href":"https:\/\/by-tv.co.uk\/en\/wp-json\/wp\/v2\/posts"}],"about":[{"href":"https:\/\/by-tv.co.uk\/en\/wp-json\/wp\/v2\/types\/post"}],"author":[{"embeddable":true,"href":"https:\/\/by-tv.co.uk\/en\/wp-json\/wp\/v2\/users\/11"}],"replies":[{"embeddable":true,"href":"https:\/\/by-tv.co.uk\/en\/wp-json\/wp\/v2\/comments?post=38413"}],"version-history":[{"count":1,"href":"https:\/\/by-tv.co.uk\/en\/wp-json\/wp\/v2\/posts\/38413\/revisions"}],"predecessor-version":[{"id":38415,"href":"https:\/\/by-tv.co.uk\/en\/wp-json\/wp\/v2\/posts\/38413\/revisions\/38415"}],"wp:featuredmedia":[{"embeddable":true,"href":"https:\/\/by-tv.co.uk\/en\/wp-json\/wp\/v2\/media\/38414"}],"wp:attachment":[{"href":"https:\/\/by-tv.co.uk\/en\/wp-json\/wp\/v2\/media?parent=38413"}],"wp:term":[{"taxonomy":"category","embeddable":true,"href":"https:\/\/by-tv.co.uk\/en\/wp-json\/wp\/v2\/categories?post=38413"},{"taxonomy":"post_tag","embeddable":true,"href":"https:\/\/by-tv.co.uk\/en\/wp-json\/wp\/v2\/tags?post=38413"}],"curies":[{"name":"wp","href":"https:\/\/api.w.org\/{rel}","templated":true}]}}