{"id":38410,"date":"2026-04-06T14:28:18","date_gmt":"2026-04-06T13:28:18","guid":{"rendered":"https:\/\/by-tv.co.uk\/?p=38410"},"modified":"2026-04-06T12:39:42","modified_gmt":"2026-04-06T11:39:42","slug":"ingilterede-kucuk-isletmelerin-enerji-faturalari-katlaniyor","status":"publish","type":"post","link":"https:\/\/by-tv.co.uk\/en\/ingilterede-kucuk-isletmelerin-enerji-faturalari-katlaniyor\/","title":{"rendered":"\u0130ngiltere&#8217;de K\u00fc\u00e7\u00fck \u0130\u015fletmelerin Enerji Faturalar\u0131 Katlan\u0131yor"},"content":{"rendered":"<div id=\"model-response-message-contentr_e5704124cab58941\" class=\"markdown markdown-main-panel enable-updated-hr-color\" dir=\"ltr\" aria-live=\"off\" aria-busy=\"false\">\n<p data-path-to-node=\"1\">Birle\u015fik Krall\u0131k genelinde binlerce ba\u011f\u0131ms\u0131z i\u015fletme, Orta Do\u011fu\u2019daki krizin yak\u0131t piyasalar\u0131n\u0131 rekor seviyelere ta\u015f\u0131mas\u0131yla birlikte devasa enerji faturalar\u0131yla kar\u015f\u0131 kar\u015f\u0131ya kald\u0131. \u00d6zellikle \u0131s\u0131nma ya\u011f\u0131 kullanan \u015firketler, maliyetlerdeki keskin art\u0131\u015f nedeniyle yak\u0131t kullan\u0131mlar\u0131n\u0131 k\u0131s\u0131tlamaya ba\u015flad\u0131.<\/p>\n<p data-path-to-node=\"2\"><b data-path-to-node=\"2\" data-index-in-node=\"0\">The Guardian\u2019\u0131n haberine g\u00f6re<\/b>, k\u00fc\u00e7\u00fck ve orta \u00f6l\u00e7ekli i\u015fletmelerin (KOB\u0130) yakla\u015f\u0131k <b data-path-to-node=\"2\" data-index-in-node=\"82\">%7<\/b>&#8216;si m\u00fclklerini \u0131s\u0131tmak ve s\u0131cak su sa\u011flamak i\u00e7in \u0131s\u0131nma ya\u011f\u0131 kullan\u0131yor. K\u0131rsal b\u00f6lgelerde gaz \u015febekesine ba\u011fl\u0131 olmayan i\u015fletmelerde bu oran <b data-path-to-node=\"2\" data-index-in-node=\"225\">%17<\/b>&#8216;ye kadar y\u00fckselirken, son haftalarda yak\u0131t fiyatlar\u0131n\u0131n baz\u0131 durumlarda iki kattan fazla artt\u0131\u011f\u0131 belirtiliyor.<\/p>\n<h4 data-path-to-node=\"3\"><b data-path-to-node=\"3\" data-index-in-node=\"0\">Maliyetlerde %116 Seviyesinde Rekor Art\u0131\u015f<\/b><\/h4>\n<p data-path-to-node=\"4\">Kuzey Yorkshire&#8217;da bir otel ve restoran sahibi olan <b data-path-to-node=\"4\" data-index-in-node=\"52\">Anthony Jenkins<\/b>, Ocak ay\u0131nda litresi <b data-path-to-node=\"4\" data-index-in-node=\"89\">54,9 pens<\/b> olan \u0131s\u0131nma ya\u011f\u0131n\u0131n Mart sonunda <b data-path-to-node=\"4\" data-index-in-node=\"132\">129 pens<\/b>e \u00e7\u0131kt\u0131\u011f\u0131n\u0131 ifade etti. Jenkins, tedarik\u00e7ilerin fiyat teklifi vermekten ka\u00e7\u0131nd\u0131\u011f\u0131n\u0131 ve kriz \u00f6ncesine g\u00f6re <b data-path-to-node=\"4\" data-index-in-node=\"246\">%116<\/b> daha y\u00fcksek maliyetlerle kar\u015f\u0131la\u015ft\u0131klar\u0131n\u0131 vurgulad\u0131.<\/p><div id=\"briti-4043934637\" class=\"briti-icerik\" style=\"margin-top: 5px;margin-bottom: 5px;\"><a href=\"https:\/\/piaryum.com\/services\/\" aria-label=\"piaryum banner\"><img loading=\"lazy\" decoding=\"async\" src=\"https:\/\/by-tv.co.uk\/wp-content\/uploads\/2025\/12\/Gemini_Generated_Image_g5yqr1g5yqr1g5yq.jpg\" alt=\"\"  width=\"2064\" height=\"1152\"   \/><\/a><\/div>\n<p data-path-to-node=\"5\">K\u00fc\u00e7\u00fck \u0130\u015fletmeler Federasyonu (<b data-path-to-node=\"5\" data-index-in-node=\"30\">FSB<\/b>), k\u00fcresel enerji arz\u0131ndaki \u015fokun Avrupa dizel ve jet yak\u0131t\u0131 toptan sat\u0131\u015f piyasalar\u0131nda rekor fiyatlar\u0131 tetikledi\u011fini a\u00e7\u0131klad\u0131. <b data-path-to-node=\"5\" data-index-in-node=\"161\">Argus<\/b> piyasa istihbarat firmas\u0131na g\u00f6re, Kuzeybat\u0131 Avrupa\u2019da jet yak\u0131t\u0131 ton ba\u015f\u0131na <b data-path-to-node=\"5\" data-index-in-node=\"243\">1.900 dolar\u0131<\/b>, dizel ise <b data-path-to-node=\"5\" data-index-in-node=\"267\">1.600 dolar\u0131<\/b> a\u015farak t\u00fcm zamanlar\u0131n en y\u00fcksek seviyelerine ula\u015ft\u0131.<\/p>\n<h4 data-path-to-node=\"6\"><b data-path-to-node=\"6\" data-index-in-node=\"0\">K\u00f6t\u00fc Niyetli Arac\u0131lara Kar\u015f\u0131 Uyar\u0131<\/b><\/h4>\n<p data-path-to-node=\"7\">Yakla\u015f\u0131k <b data-path-to-node=\"7\" data-index-in-node=\"9\">200.000<\/b> i\u015fletmeyi temsil eden <b data-path-to-node=\"7\" data-index-in-node=\"39\">FSB<\/b>, enerji piyasas\u0131ndaki krizden faydalanmak isteyen k\u00f6t\u00fc niyetli enerji brokerlar\u0131na kar\u015f\u0131 uyar\u0131da bulundu. <b data-path-to-node=\"7\" data-index-in-node=\"149\">FSB<\/b> Politika Ba\u015fkan\u0131 <b data-path-to-node=\"7\" data-index-in-node=\"170\">Tina McKenzie<\/b>, k\u00fc\u00e7\u00fck \u015firketlerin h\u00fck\u00fcmetin tavan fiyat uygulamas\u0131ndan veya hanehalk\u0131na sunulan korumalardan yararlanamad\u0131\u011f\u0131n\u0131 hat\u0131rlatt\u0131.<\/p>\n<p data-path-to-node=\"8\">Enerji piyasas\u0131 d\u00fczenleme kurumu <b data-path-to-node=\"8\" data-index-in-node=\"33\">Ofgem<\/b>, ticari olmayan tedarik\u00e7ilere ve brokerlara bir yaz\u0131 g\u00f6ndererek m\u00fc\u015fterilere adil davran\u0131lmas\u0131 ve \u015feffaf fiyatland\u0131rma \u00f6nceli\u011fi verilmesi gerekti\u011fini bildirdi.<\/p>\n<\/div>\n<div id=\"briti-1472842246\" class=\"briti-icerikten-sonra_2\" style=\"margin-top: 25px;margin-bottom: 25px;\"><a href=\"https:\/\/wa.me\/message\/NDZLLIOQT4H3O1\" aria-label=\"bytv reklam banner\"><img loading=\"lazy\" decoding=\"async\" src=\"https:\/\/by-tv.co.uk\/wp-content\/uploads\/2025\/12\/bytv-reklam-banner.jpg\" alt=\"\"  width=\"2376\" height=\"1008\"   \/><\/a><\/div>","protected":false},"excerpt":{"rendered":"<p>Birle\u015fik Krall\u0131k genelinde binlerce ba\u011f\u0131ms\u0131z i\u015fletme, Orta Do\u011fu\u2019daki krizin yak\u0131t piyasalar\u0131n\u0131 rekor seviyelere ta\u015f\u0131mas\u0131yla birlikte devasa enerji faturalar\u0131yla kar\u015f\u0131 kar\u015f\u0131ya kald\u0131. \u00d6zellikle \u0131s\u0131nma ya\u011f\u0131 kullanan \u015firketler, maliyetlerdeki keskin art\u0131\u015f nedeniyle yak\u0131t kullan\u0131mlar\u0131n\u0131 k\u0131s\u0131tlamaya ba\u015flad\u0131. The Guardian\u2019\u0131n haberine g\u00f6re, k\u00fc\u00e7\u00fck ve orta \u00f6l\u00e7ekli i\u015fletmelerin (KOB\u0130) yakla\u015f\u0131k %7&#8216;si m\u00fclklerini \u0131s\u0131tmak ve s\u0131cak su sa\u011flamak i\u00e7in \u0131s\u0131nma ya\u011f\u0131 kullan\u0131yor. K\u0131rsal b\u00f6lgelerde gaz \u015febekesine ba\u011fl\u0131 olmayan i\u015fletmelerde bu oran %17&#8216;ye kadar y\u00fckselirken, son haftalarda yak\u0131t fiyatlar\u0131n\u0131n baz\u0131 durumlarda iki kattan fazla artt\u0131\u011f\u0131 belirtiliyor. Maliyetlerde %116 Seviyesinde Rekor Art\u0131\u015f Kuzey Yorkshire&#8217;da bir otel ve restoran sahibi olan Anthony Jenkins, Ocak ay\u0131nda litresi 54,9 pens olan [&hellip;]<\/p>\n","protected":false},"author":11,"featured_media":38411,"comment_status":"open","ping_status":"open","sticky":false,"template":"","format":"standard","meta":{"ngg_post_thumbnail":0,"footnotes":""},"categories":[5269,15],"tags":[],"class_list":["post-38410","post","type-post","status-publish","format-standard","has-post-thumbnail","hentry","category-birlesik-krallik","category-ingiltere"],"_links":{"self":[{"href":"https:\/\/by-tv.co.uk\/en\/wp-json\/wp\/v2\/posts\/38410","targetHints":{"allow":["GET"]}}],"collection":[{"href":"https:\/\/by-tv.co.uk\/en\/wp-json\/wp\/v2\/posts"}],"about":[{"href":"https:\/\/by-tv.co.uk\/en\/wp-json\/wp\/v2\/types\/post"}],"author":[{"embeddable":true,"href":"https:\/\/by-tv.co.uk\/en\/wp-json\/wp\/v2\/users\/11"}],"replies":[{"embeddable":true,"href":"https:\/\/by-tv.co.uk\/en\/wp-json\/wp\/v2\/comments?post=38410"}],"version-history":[{"count":1,"href":"https:\/\/by-tv.co.uk\/en\/wp-json\/wp\/v2\/posts\/38410\/revisions"}],"predecessor-version":[{"id":38412,"href":"https:\/\/by-tv.co.uk\/en\/wp-json\/wp\/v2\/posts\/38410\/revisions\/38412"}],"wp:featuredmedia":[{"embeddable":true,"href":"https:\/\/by-tv.co.uk\/en\/wp-json\/wp\/v2\/media\/38411"}],"wp:attachment":[{"href":"https:\/\/by-tv.co.uk\/en\/wp-json\/wp\/v2\/media?parent=38410"}],"wp:term":[{"taxonomy":"category","embeddable":true,"href":"https:\/\/by-tv.co.uk\/en\/wp-json\/wp\/v2\/categories?post=38410"},{"taxonomy":"post_tag","embeddable":true,"href":"https:\/\/by-tv.co.uk\/en\/wp-json\/wp\/v2\/tags?post=38410"}],"curies":[{"name":"wp","href":"https:\/\/api.w.org\/{rel}","templated":true}]}}