{"id":38297,"date":"2026-04-02T11:38:59","date_gmt":"2026-04-02T10:38:59","guid":{"rendered":"https:\/\/by-tv.co.uk\/?p=38297"},"modified":"2026-04-02T10:11:54","modified_gmt":"2026-04-02T09:11:54","slug":"yapay-zeka-ogrencilerin-temel-becerilerini-etkiliyor","status":"publish","type":"post","link":"https:\/\/by-tv.co.uk\/en\/yapay-zeka-ogrencilerin-temel-becerilerini-etkiliyor\/","title":{"rendered":"Yapay Zeka \u00d6\u011frencilerin Temel Becerilerini Etkiliyor"},"content":{"rendered":"<div id=\"model-response-message-contentr_3b6601cedc5de661\" class=\"markdown markdown-main-panel enable-updated-hr-color\" dir=\"ltr\" aria-live=\"off\" aria-busy=\"false\">\n<h4 data-path-to-node=\"1\"><b data-path-to-node=\"1\" data-index-in-node=\"0\">E\u011fitimde Kritik Beceri Kayb\u0131<\/b><\/h4>\n<p data-path-to-node=\"2\">\u0130ngiltere&#8217;deki ortaokul \u00f6\u011fretmenleri aras\u0131nda yap\u0131lan yeni bir anket, yapay zeka (AI) kullanan \u00f6\u011frencilerin ele\u015ftirel d\u00fc\u015f\u00fcnme kapasitelerinde de\u011fi\u015fimler ya\u015fand\u0131\u011f\u0131n\u0131 g\u00f6steriyor. \u00d6\u011fretmenlerin <b data-path-to-node=\"2\" data-index-in-node=\"191\">\u00fc\u00e7te ikisi<\/b>, \u00e7ocuklar\u0131n d\u00fc\u015f\u00fcnme, yarat\u0131c\u0131l\u0131k ve problem \u00e7\u00f6zme gibi temel becerilerinde belirgin bir d\u00fc\u015f\u00fc\u015f g\u00f6zlemlediklerini belirtiyor.<\/p>\n<p data-path-to-node=\"3\">The Guardian\u2019\u0131n haberine g\u00f6re, sesli yaz\u0131m teknolojilerinin yayg\u0131nla\u015fmas\u0131yla birlikte \u00f6\u011frencilerin imla kurallar\u0131na olan ihtiyac\u0131 hissetmemesi de dikkat \u00e7eken bir di\u011fer unsur olarak \u00f6ne \u00e7\u0131k\u0131yor. <b data-path-to-node=\"3\" data-index-in-node=\"195\">National Education Union (NEU)<\/b> anketine kat\u0131lan \u00f6\u011fretmenler, yapay zekan\u0131n kolektif \u00f6\u011frenme \u00e7abas\u0131n\u0131 ve temel ileti\u015fim becerilerini zay\u0131flatt\u0131\u011f\u0131 uyar\u0131s\u0131nda bulunuyor.<\/p>\n<h4 data-path-to-node=\"4\"><b data-path-to-node=\"4\" data-index-in-node=\"0\">H\u00fck\u00fcmetin Yapay Zeka Plan\u0131na \u0130tiraz<\/b><\/h4>\n<p data-path-to-node=\"5\">E\u011fitim Bakan\u0131 <b data-path-to-node=\"5\" data-index-in-node=\"14\">Bridget Phillipson<\/b>, dezavantajl\u0131 \u00f6\u011frenciler i\u00e7in yapay zeka destekli \u00f6zel ders ara\u00e7lar\u0131 geli\u015ftirmeyi planlad\u0131klar\u0131n\u0131 a\u00e7\u0131klam\u0131\u015ft\u0131. Ancak ankete kat\u0131lan <b data-path-to-node=\"5\" data-index-in-node=\"165\">9.000<\/b> \u00f6\u011fretmenin <b data-path-to-node=\"5\" data-index-in-node=\"182\">%49<\/b>&#8216;u bu plana mesafeli yakla\u015f\u0131yor. \u00d6\u011fretmenlerin yaln\u0131zca <b data-path-to-node=\"5\" data-index-in-node=\"241\">%14<\/b>&#8216;\u00fc bu dijital ad\u0131m\u0131 desteklerken, bir\u00e7o\u011fu bu ara\u00e7lar\u0131n maliyetleri k\u0131smak i\u00e7in kullan\u0131lmas\u0131ndan ve \u00f6\u011fretmenlik mesle\u011finin etkisini azaltmas\u0131ndan endi\u015fe duyuyor.<\/p><div id=\"briti-2529793209\" class=\"briti-icerik\" style=\"margin-top: 5px;margin-bottom: 5px;\"><a href=\"https:\/\/piaryum.com\/services\/\" aria-label=\"piaryum banner\"><img loading=\"lazy\" decoding=\"async\" src=\"https:\/\/by-tv.co.uk\/wp-content\/uploads\/2025\/12\/Gemini_Generated_Image_g5yqr1g5yqr1g5yq.jpg\" alt=\"\"  width=\"2064\" height=\"1152\"   \/><\/a><\/div>\n<p data-path-to-node=\"6\"><b data-path-to-node=\"6\" data-index-in-node=\"0\">NEU<\/b> Genel Sekreteri <b data-path-to-node=\"6\" data-index-in-node=\"20\">Daniel Kebede<\/b>, \u00f6\u011frenmenin merkezinde kendi ba\u015f\u0131na d\u00fc\u015f\u00fcnebilme yetisinin oldu\u011funu vurgulayarak, h\u00fck\u00fcmetin etkileri tam olarak anla\u015f\u0131lmadan bu teknolojiyi yayg\u0131nla\u015ft\u0131rmas\u0131n\u0131n bir risk ta\u015f\u0131d\u0131\u011f\u0131n\u0131 ifade etti.<\/p>\n<h4 data-path-to-node=\"7\"><b data-path-to-node=\"7\" data-index-in-node=\"0\">\u00d6\u011fretmenler Aras\u0131nda Yapay Zeka Kullan\u0131m\u0131 Art\u0131yor<\/b><\/h4>\n<p data-path-to-node=\"8\">\u00d6\u011frenciler \u00fczerindeki tart\u0131\u015fmal\u0131 etkilere ra\u011fmen \u00f6\u011fretmenlerin i\u015f s\u00fcre\u00e7lerinde yapay zekaya olan ilgisi artm\u0131\u015f durumda. G\u00fcnl\u00fck i\u015flerinde bu ara\u00e7lar\u0131 kullananlar\u0131n oran\u0131 ge\u00e7en y\u0131lki %53 seviyesinden <b data-path-to-node=\"8\" data-index-in-node=\"198\">%76<\/b>&#8216;ya y\u00fckseldi. Yapay zeka a\u011f\u0131rl\u0131kl\u0131 olarak kaynak olu\u015fturma (<b data-path-to-node=\"8\" data-index-in-node=\"261\">%61<\/b>) ve ders planlama (<b data-path-to-node=\"8\" data-index-in-node=\"284\">%41<\/b>) gibi idari s\u00fcre\u00e7lerde tercih ediliyor.<\/p>\n<p data-path-to-node=\"9\">Buna kar\u015f\u0131n, okullar\u0131n <b data-path-to-node=\"9\" data-index-in-node=\"23\">%49<\/b>&#8216;unda yapay zeka kullan\u0131m\u0131na dair herhangi bir politika bulunmuyor. Uzmanlar, teknolojinin do\u011fru kullan\u0131labilmesi i\u00e7in acil d\u00fczenleme, rehberlik ve e\u011fitim politikalar\u0131na ihtiya\u00e7 duyuldu\u011funu savunuyor.<\/p>\n<\/div>\n<div id=\"briti-161474863\" class=\"briti-icerikten-sonra_2\" style=\"margin-top: 25px;margin-bottom: 25px;\"><a href=\"https:\/\/wa.me\/message\/NDZLLIOQT4H3O1\" aria-label=\"bytv reklam banner\"><img loading=\"lazy\" decoding=\"async\" src=\"https:\/\/by-tv.co.uk\/wp-content\/uploads\/2025\/12\/bytv-reklam-banner.jpg\" alt=\"\"  width=\"2376\" height=\"1008\"   \/><\/a><\/div>","protected":false},"excerpt":{"rendered":"<p>E\u011fitimde Kritik Beceri Kayb\u0131 \u0130ngiltere&#8217;deki ortaokul \u00f6\u011fretmenleri aras\u0131nda yap\u0131lan yeni bir anket, yapay zeka (AI) kullanan \u00f6\u011frencilerin ele\u015ftirel d\u00fc\u015f\u00fcnme kapasitelerinde de\u011fi\u015fimler ya\u015fand\u0131\u011f\u0131n\u0131 g\u00f6steriyor. \u00d6\u011fretmenlerin \u00fc\u00e7te ikisi, \u00e7ocuklar\u0131n d\u00fc\u015f\u00fcnme, yarat\u0131c\u0131l\u0131k ve problem \u00e7\u00f6zme gibi temel becerilerinde belirgin bir d\u00fc\u015f\u00fc\u015f g\u00f6zlemlediklerini belirtiyor. The Guardian\u2019\u0131n haberine g\u00f6re, sesli yaz\u0131m teknolojilerinin yayg\u0131nla\u015fmas\u0131yla birlikte \u00f6\u011frencilerin imla kurallar\u0131na olan ihtiyac\u0131 hissetmemesi de dikkat \u00e7eken bir di\u011fer unsur olarak \u00f6ne \u00e7\u0131k\u0131yor. National Education Union (NEU) anketine kat\u0131lan \u00f6\u011fretmenler, yapay zekan\u0131n kolektif \u00f6\u011frenme \u00e7abas\u0131n\u0131 ve temel ileti\u015fim becerilerini zay\u0131flatt\u0131\u011f\u0131 uyar\u0131s\u0131nda bulunuyor. H\u00fck\u00fcmetin Yapay Zeka Plan\u0131na \u0130tiraz E\u011fitim Bakan\u0131 Bridget Phillipson, dezavantajl\u0131 \u00f6\u011frenciler i\u00e7in yapay zeka destekli \u00f6zel ders [&hellip;]<\/p>\n","protected":false},"author":11,"featured_media":38300,"comment_status":"open","ping_status":"open","sticky":false,"template":"","format":"standard","meta":{"ngg_post_thumbnail":0,"footnotes":""},"categories":[5269,15,8],"tags":[],"class_list":["post-38297","post","type-post","status-publish","format-standard","has-post-thumbnail","hentry","category-birlesik-krallik","category-ingiltere","category-teknoloji"],"_links":{"self":[{"href":"https:\/\/by-tv.co.uk\/en\/wp-json\/wp\/v2\/posts\/38297","targetHints":{"allow":["GET"]}}],"collection":[{"href":"https:\/\/by-tv.co.uk\/en\/wp-json\/wp\/v2\/posts"}],"about":[{"href":"https:\/\/by-tv.co.uk\/en\/wp-json\/wp\/v2\/types\/post"}],"author":[{"embeddable":true,"href":"https:\/\/by-tv.co.uk\/en\/wp-json\/wp\/v2\/users\/11"}],"replies":[{"embeddable":true,"href":"https:\/\/by-tv.co.uk\/en\/wp-json\/wp\/v2\/comments?post=38297"}],"version-history":[{"count":1,"href":"https:\/\/by-tv.co.uk\/en\/wp-json\/wp\/v2\/posts\/38297\/revisions"}],"predecessor-version":[{"id":38301,"href":"https:\/\/by-tv.co.uk\/en\/wp-json\/wp\/v2\/posts\/38297\/revisions\/38301"}],"wp:featuredmedia":[{"embeddable":true,"href":"https:\/\/by-tv.co.uk\/en\/wp-json\/wp\/v2\/media\/38300"}],"wp:attachment":[{"href":"https:\/\/by-tv.co.uk\/en\/wp-json\/wp\/v2\/media?parent=38297"}],"wp:term":[{"taxonomy":"category","embeddable":true,"href":"https:\/\/by-tv.co.uk\/en\/wp-json\/wp\/v2\/categories?post=38297"},{"taxonomy":"post_tag","embeddable":true,"href":"https:\/\/by-tv.co.uk\/en\/wp-json\/wp\/v2\/tags?post=38297"}],"curies":[{"name":"wp","href":"https:\/\/api.w.org\/{rel}","templated":true}]}}