{"id":3815,"date":"2020-03-04T20:05:35","date_gmt":"2020-03-04T17:05:35","guid":{"rendered":"https:\/\/by-tv.co.uk\/?p=3815"},"modified":"2020-03-04T20:05:35","modified_gmt":"2020-03-04T17:05:35","slug":"dominic-raab-mevlut-cavusoglu-basin-toplantisi","status":"publish","type":"post","link":"https:\/\/by-tv.co.uk\/en\/dominic-raab-mevlut-cavusoglu-basin-toplantisi\/","title":{"rendered":"\u0130ngiltere D\u0131\u015fi\u015fleri Bakan\u0131 Dominic Raab:  &#8220;T\u00fcrkiye, Birle\u015fik Krall\u0131k \u0130\u00e7in Vazge\u00e7ilmez Bir Ortak&#8221;"},"content":{"rendered":"<p>Suriye&#8217;de ya\u015fanan son geli\u015fmeler ve \u0130dlib&#8217;te 35 askerimizin \u015fehit olmas\u0131n\u0131n ard\u0131ndan Birle\u015fik Krall\u0131k D\u0131\u015fi\u015fleri Bakan\u0131 Dominic Raab, T\u00fcrk D\u0131\u015fi\u015fleri Bakan\u0131 Mevl\u00fct \u00c7avu\u015fo\u011flu ile Ankara\u2019da bir araya geldi. \u0130kili yapt\u0131klar\u0131 toplant\u0131n\u0131n ard\u0131ndan ortak bir bas\u0131n toplant\u0131s\u0131 d\u00fczenledi. Mevkida\u015flar bas\u0131n toplant\u0131s\u0131nda; Suriye\u2019nin \u0130dlib b\u00f6lgesinde ya\u015fanan kriz nedeniyle T\u00fcrkiye\u2019nin NATO m\u00fcttefikleri ve ABD\u2019den beklentilerini bir kez daha vurgulad\u0131. Bas\u0131n toplant\u0131s\u0131nda \u00f6ne \u00e7\u0131kanlar ne oldu? Neler konu\u015fuldu? Gelin birlikte bakal\u0131m.<\/p>\n<p>Birle\u015fik Krall\u0131k D\u0131\u015fi\u015fleri Bakan\u0131 Dominic Rabb, T\u00fcrk D\u0131\u015fi\u015fleri Bakan\u0131 Mevl\u00fct \u00c7avu\u015fo\u011flu ile Ankara\u2019da bir araya geldi\u011fi toplant\u0131n\u0131n ard\u0131ndan D\u0131\u015fi\u015fleri Bakanl\u0131\u011f\u0131 Resmi Konutu&#8217;nda bir bas\u0131n a\u00e7\u0131klamas\u0131 yapt\u0131. Mevkida\u015flar\u0131n g\u00fcndemi Suriye&#8217;de son ya\u015fanan geli\u015fmelerdi. <\/p>\n<h3><strong>Raab taziyelerini iletti<\/strong><\/h3>\n<p>Birle\u015fik Krall\u0131k D\u0131\u015fi\u015fleri Bakan\u0131 Dominic Raab, \u00f6ncelikle T\u00fcrkiye&#8217;nin \u0130dlib&#8217;te \u015fehit olan 35 askeri i\u00e7in; T\u00fcrkiye&#8217;ye ve T\u00fcrk halk\u0131na taziyelerini ileterek, \u00fcz\u00fcnt\u00fcs\u00fcn\u00fc dile getirerek \u015funlar\u0131 s\u00f6yledi;&#8221;D\u00fcnyan\u0131n d\u00f6rt bir yan\u0131ndaki pek \u00e7ok ki\u015fi gibi ben de, \u0130dlib\u2019deki ac\u0131mas\u0131z sald\u0131r\u0131 sonucunda 30\u2019dan fazla T\u00fcrk askerinin hayat\u0131n\u0131 kaybetti\u011fine dair \u00fcz\u00fcc\u00fc haberi duydu\u011fumda deh\u015fete d\u00fc\u015ft\u00fcm. Bir kez daha, <a href=\"https:\/\/by-tv.co.uk\/en\/category\/haber\/birlesik-krallik\/\" rel=\"noopener noreferrer\" target=\"_blank\">Birle\u015fik Krall\u0131k <\/a>h\u00fck\u00fcmeti ad\u0131na T\u00fcrk h\u00fck\u00fcmetine ve T\u00fcrk halk\u0131na en derin ba\u015f sa\u011fl\u0131\u011f\u0131 dileklerimizi iletiyorum.&#8221;<\/p><div id=\"briti-2067536267\" class=\"briti-icerik\" style=\"margin-top: 5px;margin-bottom: 5px;\"><a href=\"https:\/\/piaryum.com\/services\/\" aria-label=\"piaryum banner\"><img loading=\"lazy\" decoding=\"async\" src=\"https:\/\/by-tv.co.uk\/wp-content\/uploads\/2025\/12\/Gemini_Generated_Image_g5yqr1g5yqr1g5yq.jpg\" alt=\"\"  width=\"2064\" height=\"1152\"   \/><\/a><\/div>\n<p>Dominic Raab konu\u015fmas\u0131nda, T\u00fcrkiye&#8217;nin NATO b\u00fcnyesindeki en \u00f6nemli m\u00fcttefiklerden biri oldu\u011funu vurgulad\u0131. D\u0131\u015fi\u015fleri Bakan\u0131 Raab; &#8220;T\u00fcrkiye&#8217;nin Suriye&#8217;de yeniden ate\u015fkesi tesis etme ve \u015eam rejiminin zalimane sald\u0131r\u0131lar\u0131ndan sivilleri koruma \u00e7abalar\u0131n\u0131 destekliyoruz.&#8221; \u015feklinde konu\u015ftu.<\/p>\n<h3><strong>&#8220;T\u00fcrkiye&#8217;nin \u00e7abalar\u0131n\u0131 destekliyoruz&#8221;<\/strong><\/h3>\n<p>\u0130dlib&#8217;de Rusya ve rejimin sald\u0131r\u0131lar\u0131ndan duyduklar\u0131 endi\u015feyi belirten Raab \u015funlar\u0131 s\u00f6yledi; &#8220;T\u00fcrkiye\u2019nin 2018\u2019de mutab\u0131k kal\u0131nan ate\u015fkesi yeniden tesis etme ve rejimin korkun\u00e7 sald\u0131r\u0131lar\u0131ndan ka\u00e7an masum sivilleri koruma \u00e7abalar\u0131n\u0131 destekliyoruz. Ayr\u0131ca rejimin \u0130dlib\u2019deki faaliyetlerini de \u00e7ok net bir \u015fekilde k\u0131n\u0131yoruz. Rusya ve Suriye rejimi taraf\u0131ndan Kuzey Bat\u0131\u2019da askeri faaliyetlerin ciddi bir bi\u00e7imde artt\u0131r\u0131lm\u0131\u015f olmas\u0131ndan derin bir endi\u015fe duymaktay\u0131z. Uluslararas\u0131 yasalar\u0131n ve hatta temel insan ahlak\u0131n\u0131n aleni ihlali olan bu faaliyetleri k\u0131nad\u0131k.&#8221;<\/p>\n<h3><strong>&#8220;Birle\u015fik Krall\u0131k g\u00f6\u00e7menler konusunda yard\u0131mlar\u0131n\u0131 esirgemeyecek&#8221;<\/strong><\/h3>\n<p>\u0130ngiltere D\u0131\u015fi\u015fleri Bakan\u0131 Dominic Raab, T\u00fcrkiye&#8217;nin Suriye krizinin ba\u015f\u0131ndan beri b\u00fcy\u00fck bir y\u00fck \u00fcstelendi\u011fini dile getirdi. Raab; &#8220;T\u00fcrkiye bu s\u00fcre\u00e7te \u00f6zellikle m\u00fcltecilere y\u00f6nelik politikalar\u0131yla b\u00fcy\u00fck bir y\u00fck \u00fcstlendi. \u0130ngiltere hem Suriyeli m\u00fcltecilere hem de ev sahibi T\u00fcrkiye&#8217;ye destek olmak noktas\u0131nda taahh\u00fctlerini yerine getirdi. Herhangi bir bask\u0131 alt\u0131nda kalmadan b\u00f6lgeye insani yard\u0131m\u0131n sa\u011flanmas\u0131 gerekiyor. Her iki toplumun da uzun s\u00fcredir devam eden bask\u0131lar alt\u0131nda oldu\u011funun fark\u0131nday\u0131z.&#8221; dedi.<\/p>\n<p>&#8220;Birle\u015fik Krall\u0131k, 2016 AB \u2013 T\u00fcrkiye aras\u0131ndaki g\u00f6\u00e7 anla\u015fmas\u0131n\u0131n uygulanmas\u0131na verilen deste\u011fin ba\u015f\u0131n\u0131 \u00e7ekti ve b\u00f6yle yapmaya da devam edecek.&#8221; \u015feklinde konu\u015fan Raab; &#8220;Ve i\u015fte bu g\u00f6z \u00f6n\u00fcnde bulunduruldu\u011funda, insani yard\u0131ma kesintisiz eri\u015fimin s\u00fcrd\u00fcr\u00fclmesi kritik bir \u00f6neme sahip. Yard\u0131mlar\u0131n, bu yard\u0131mlara ger\u00e7ekten \u00e7ok ihtiyac\u0131 olan kimselere eri\u015fmesi \u015fart. Ve insani yard\u0131m \u00e7al\u0131\u015fanlar\u0131 da herhangi bir sald\u0131r\u0131 korkusu ya\u015famadan, korunmaya muhta\u00e7 ki\u015filere yard\u0131m edebilmeliler.&#8221; diye ekledi.<\/p>\n<h3><strong>&#8220;G\u00f6\u00e7menler konusunda birlikte \u00e7al\u0131\u015fmam\u0131z \u015fart&#8221;<\/strong><\/h3>\n<p>Avrupa\u2019ya ge\u00e7meye \u00e7al\u0131\u015fan g\u00f6\u00e7menlerin say\u0131s\u0131nda ciddi bir art\u0131\u015f g\u00f6r\u00fcld\u00fc\u011f\u00fcn\u00fc belirten \u0130ngiltere D\u0131\u015fi\u015fleri Bakan\u0131 Dominic Raab; &#8220;T\u00fcrkiye\u2019nin Bat\u0131 s\u0131n\u0131r\u0131ndaki son durumlar\u0131 da acilen konu\u015fmam\u0131z gerek. \u0130dlib konusunda ve yeni bir m\u00fclteci dalgas\u0131na ve \u00f6zellikle de T\u00fcrkiye\u2019nin Bat\u0131 s\u0131n\u0131r\u0131nda, g\u00f6\u00e7men hareketlerine verilecek yan\u0131t konusunda uluslararas\u0131 toplumla birlikte \u00e7al\u0131\u015fmam\u0131z \u015fart.&#8221; dedi.<\/p>\n<p>Raab konu\u015fmas\u0131n\u0131 \u015f\u00f6yle s\u00fcrd\u00fcrd\u00fc; &#8220;\u00d6zellikle de \u00e7ekilen insani ac\u0131lara son vermek istiyoruz ve Birle\u015fik Krall\u0131k, Suriye Krizine en b\u00fcy\u00fck insani yard\u0131m ba\u011f\u0131\u015f\u0131n\u0131 yapan \u00fclkelerden birisi. Bug\u00fcne kadar, Suriye Krizi i\u00e7in 3.1 milyar GBP yard\u0131mda bulunduk ki bu, tek bir kriz i\u00e7in bug\u00fcne kadar vermi\u015f oldu\u011fumuz en b\u00fcy\u00fck yard\u0131m. 2019 y\u0131l\u0131ndan bu yana, acil durum g\u0131da paketleri, temiz su, \u00e7ad\u0131r, t\u0131bbi bak\u0131m te\u00e7hizat\u0131, e\u011fitim ve sa\u011fl\u0131k malzemeleri de dahil olmak \u00fczere Suriye i\u00e7erisindeki projelere verdi\u011fimiz destek, 220 milyon GBP\u2019yi a\u015ft\u0131. Bug\u00fcn, \u0130dlib\u2019de devam etmekte olan duruma yan\u0131t olarak ve en fazla ihtiya\u00e7 i\u00e7inde olanlara yard\u0131mc\u0131 olabilmek i\u00e7in, Suriye\u2019de, \u0130dlib \u00e7evresinde insani yard\u0131m \u00e7al\u0131\u015fmalar\u0131nda bulunan kurulu\u015flara aktar\u0131lmak \u00fczere, Birle\u015fik Krall\u0131k insani yard\u0131m ba\u011f\u0131\u015f\u0131m\u0131z\u0131 89 milyon GBP artt\u0131r\u0131yoruz.&#8221;<\/p>\n<h3><strong>&#8220;Suriye&#8217;de kal\u0131c\u0131 bar\u0131\u015f BM G\u00fcvenlik Konseyi&#8217;nin karar\u0131yla sa\u011flanacakt\u0131r&#8221;<\/strong><\/h3>\n<p>&#8220;Tutumumuz netli\u011fini koruyor&#8221; diyen Raab s\u00f6zlerini \u015f\u00f6yle s\u00fcrd\u00fcrd\u00fc; Suriye\u2019de kal\u0131c\u0131 bar\u0131\u015f\u0131, ancak BM G\u00fcvenlik Konseyinin 2254 say\u0131l\u0131 karar\u0131 ile uyumlu bir siyasi \u00e7\u00f6z\u00fcm sa\u011flayacakt\u0131r. Kendimizi i\u00e7inde buldu\u011fumuz bu durumun ve Suriye halk\u0131 \u00fczerindeki a\u011f\u0131r bedellerinin esas sorumlusu, bu sava\u015fa bir son verecek siyasi s\u00fcreci geciktirmeye devam eden Suriye rejimidir.&#8221;<\/p>\n<h3><strong>&#8220;T\u00fcrkiye, Birle\u015fik Krall\u0131k i\u00e7in vazge\u00e7ilmez bir ortak&#8221;<\/strong><\/h3>\n<p>&#8220;Ziyaretimin, T\u00fcrkiye ile ili\u015fkilerimize verdi\u011fimiz \u00f6nemin bir g\u00f6stergesi oldu\u011funu umuyorum.&#8221; diyen Dominic Raab,  T\u00fcrkiye\u2019nin Birle\u015fik Krall\u0131k i\u00e7in, bir NATO m\u00fcttefiki, G20 \u00fcyesi ve Avrupa Konseyi kurucu \u00fcyesi olarak vazge\u00e7ilmez bir ortak oldu\u011funu vurgulad\u0131.<\/p>\n<p>Birle\u015fik Krall\u0131k D\u0131\u015fi\u015fleri Bakan\u0131 Raab; &#8220;Birle\u015fik Krall\u0131k\u2019\u0131n AB\u2019den \u00e7\u0131kmakta oldu\u011fu \u015fu d\u00f6nemde, daha fazla yat\u0131r\u0131m i\u00e7in pazar imk\u00e2nlar\u0131m\u0131z\u0131 artt\u0131rarak, b\u00f6lgesel istikrar ve g\u00fcvenlik alan\u0131nda \u00e7ok yak\u0131n \u00e7al\u0131\u015fmalar yap\u0131yoruz.&#8221; diyerek yat\u0131r\u0131ma verdikleri \u00f6nemin alt\u0131n\u0131 \u00e7izdi.<\/p>\n<h3><strong>Serbest ticaret anla\u015fmas\u0131 yolda<\/strong><\/h3>\n<p>Ekonomik yat\u0131r\u0131mlar i\u00e7in de \u00e7al\u0131\u015facaklar\u0131n\u0131 s\u00f6yleyen Raab s\u00f6zlerini \u015f\u00f6yle sonland\u0131rd\u0131; &#8220;\u00d6nceliklerimizden biri, 2020 y\u0131l\u0131nda T\u00fcrkiye ile bir Serbest Ticaret Anla\u015fmas\u0131 yapmak. Bence b\u00f6yle bir anla\u015fma, Birle\u015fik Krall\u0131k ve T\u00fcrkiye aras\u0131ndaki g\u00fc\u00e7l\u00fc ekonomik ili\u015fkiye \u00e7ok b\u00fcy\u00fck bir katk\u0131 sa\u011flayacak ve h\u00e2lihaz\u0131rda y\u0131lda 18 milyar GBP\u2019yi bulan ticari ortakl\u0131\u011f\u0131m\u0131z\u0131n daha da g\u00fc\u00e7lenmesine yard\u0131mc\u0131 olacakt\u0131r. Ve son olarak, \u015funu da s\u00f6ylemek istiyorum: bug\u00fcn T\u00fcrkiye\u2019de sizinle, T\u00fcrk halk\u0131yla dayan\u0131\u015fma i\u00e7erisinde oldu\u011fumuzu g\u00f6stermek i\u00e7in bulunuyorum \u00e7\u00fcnk\u00fc bizim deste\u011fimize ihtiya\u00e7 duydu\u011funuzda daima yan\u0131n\u0131zda olaca\u011f\u0131z. Ve \u00e7\u00fcnk\u00fc \u015fu an dostlu\u011fumuz, her zaman oldu\u011fundan \u00e7ok daha fazla \u00f6nemli. Bir kez daha, s\u0131cak kar\u015f\u0131laman\u0131z i\u00e7in \u00e7ok te\u015fekk\u00fcrler Mevl\u00fct Bey. Dostlu\u011fumuzun artarak devam edece\u011fini umuyorum.&#8221; <\/p>\n<p>Kaynak: <a href=\"https:\/\/www.gov.uk\/government\/speeches\/foreign-secretarys-joint-press-conference-turkish-foreign-minister-march-2020\" rel=\"noopener noreferrer\" target=\"_blank\">1<\/a><\/p>\n<div id=\"briti-3574478969\" class=\"briti-icerikten-sonra_2\" style=\"margin-top: 25px;margin-bottom: 25px;\"><a href=\"https:\/\/wa.me\/message\/NDZLLIOQT4H3O1\" aria-label=\"bytv reklam banner\"><img loading=\"lazy\" decoding=\"async\" src=\"https:\/\/by-tv.co.uk\/wp-content\/uploads\/2025\/12\/bytv-reklam-banner.jpg\" alt=\"\"  width=\"2376\" height=\"1008\"   \/><\/a><\/div>","protected":false},"excerpt":{"rendered":"<p>Suriye&#8217;de ya\u015fanan son geli\u015fmeler ve \u0130dlib&#8217;te 35 askerimizin \u015fehit olmas\u0131n\u0131n ard\u0131ndan Birle\u015fik Krall\u0131k D\u0131\u015fi\u015fleri Bakan\u0131 Dominic Raab, T\u00fcrk D\u0131\u015fi\u015fleri Bakan\u0131 Mevl\u00fct \u00c7avu\u015fo\u011flu ile Ankara\u2019da bir araya geldi. \u0130kili yapt\u0131klar\u0131 toplant\u0131n\u0131n ard\u0131ndan ortak bir bas\u0131n toplant\u0131s\u0131 d\u00fczenledi. Mevkida\u015flar bas\u0131n toplant\u0131s\u0131nda; Suriye\u2019nin \u0130dlib b\u00f6lgesinde ya\u015fanan kriz nedeniyle T\u00fcrkiye\u2019nin NATO m\u00fcttefikleri ve ABD\u2019den beklentilerini bir kez daha vurgulad\u0131. Bas\u0131n toplant\u0131s\u0131nda \u00f6ne \u00e7\u0131kanlar ne oldu? Neler konu\u015fuldu? Gelin birlikte bakal\u0131m. Birle\u015fik Krall\u0131k D\u0131\u015fi\u015fleri Bakan\u0131 Dominic Rabb, T\u00fcrk D\u0131\u015fi\u015fleri Bakan\u0131 Mevl\u00fct \u00c7avu\u015fo\u011flu ile Ankara\u2019da bir araya geldi\u011fi toplant\u0131n\u0131n ard\u0131ndan D\u0131\u015fi\u015fleri Bakanl\u0131\u011f\u0131 Resmi Konutu&#8217;nda bir bas\u0131n a\u00e7\u0131klamas\u0131 yapt\u0131. Mevkida\u015flar\u0131n g\u00fcndemi Suriye&#8217;de son ya\u015fanan geli\u015fmelerdi. Raab taziyelerini [&hellip;]<\/p>\n","protected":false},"author":1,"featured_media":3822,"comment_status":"open","ping_status":"open","sticky":false,"template":"","format":"standard","meta":{"ngg_post_thumbnail":0,"footnotes":""},"categories":[15,5],"tags":[],"class_list":["post-3815","post","type-post","status-publish","format-standard","has-post-thumbnail","hentry","category-ingiltere","category-haber"],"_links":{"self":[{"href":"https:\/\/by-tv.co.uk\/en\/wp-json\/wp\/v2\/posts\/3815","targetHints":{"allow":["GET"]}}],"collection":[{"href":"https:\/\/by-tv.co.uk\/en\/wp-json\/wp\/v2\/posts"}],"about":[{"href":"https:\/\/by-tv.co.uk\/en\/wp-json\/wp\/v2\/types\/post"}],"author":[{"embeddable":true,"href":"https:\/\/by-tv.co.uk\/en\/wp-json\/wp\/v2\/users\/1"}],"replies":[{"embeddable":true,"href":"https:\/\/by-tv.co.uk\/en\/wp-json\/wp\/v2\/comments?post=3815"}],"version-history":[{"count":0,"href":"https:\/\/by-tv.co.uk\/en\/wp-json\/wp\/v2\/posts\/3815\/revisions"}],"wp:featuredmedia":[{"embeddable":true,"href":"https:\/\/by-tv.co.uk\/en\/wp-json\/wp\/v2\/media\/3822"}],"wp:attachment":[{"href":"https:\/\/by-tv.co.uk\/en\/wp-json\/wp\/v2\/media?parent=3815"}],"wp:term":[{"taxonomy":"category","embeddable":true,"href":"https:\/\/by-tv.co.uk\/en\/wp-json\/wp\/v2\/categories?post=3815"},{"taxonomy":"post_tag","embeddable":true,"href":"https:\/\/by-tv.co.uk\/en\/wp-json\/wp\/v2\/tags?post=3815"}],"curies":[{"name":"wp","href":"https:\/\/api.w.org\/{rel}","templated":true}]}}