{"id":38138,"date":"2026-03-30T15:38:04","date_gmt":"2026-03-30T14:38:04","guid":{"rendered":"https:\/\/by-tv.co.uk\/?p=38138"},"modified":"2026-03-30T09:52:54","modified_gmt":"2026-03-30T08:52:54","slug":"ab-genclik-hareketlilik-programi-icin-acil-fren-teklifi","status":"publish","type":"post","link":"https:\/\/by-tv.co.uk\/en\/ab-genclik-hareketlilik-programi-icin-acil-fren-teklifi\/","title":{"rendered":"AB: Gen\u00e7lik Hareketlilik Program\u0131 \u0130\u00e7in &#8216;Acil Fren&#8217; Teklifi"},"content":{"rendered":"<div id=\"model-response-message-contentr_4e9157e04ec4554b\" class=\"markdown markdown-main-panel enable-updated-hr-color\" dir=\"ltr\" aria-live=\"polite\" aria-busy=\"false\">\n<h4 data-path-to-node=\"1\"><b data-path-to-node=\"1\" data-index-in-node=\"0\">M\u00fczakerelerde Yeni D\u00f6nem<\/b><\/h4>\n<p data-path-to-node=\"2\"><b data-path-to-node=\"2\" data-index-in-node=\"0\">Birle\u015fik Krall\u0131k<\/b> ile <b data-path-to-node=\"2\" data-index-in-node=\"21\">Avrupa Birli\u011fi (AB)<\/b> aras\u0131nda y\u00fcr\u00fct\u00fclen &#8220;gen\u00e7lik deneyim program\u0131&#8221; m\u00fczakerelerinde yeni bir geli\u015fme ya\u015fand\u0131. AB m\u00fczakerecileri, program kapsam\u0131nda Birle\u015fik Krall\u0131k&#8217;a gelen ki\u015fi say\u0131s\u0131na y\u00f6nelik bir <b data-path-to-node=\"2\" data-index-in-node=\"218\">&#8220;acil fren&#8221;<\/b> mekanizmas\u0131 kurulmas\u0131n\u0131 teklif etti.<\/p>\n<p data-path-to-node=\"3\"><b data-path-to-node=\"3\" data-index-in-node=\"0\">The Guardian\u2019\u0131n haberine g\u00f6re<\/b>, <b data-path-to-node=\"3\" data-index-in-node=\"31\">Keir Starmer<\/b> h\u00fck\u00fcmeti ge\u00e7ti\u011fimiz y\u0131l bu program \u00fczerinde \u00e7al\u0131\u015fmay\u0131 kabul etse de, say\u0131sal s\u0131n\u0131rlar konusunda taraflar aras\u0131nda g\u00f6r\u00fc\u015f ayr\u0131l\u0131klar\u0131 devam ediyor. Londra y\u00f6netimi kesin bir <b data-path-to-node=\"3\" data-index-in-node=\"216\">\u00fcst s\u0131n\u0131r (cap)<\/b> getirilmesini talep ederken, Br\u00fcksel bu yakla\u015f\u0131m\u0131n program\u0131n olumlu ruhuna ayk\u0131r\u0131 oldu\u011funu savunuyor.<\/p>\n<h4 data-path-to-node=\"4\"><b data-path-to-node=\"4\" data-index-in-node=\"0\">Say\u0131 S\u0131n\u0131r\u0131 Yerine \u0130zleme Sistemi<\/b><\/h4>\n<p data-path-to-node=\"5\">Mevcut teklif, her iki taraf\u0131n da program\u0131n i\u015fleyi\u015finden memnun kalmas\u0131n\u0131 sa\u011flayacak bir <b data-path-to-node=\"5\" data-index-in-node=\"89\">izleme sistemi<\/b> kurulmas\u0131n\u0131 \u00f6ng\u00f6r\u00fcyor. Bu sistem, <b data-path-to-node=\"5\" data-index-in-node=\"138\">AB<\/b>&#8216;den gelen gen\u00e7lerin say\u0131s\u0131nda beklenmedik bir art\u0131\u015f ya\u015fanmas\u0131 durumunda teorik olarak k\u0131s\u0131tlamalar\u0131n devreye sokulmas\u0131na olanak tan\u0131yacak.<\/p><div id=\"briti-2914244342\" class=\"briti-icerik\" style=\"margin-top: 5px;margin-bottom: 5px;\"><a href=\"https:\/\/piaryum.com\/services\/\" aria-label=\"piaryum banner\"><img loading=\"lazy\" decoding=\"async\" src=\"https:\/\/by-tv.co.uk\/wp-content\/uploads\/2025\/12\/Gemini_Generated_Image_g5yqr1g5yqr1g5yq.jpg\" alt=\"\"  width=\"2064\" height=\"1152\"   \/><\/a><\/div>\n<p data-path-to-node=\"6\">Birle\u015fik Krall\u0131k h\u00fck\u00fcmet s\u00f6zc\u00fcs\u00fc, nihai plan\u0131n <b data-path-to-node=\"6\" data-index-in-node=\"47\">zaman s\u0131n\u0131rl\u0131<\/b> olmas\u0131 ve mevcut gen\u00e7lik hareketlilik \u015femalar\u0131na dayanmas\u0131 gerekti\u011fini vurgulad\u0131. Ayr\u0131ca, bu program\u0131n \u00fcniversite har\u00e7lar\u0131nda &#8220;yerel \u00f6\u011frenci stat\u00fcs\u00fc&#8221; hakk\u0131 tan\u0131mayaca\u011f\u0131 belirtildi.<\/p>\n<h4 data-path-to-node=\"7\"><b data-path-to-node=\"7\" data-index-in-node=\"0\">Stratejik \u0130li\u015fkiler ve Temmuz Zirvesi<\/b><\/h4>\n<p data-path-to-node=\"8\">Program, Temmuz ay\u0131nda yap\u0131lmas\u0131 planlanan zirve \u00f6ncesinde ikili ili\u015fkileri <b data-path-to-node=\"8\" data-index-in-node=\"76\">&#8220;s\u0131f\u0131rlama&#8221;<\/b> \u00e7abalar\u0131n\u0131n bir par\u00e7as\u0131 olarak g\u00f6r\u00fcl\u00fcyor. <b data-path-to-node=\"8\" data-index-in-node=\"130\">AB<\/b> yetkilileri, gen\u00e7lerin kar\u015f\u0131l\u0131kl\u0131 olarak birbirlerinin \u00fclkelerinde ya\u015fama, \u00e7al\u0131\u015fma ve e\u011fitim g\u00f6rme hakk\u0131na sahip olmas\u0131n\u0131, k\u00fcresel istikrars\u0131zl\u0131k d\u00f6neminde toplumlar\u0131 bir arada tutacak <b data-path-to-node=\"8\" data-index-in-node=\"318\">stratejik bir giri\u015fim<\/b> olarak de\u011ferlendiriyor.<\/p>\n<p data-path-to-node=\"9\"><b data-path-to-node=\"9\" data-index-in-node=\"0\">Stella Creasy<\/b> gibi Avrupa yanl\u0131s\u0131 milletvekilleri ise h\u00fck\u00fcmetin say\u0131lara odaklanmak yerine, <b data-path-to-node=\"9\" data-index-in-node=\"92\">Brexit<\/b> ile kaybedilen \u00f6zg\u00fcrl\u00fcklerin geri kazan\u0131lmas\u0131na ve ekonomik b\u00fcy\u00fcmeye odaklanmas\u0131 gerekti\u011fini savunuyor. Zirvede ayr\u0131ca savunma i\u015f birli\u011fi ve yeni g\u00f6\u00e7 pakt\u0131 gibi kritik konular\u0131n da ele al\u0131nmas\u0131 bekleniyor.<\/p>\n<\/div>\n<div id=\"briti-2296474272\" class=\"briti-icerikten-sonra_2\" style=\"margin-top: 25px;margin-bottom: 25px;\"><a href=\"https:\/\/wa.me\/message\/NDZLLIOQT4H3O1\" aria-label=\"bytv reklam banner\"><img loading=\"lazy\" decoding=\"async\" src=\"https:\/\/by-tv.co.uk\/wp-content\/uploads\/2025\/12\/bytv-reklam-banner.jpg\" alt=\"\"  width=\"2376\" height=\"1008\"   \/><\/a><\/div>","protected":false},"excerpt":{"rendered":"<p>M\u00fczakerelerde Yeni D\u00f6nem Birle\u015fik Krall\u0131k ile Avrupa Birli\u011fi (AB) aras\u0131nda y\u00fcr\u00fct\u00fclen &#8220;gen\u00e7lik deneyim program\u0131&#8221; m\u00fczakerelerinde yeni bir geli\u015fme ya\u015fand\u0131. AB m\u00fczakerecileri, program kapsam\u0131nda Birle\u015fik Krall\u0131k&#8217;a gelen ki\u015fi say\u0131s\u0131na y\u00f6nelik bir &#8220;acil fren&#8221; mekanizmas\u0131 kurulmas\u0131n\u0131 teklif etti. The Guardian\u2019\u0131n haberine g\u00f6re, Keir Starmer h\u00fck\u00fcmeti ge\u00e7ti\u011fimiz y\u0131l bu program \u00fczerinde \u00e7al\u0131\u015fmay\u0131 kabul etse de, say\u0131sal s\u0131n\u0131rlar konusunda taraflar aras\u0131nda g\u00f6r\u00fc\u015f ayr\u0131l\u0131klar\u0131 devam ediyor. Londra y\u00f6netimi kesin bir \u00fcst s\u0131n\u0131r (cap) getirilmesini talep ederken, Br\u00fcksel bu yakla\u015f\u0131m\u0131n program\u0131n olumlu ruhuna ayk\u0131r\u0131 oldu\u011funu savunuyor. Say\u0131 S\u0131n\u0131r\u0131 Yerine \u0130zleme Sistemi Mevcut teklif, her iki taraf\u0131n da program\u0131n i\u015fleyi\u015finden memnun kalmas\u0131n\u0131 sa\u011flayacak bir izleme sistemi kurulmas\u0131n\u0131 [&hellip;]<\/p>\n","protected":false},"author":11,"featured_media":23288,"comment_status":"open","ping_status":"open","sticky":false,"template":"","format":"standard","meta":{"ngg_post_thumbnail":0,"footnotes":""},"categories":[5269,4386,15],"tags":[],"class_list":["post-38138","post","type-post","status-publish","format-standard","has-post-thumbnail","hentry","category-birlesik-krallik","category-birlesik-kralllik-avrupa-birligi","category-ingiltere"],"_links":{"self":[{"href":"https:\/\/by-tv.co.uk\/en\/wp-json\/wp\/v2\/posts\/38138","targetHints":{"allow":["GET"]}}],"collection":[{"href":"https:\/\/by-tv.co.uk\/en\/wp-json\/wp\/v2\/posts"}],"about":[{"href":"https:\/\/by-tv.co.uk\/en\/wp-json\/wp\/v2\/types\/post"}],"author":[{"embeddable":true,"href":"https:\/\/by-tv.co.uk\/en\/wp-json\/wp\/v2\/users\/11"}],"replies":[{"embeddable":true,"href":"https:\/\/by-tv.co.uk\/en\/wp-json\/wp\/v2\/comments?post=38138"}],"version-history":[{"count":1,"href":"https:\/\/by-tv.co.uk\/en\/wp-json\/wp\/v2\/posts\/38138\/revisions"}],"predecessor-version":[{"id":38139,"href":"https:\/\/by-tv.co.uk\/en\/wp-json\/wp\/v2\/posts\/38138\/revisions\/38139"}],"wp:featuredmedia":[{"embeddable":true,"href":"https:\/\/by-tv.co.uk\/en\/wp-json\/wp\/v2\/media\/23288"}],"wp:attachment":[{"href":"https:\/\/by-tv.co.uk\/en\/wp-json\/wp\/v2\/media?parent=38138"}],"wp:term":[{"taxonomy":"category","embeddable":true,"href":"https:\/\/by-tv.co.uk\/en\/wp-json\/wp\/v2\/categories?post=38138"},{"taxonomy":"post_tag","embeddable":true,"href":"https:\/\/by-tv.co.uk\/en\/wp-json\/wp\/v2\/tags?post=38138"}],"curies":[{"name":"wp","href":"https:\/\/api.w.org\/{rel}","templated":true}]}}