{"id":38125,"date":"2026-03-30T13:38:41","date_gmt":"2026-03-30T12:38:41","guid":{"rendered":"https:\/\/by-tv.co.uk\/?p=38125"},"modified":"2026-03-30T09:38:57","modified_gmt":"2026-03-30T08:38:57","slug":"rachel-reeves-temiz-enerji-fiyat-soklarina-karsi-tek-cozum","status":"publish","type":"post","link":"https:\/\/by-tv.co.uk\/en\/rachel-reeves-temiz-enerji-fiyat-soklarina-karsi-tek-cozum\/","title":{"rendered":"Rachel Reeves: Temiz Enerji Fiyat \u015eoklar\u0131na Kar\u015f\u0131 Tek \u00c7\u00f6z\u00fcm"},"content":{"rendered":"<div id=\"model-response-message-contentr_199cd1304f309922\" class=\"markdown markdown-main-panel enable-updated-hr-color\" dir=\"ltr\" aria-live=\"polite\" aria-busy=\"false\">\n<h4 data-path-to-node=\"1\"><b data-path-to-node=\"1\" data-index-in-node=\"0\">G7 Zirvesinde Temiz Enerji Vurgusu<\/b><\/h4>\n<p data-path-to-node=\"2\"><b data-path-to-node=\"2\" data-index-in-node=\"0\">Birle\u015fik Krall\u0131k<\/b> Maliye Bakan\u0131 <b data-path-to-node=\"2\" data-index-in-node=\"31\">Rachel Reeves<\/b>, temiz enerjiye ge\u00e7i\u015fin h\u0131zland\u0131r\u0131lmas\u0131n\u0131n fosil yak\u0131t kaynakl\u0131 fiyat \u015foklar\u0131na kar\u015f\u0131 en iyi savunma oldu\u011funu ifade edecek. <b data-path-to-node=\"2\" data-index-in-node=\"169\">Reeves<\/b> ve Enerji Bakan\u0131 <b data-path-to-node=\"2\" data-index-in-node=\"193\">Ed Miliband<\/b>, Pazartesi g\u00fcn\u00fc <b data-path-to-node=\"2\" data-index-in-node=\"221\">G7<\/b> maliye ve enerji bakanlar\u0131yla bir araya gelerek ekonomileri petrol ve gaz piyasalar\u0131ndaki dalgalanmalardan koruma stratejilerini tart\u0131\u015facak.<\/p>\n<p data-path-to-node=\"3\"><b data-path-to-node=\"3\" data-index-in-node=\"0\">The Guardian\u2019\u0131n haberine g\u00f6re<\/b> <b data-path-to-node=\"3\" data-index-in-node=\"30\">Reeves<\/b>, yenilenebilir enerji ve n\u00fckleer g\u00fcce dayal\u0131 uzun vadeli enerji g\u00fcvenli\u011finin gelecekteki krizleri \u00f6nlemenin tek yolu oldu\u011funu savunacak. <b data-path-to-node=\"3\" data-index-in-node=\"174\">Reeves<\/b>, k\u00fcresel piyasalar\u0131n istikrars\u0131zl\u0131\u011f\u0131na kar\u015f\u0131 \u00fclkelerin birlikte hareket etmesinin \u00f6nemine dikkat \u00e7ekecek.<\/p>\n<h4 data-path-to-node=\"4\"><b data-path-to-node=\"4\" data-index-in-node=\"0\">H\u00fcrm\u00fcz Bo\u011faz\u0131 Krizi ve Acil Durum Planlar\u0131<\/b><\/h4>\n<p data-path-to-node=\"5\">Ba\u015fbakan <b data-path-to-node=\"5\" data-index-in-node=\"9\">Sir Keir Starmer<\/b>, <b data-path-to-node=\"5\" data-index-in-node=\"27\">H\u00fcrm\u00fcz Bo\u011faz\u0131<\/b>&#8216;ndaki blokaj\u0131n yaratt\u0131\u011f\u0131 krizle ilgili acil durum \u00f6nlemlerini g\u00f6r\u00fc\u015fmek \u00fczere enerji ve sigorta sekt\u00f6r\u00fcn\u00fcn dev isimlerini toplant\u0131ya \u00e7a\u011f\u0131rd\u0131. <b data-path-to-node=\"5\" data-index-in-node=\"182\">Shell<\/b>, <b data-path-to-node=\"5\" data-index-in-node=\"189\">BP<\/b>, <b data-path-to-node=\"5\" data-index-in-node=\"193\">Centrica<\/b> ve <b data-path-to-node=\"5\" data-index-in-node=\"205\">Equinor<\/b> gibi enerji \u015firketlerinin yan\u0131 s\u0131ra <b data-path-to-node=\"5\" data-index-in-node=\"249\">Lloyd\u2019s of London<\/b> ve <b data-path-to-node=\"5\" data-index-in-node=\"270\">Goldman Sachs<\/b> gibi finans devlerinin de kat\u0131laca\u011f\u0131 zirvede, bo\u011faz\u0131n kapal\u0131 kalmas\u0131 ihtimaline kar\u015f\u0131 k\u0131sa ve uzun vadeli planlar masaya yat\u0131r\u0131lacak.<\/p><div id=\"briti-3443225785\" class=\"briti-icerik\" style=\"margin-top: 5px;margin-bottom: 5px;\"><a href=\"https:\/\/piaryum.com\/services\/\" aria-label=\"piaryum banner\"><img loading=\"lazy\" decoding=\"async\" src=\"https:\/\/by-tv.co.uk\/wp-content\/uploads\/2025\/12\/Gemini_Generated_Image_g5yqr1g5yqr1g5yq.jpg\" alt=\"\"  width=\"2064\" height=\"1152\"   \/><\/a><\/div>\n<p data-path-to-node=\"6\"><b data-path-to-node=\"6\" data-index-in-node=\"0\">Hazine<\/b> kaynaklar\u0131, <b data-path-to-node=\"6\" data-index-in-node=\"19\">Reeves<\/b>&#8216;in enerji yat\u0131r\u0131m\u0131n\u0131 h\u0131zland\u0131rmak i\u00e7in bu y\u0131l i\u00e7inde <b data-path-to-node=\"6\" data-index-in-node=\"79\">Fingleton \u0130ncelemesi<\/b> sonu\u00e7lar\u0131n\u0131 uygulamaya koyma niyetinde oldu\u011funu belirtiyor. Bakan, <b data-path-to-node=\"6\" data-index-in-node=\"167\">G7<\/b> ortaklar\u0131na y\u00f6nelik uyar\u0131s\u0131nda, kolektif direnci zay\u0131flatacak ad\u0131mlardan ka\u00e7\u0131n\u0131lmas\u0131 gerekti\u011fini vurgulayacak.<\/p>\n<h4 data-path-to-node=\"7\"><b data-path-to-node=\"7\" data-index-in-node=\"0\">Muhalefetten &#8220;Kuzey Denizi&#8221; Tepkisi<\/b><\/h4>\n<p data-path-to-node=\"8\">Muhafazakar Parti lideri <b data-path-to-node=\"8\" data-index-in-node=\"25\">Kemi Badenoch<\/b>, h\u00fck\u00fcmetin enerji politikalar\u0131n\u0131 ele\u015ftirerek Kuzey Denizi\u2019nde yeni petrol ve gaz aramalar\u0131na izin verilmesi \u00e7a\u011fr\u0131s\u0131n\u0131 yineledi. <b data-path-to-node=\"8\" data-index-in-node=\"167\">Badenoch<\/b>, enerji faturalar\u0131ndaki <b data-path-to-node=\"8\" data-index-in-node=\"200\">KDV<\/b>\u2019nin kald\u0131r\u0131lmas\u0131n\u0131 ve ye\u015fil vergilerin durdurulmas\u0131n\u0131 talep ederek, kendi planlar\u0131n\u0131n hane halk\u0131 faturalar\u0131nda <b data-path-to-node=\"8\" data-index-in-node=\"315\">200 sterlin<\/b> indirim sa\u011flayaca\u011f\u0131n\u0131 iddia etti.<\/p>\n<p data-path-to-node=\"9\">Buna kar\u015f\u0131l\u0131k <b data-path-to-node=\"9\" data-index-in-node=\"14\">Rachel Reeves<\/b>, yeni lisanslar\u0131n faturalar\u0131 d\u00fc\u015f\u00fcrmeyece\u011fini belirterek muhalefetin taleplerini reddetti. <b data-path-to-node=\"9\" data-index-in-node=\"118\">Badenoch<\/b> ise bir televizyon program\u0131nda yapt\u0131\u011f\u0131 a\u00e7\u0131klamada, yeni sondajlar\u0131n do\u011frudan faturalara yans\u0131mayabilece\u011fini ancak d\u0131\u015fa ba\u011f\u0131ml\u0131l\u0131\u011f\u0131 azaltmak ad\u0131na kritik oldu\u011funu kabul etti.<\/p>\n<\/div>\n<div id=\"briti-3568866598\" class=\"briti-icerikten-sonra_2\" style=\"margin-top: 25px;margin-bottom: 25px;\"><a href=\"https:\/\/wa.me\/message\/NDZLLIOQT4H3O1\" aria-label=\"bytv reklam banner\"><img loading=\"lazy\" decoding=\"async\" src=\"https:\/\/by-tv.co.uk\/wp-content\/uploads\/2025\/12\/bytv-reklam-banner.jpg\" alt=\"\"  width=\"2376\" height=\"1008\"   \/><\/a><\/div>","protected":false},"excerpt":{"rendered":"<p>G7 Zirvesinde Temiz Enerji Vurgusu Birle\u015fik Krall\u0131k Maliye Bakan\u0131 Rachel Reeves, temiz enerjiye ge\u00e7i\u015fin h\u0131zland\u0131r\u0131lmas\u0131n\u0131n fosil yak\u0131t kaynakl\u0131 fiyat \u015foklar\u0131na kar\u015f\u0131 en iyi savunma oldu\u011funu ifade edecek. Reeves ve Enerji Bakan\u0131 Ed Miliband, Pazartesi g\u00fcn\u00fc G7 maliye ve enerji bakanlar\u0131yla bir araya gelerek ekonomileri petrol ve gaz piyasalar\u0131ndaki dalgalanmalardan koruma stratejilerini tart\u0131\u015facak. The Guardian\u2019\u0131n haberine g\u00f6re Reeves, yenilenebilir enerji ve n\u00fckleer g\u00fcce dayal\u0131 uzun vadeli enerji g\u00fcvenli\u011finin gelecekteki krizleri \u00f6nlemenin tek yolu oldu\u011funu savunacak. Reeves, k\u00fcresel piyasalar\u0131n istikrars\u0131zl\u0131\u011f\u0131na kar\u015f\u0131 \u00fclkelerin birlikte hareket etmesinin \u00f6nemine dikkat \u00e7ekecek. H\u00fcrm\u00fcz Bo\u011faz\u0131 Krizi ve Acil Durum Planlar\u0131 Ba\u015fbakan Sir Keir Starmer, H\u00fcrm\u00fcz Bo\u011faz\u0131&#8216;ndaki blokaj\u0131n [&hellip;]<\/p>\n","protected":false},"author":11,"featured_media":34533,"comment_status":"open","ping_status":"open","sticky":false,"template":"","format":"standard","meta":{"ngg_post_thumbnail":0,"footnotes":""},"categories":[5269,15],"tags":[],"class_list":["post-38125","post","type-post","status-publish","format-standard","has-post-thumbnail","hentry","category-birlesik-krallik","category-ingiltere"],"_links":{"self":[{"href":"https:\/\/by-tv.co.uk\/en\/wp-json\/wp\/v2\/posts\/38125","targetHints":{"allow":["GET"]}}],"collection":[{"href":"https:\/\/by-tv.co.uk\/en\/wp-json\/wp\/v2\/posts"}],"about":[{"href":"https:\/\/by-tv.co.uk\/en\/wp-json\/wp\/v2\/types\/post"}],"author":[{"embeddable":true,"href":"https:\/\/by-tv.co.uk\/en\/wp-json\/wp\/v2\/users\/11"}],"replies":[{"embeddable":true,"href":"https:\/\/by-tv.co.uk\/en\/wp-json\/wp\/v2\/comments?post=38125"}],"version-history":[{"count":2,"href":"https:\/\/by-tv.co.uk\/en\/wp-json\/wp\/v2\/posts\/38125\/revisions"}],"predecessor-version":[{"id":38127,"href":"https:\/\/by-tv.co.uk\/en\/wp-json\/wp\/v2\/posts\/38125\/revisions\/38127"}],"wp:featuredmedia":[{"embeddable":true,"href":"https:\/\/by-tv.co.uk\/en\/wp-json\/wp\/v2\/media\/34533"}],"wp:attachment":[{"href":"https:\/\/by-tv.co.uk\/en\/wp-json\/wp\/v2\/media?parent=38125"}],"wp:term":[{"taxonomy":"category","embeddable":true,"href":"https:\/\/by-tv.co.uk\/en\/wp-json\/wp\/v2\/categories?post=38125"},{"taxonomy":"post_tag","embeddable":true,"href":"https:\/\/by-tv.co.uk\/en\/wp-json\/wp\/v2\/tags?post=38125"}],"curies":[{"name":"wp","href":"https:\/\/api.w.org\/{rel}","templated":true}]}}