{"id":38092,"date":"2026-03-29T15:55:18","date_gmt":"2026-03-29T14:55:18","guid":{"rendered":"https:\/\/by-tv.co.uk\/?p=38092"},"modified":"2026-03-29T16:10:41","modified_gmt":"2026-03-29T15:10:41","slug":"londrada-turkiye-ingiltere-yatirim-forumu","status":"publish","type":"post","link":"https:\/\/by-tv.co.uk\/en\/londrada-turkiye-ingiltere-yatirim-forumu\/","title":{"rendered":"Londra\u2019da T\u00fcrkiye-\u0130ngiltere yat\u0131r\u0131m forumu yap\u0131ld\u0131"},"content":{"rendered":"<p>Londra\u2019da, <strong>T\u00fcrkiye\u2019de \u0130ngiliz Ticaret Odas\u0131 (BCCT)<\/strong> taraf\u0131ndan d\u00fczenlenen \u201cT\u00fcrkiye-\u0130ngiltere Stratejik Ticaret ve Yat\u0131r\u0131m Forumu\u201d, i\u015f d\u00fcnyas\u0131 temsilcileri ile politika yap\u0131c\u0131lar\u0131 bir araya getirdi. <b>F<\/b>orum T\u00fcrkiye\u2019nin Londra B\u00fcy\u00fckel\u00e7isi <strong>Osman Koray Erta\u015f\u2019\u0131n<\/strong> ev sahipli\u011finde ger\u00e7ekle\u015ftirildi.<\/p>\n<p><img loading=\"lazy\" decoding=\"async\" class=\"alignnone size-full wp-image-38100\" src=\"https:\/\/by-tv.co.uk\/wp-content\/uploads\/2026\/03\/turkiye-ingiltere-yatirm-forumu-3.jpeg\" alt=\"\" width=\"2560\" height=\"1706\" title=\"\"><\/p>\n<p>Toplant\u0131ya, \u0130ngiltere\u2019nin T\u00fcrkiye Ticaret Temsilcisi <strong>Daniel Zeichner<\/strong>, BCCT Ba\u015fkan\u0131 <strong>Chris Gaunt<\/strong> ve Standard Chartered \u0130ngiltere \u00dcst Y\u00f6neticisi <strong>Saif Malik<\/strong> de kat\u0131ld\u0131. Forumda, iki \u00fclke aras\u0131ndaki ticaret ve yat\u0131r\u0131m f\u0131rsatlar\u0131 ile k\u00fcresel ekonomide yapay zek\u00e2 destekli d\u00f6n\u00fc\u015f\u00fcm\u00fcn etkileri ele al\u0131nd\u0131.<\/p>\n<h4>\u201cT\u00fcrkiye istikrar sa\u011flay\u0131c\u0131 bir akt\u00f6r\u201d<\/h4>\n<p>A\u00e7\u0131l\u0131\u015f konu\u015fmas\u0131nda b\u00f6lgesel geli\u015fmelere de\u011finen <strong>B\u00fcy\u00fckel\u00e7i Erta\u015f<\/strong>, Orta Do\u011fu\u2019daki \u00e7at\u0131\u015fmalar\u0131n enerji ve g\u0131da g\u00fcvenli\u011fi a\u00e7\u0131s\u0131ndan risk olu\u015fturdu\u011funu belirtti. Avrupa\u2019n\u0131n artan g\u00f6\u00e7 bask\u0131s\u0131 ve g\u00fcvenlik tehditleriyle kar\u015f\u0131 kar\u015f\u0131ya kalabilece\u011fini ifade eden Erta\u015f, T\u00fcrkiye\u2019nin krizlere ra\u011fmen istikrar\u0131n\u0131 korudu\u011funu vurgulad\u0131.<\/p><div id=\"briti-1873567913\" class=\"briti-icerik\" style=\"margin-top: 5px;margin-bottom: 5px;\"><a href=\"https:\/\/piaryum.com\/services\/\" aria-label=\"piaryum banner\"><img loading=\"lazy\" decoding=\"async\" src=\"https:\/\/by-tv.co.uk\/wp-content\/uploads\/2025\/12\/Gemini_Generated_Image_g5yqr1g5yqr1g5yq.jpg\" alt=\"\"  width=\"2064\" height=\"1152\"   \/><\/a><\/div>\n<div id=\"attachment_38099\" style=\"width: 1610px\" class=\"wp-caption alignnone\"><img loading=\"lazy\" decoding=\"async\" aria-describedby=\"caption-attachment-38099\" class=\"size-full wp-image-38099\" src=\"https:\/\/by-tv.co.uk\/wp-content\/uploads\/2026\/03\/Koray-Ertas.jpeg\" alt=\"\" width=\"1600\" height=\"1066\" title=\"\"><p id=\"caption-attachment-38099\" class=\"wp-caption-text\">T\u00fcrkiye\u2019nin Londra B\u00fcy\u00fckel\u00e7isi Osman Koray Erta\u015f<\/p><\/div>\n<p>T\u00fcrkiye\u2019nin ge\u00e7mi\u015fte \u0130ran-Irak Sava\u015f\u0131, K\u00f6rfez Sava\u015flar\u0131 ve Suriye ile Ukrayna\u2019daki \u00e7at\u0131\u015fmalar gibi bir\u00e7ok zorlu s\u00fcre\u00e7ten ge\u00e7ti\u011fini hat\u0131rlatan Erta\u015f, bu deneyimlerin \u00fclkeyi daha dayan\u0131kl\u0131 hale getirdi\u011fini s\u00f6yledi.<\/p>\n<p><a href=\"https:\/\/by-tv.co.uk\/en\/?s=koray+erta%C5%9F\">Erta\u015f,<\/a> \u201c<strong>T\u00fcrkiye, askeri kapasitesi, sanayi altyap\u0131s\u0131 ve arabuluculuk kabiliyetiyle istikrar sa\u011flay\u0131c\u0131 bir akt\u00f6r haline geldi<\/strong>\u201d dedi. B\u00f6lgesel \u00e7at\u0131\u015fmalar\u0131n sona ermesi durumunda T\u00fcrkiye\u2019nin hem diplomatik hem ekonomik etkisinin artaca\u011f\u0131n\u0131 belirten Erta\u015f, \u00f6zellikle yeniden in\u015fa s\u00fcre\u00e7lerinde \u00f6nemli rol \u00fcstlenilebilece\u011fini ifade etti.<\/p>\n<p>Enerji alan\u0131ndaki geli\u015fmelere de de\u011finen Erta\u015f, T\u00fcrkiye\u2019nin \u201cenerji ge\u00e7i\u015f \u00fclkesi ve merkezi\u201d olma potansiyeline dikkat \u00e7ekti.<\/p>\n<h4>Daniel Zeichner: \u201cT\u00fcrkiye dinamik ve f\u0131rsatlar sunuyor\u201d<\/h4>\n<p>Birle\u015fik Krall\u0131k\u2019\u0131n T\u00fcrkiye Ticaret Temsilcisi <strong>Daniel Zeichner<\/strong>, forumdaki konu\u015fmas\u0131nda T\u00fcrkiye ekonomisinin dinamizmine ve iki \u00fclke aras\u0131ndaki i\u015f birli\u011fi potansiyeline dikkat \u00e7ekti. Zeichner, g\u00f6reve k\u0131sa s\u00fcre \u00f6nce atanmas\u0131na ra\u011fmen T\u00fcrkiye ile h\u0131zl\u0131 temas kurdu\u011funu belirterek, \u201c\u0130stanbul ziyaretimde dinamik bir ekonomi, g\u00fc\u00e7l\u00fc bir g\u00fcven ortam\u0131 ve iyimserlik g\u00f6rd\u00fcm. Bu tablo son derece te\u015fvik edici\u201d ifadelerini kulland\u0131.<\/p>\n<div id=\"attachment_38098\" style=\"width: 1610px\" class=\"wp-caption alignnone\"><img loading=\"lazy\" decoding=\"async\" aria-describedby=\"caption-attachment-38098\" class=\"size-full wp-image-38098\" src=\"https:\/\/by-tv.co.uk\/wp-content\/uploads\/2026\/03\/Daniel-Zeichner.jpeg\" alt=\"\" width=\"1600\" height=\"1066\" title=\"\"><p id=\"caption-attachment-38098\" class=\"wp-caption-text\">Birle\u015fik Krall\u0131k\u2019\u0131n T\u00fcrkiye Ticaret Temsilcisi Daniel Zeichner<\/p><\/div>\n<p>\u0130ki \u00fclke aras\u0131nda \u00f6zellikle finans ve sanayi alanlar\u0131nda yeni f\u0131rsatlar bulundu\u011funu vurgulayan Zeichner, Birle\u015fik Krall\u0131k merkezli bir havac\u0131l\u0131k \u015firketinin T\u00fcrk h\u00fck\u00fcmeti ad\u0131na u\u00e7ak bak\u0131m s\u00f6zle\u015fmesi imzalamas\u0131n\u0131 \u00f6rnek g\u00f6sterdi. <strong>\u201cDaha yak\u0131n ili\u015fkiler kurmak i\u00e7in \u00f6nemli f\u0131rsatlar var\u201d<\/strong> diyen Zeichner, i\u015f d\u00fcnyas\u0131 temsilcileriyle temaslar\u0131n\u0131 art\u0131rmay\u0131 hedefledi\u011fini belirterek forumun bu a\u00e7\u0131dan \u00f6nemli bir platform sundu\u011funu ifade etti.<\/p>\n<h4>\u201c\u0130ki \u00fclke birbirini tamaml\u0131yor\u201d<\/h4>\n<p>Program, <strong><a href=\"https:\/\/www.bcct.org.tr\/\" target=\"_blank\" rel=\"noopener\">BCCT<\/a> Ba\u015fkan\u0131 Chris Gaunt OBE<\/strong> ve Standard Chartered UK CEO\u2019su <strong>Saif Malik<\/strong>\u2019in konu\u015fmalar\u0131yla devam etti. <strong>Chris Gaunt<\/strong>, iki \u00fclkenin yaln\u0131zca ticaret hacmi a\u00e7\u0131s\u0131ndan de\u011fil, inovasyon, teknoloji ve s\u00fcrd\u00fcr\u00fclebilir b\u00fcy\u00fcme alanlar\u0131nda da birbirini tamamlayan ekonomiler oldu\u011funu vurgulad\u0131. Gaunt, \u00f6zellikle dijital d\u00f6n\u00fc\u015f\u00fcm, ye\u015fil finans ve yapay zek\u00e2 odakl\u0131 yat\u0131r\u0131mlar\u0131n i\u015f birli\u011fini ileri ta\u015f\u0131yaca\u011f\u0131n\u0131 belirtti.<\/p>\n<div id=\"attachment_38105\" style=\"width: 2570px\" class=\"wp-caption alignnone\"><img loading=\"lazy\" decoding=\"async\" aria-describedby=\"caption-attachment-38105\" class=\"size-full wp-image-38105\" src=\"https:\/\/by-tv.co.uk\/wp-content\/uploads\/2026\/03\/chris-gaunt-2-scaled.jpg\" alt=\"\" width=\"2560\" height=\"1440\" title=\"\"><p id=\"caption-attachment-38105\" class=\"wp-caption-text\">BCCT Ba\u015fkan\u0131 Chris Gaunt OBE<\/p><\/div>\n<p>BCCT Ba\u015fkan\u0131 <strong>Chris Gaunt<\/strong> ise T\u00fcrkiye ile \u0130ngiltere aras\u0131ndaki stratejik ortakl\u0131\u011f\u0131n g\u00fc\u00e7lendi\u011fini belirtti. \u0130ki \u00fclkenin yaln\u0131zca ticaret hacmiyle de\u011fil, teknoloji ve s\u00fcrd\u00fcr\u00fclebilir b\u00fcy\u00fcme alanlar\u0131ndaki i\u015fbirlikleriyle de \u00f6ne \u00e7\u0131kt\u0131\u011f\u0131n\u0131 ifade etti.<\/p>\n<p>Gaunt, \u201c<strong>T\u00fcrkiye ve \u0130ngiltere birbirini tamamlayan iki g\u00fc\u00e7l\u00fc ekonomi<\/strong>. \u00d6zellikle dijital d\u00f6n\u00fc\u015f\u00fcm, ye\u015fil finans ve yapay zek\u00e2 odakl\u0131 yat\u0131r\u0131mlar i\u015fbirli\u011fini ileri ta\u015f\u0131yacak\u201d de\u011ferlendirmesinde bulundu.<\/p>\n<p><img loading=\"lazy\" decoding=\"async\" class=\"alignnone size-full wp-image-38102\" src=\"https:\/\/by-tv.co.uk\/wp-content\/uploads\/2026\/03\/turkiye-ingiltere-yatirm-forumu-5.jpeg\" alt=\"\" width=\"1600\" height=\"1066\" title=\"\"><\/p>\n<h4>Saif Malik: \u201c\u0130li\u015fki giderek daha stratejik hale geliyor\u201d<\/h4>\n<p>Standard Chartered Birle\u015fik Krall\u0131k CEO\u2019su <strong>Saif Malik<\/strong>, forumdaki konu\u015fmas\u0131nda T\u00fcrkiye ile Birle\u015fik Krall\u0131k aras\u0131ndaki ekonomik ili\u015fkilerin giderek daha stratejik bir nitelik kazand\u0131\u011f\u0131n\u0131 vurgulad\u0131. Malik, iki \u00fclke aras\u0131ndaki ticaret ve yat\u0131r\u0131m\u0131n; ileri \u00fcretim, otomotiv, finansal hizmetler, altyap\u0131 ve enerji gibi bir\u00e7ok sekt\u00f6rde derinle\u015ferek \u00e7e\u015fitlendi\u011fini ifade etti.<\/p>\n<p>T\u00fcrkiye\u2019nin Avrupa, Asya ve Orta Do\u011fu aras\u0131nda kritik bir k\u00f6pr\u00fc rol\u00fc \u00fcstlendi\u011fine dikkat \u00e7eken <strong>Malik<\/strong>, Standard Chartered\u2019\u0131n bu s\u00fcre\u00e7te \u00f6nemli projelere finansman sa\u011flad\u0131\u011f\u0131n\u0131 belirtti. Ankara-\u0130zmir Y\u00fcksek H\u0131zl\u0131 Tren Hatt\u0131 ve yenilenebilir enerji yat\u0131r\u0131mlar\u0131 gibi projeleri \u00f6rnek g\u00f6steren Malik, <strong>\u201cGeli\u015ftirilmi\u015f Serbest Ticaret Anla\u015fmas\u0131, ticareti derinle\u015ftirmek ve yeni yat\u0131r\u0131mlar\u0131n \u00f6n\u00fcn\u00fc a\u00e7mak i\u00e7in \u00f6nemli bir ad\u0131m olacakt\u0131r\u201d<\/strong> de\u011ferlendirmesinde bulundu.<\/p>\n<div id=\"attachment_38094\" style=\"width: 2570px\" class=\"wp-caption alignnone\"><img loading=\"lazy\" decoding=\"async\" aria-describedby=\"caption-attachment-38094\" class=\"size-full wp-image-38094\" src=\"https:\/\/by-tv.co.uk\/wp-content\/uploads\/2026\/03\/sait-malik.jpeg\" alt=\"\" width=\"2560\" height=\"1706\" title=\"\"><p id=\"caption-attachment-38094\" class=\"wp-caption-text\">Standard Chartered Birle\u015fik Krall\u0131k CEO\u2019su Saif Malik<\/p><\/div>\n<p><strong>Saif Malik<\/strong>, T\u00fcrkiye\u2019nin yaln\u0131zca ikili ticaret a\u00e7\u0131s\u0131ndan de\u011fil, <strong>Avrupa, Asya ve Orta Do\u011fu aras\u0131nda stratejik bir k\u00f6pr\u00fc<\/strong> olarak kritik bir rol oynad\u0131\u011f\u0131n\u0131 vurgulad\u0131. K\u00fcresel bir banka olarak ama\u00e7lar\u0131n\u0131n m\u00fc\u015fterileri f\u0131rsatlarla bulu\u015fturmak oldu\u011funu belirten Malik, bu do\u011frultuda <strong>UK Export Finance (UKEF)<\/strong> ile y\u00fcr\u00fctt\u00fckleri i\u015f birliklerine dikkat \u00e7ekti.<\/p>\n<p>Malik ayr\u0131ca, T\u00fcrkiye\u2019de hayata ge\u00e7irilen b\u00fcy\u00fck \u00f6l\u00e7ekli projelere sa\u011flanan finansman\u0131 \u00f6rnek g\u00f6sterdi. Ankara-\u0130zmir Y\u00fcksek H\u0131zl\u0131 Tren Hatt\u0131 i\u00e7in sa\u011flanan <strong>2,4 milyar euroluk ye\u015fil finansman<\/strong>, yenilenebilir enerji yat\u0131r\u0131mlar\u0131 ve sanayi altyap\u0131 projelerinin iki \u00fclke aras\u0131ndaki ekonomik i\u015f birli\u011finin somut g\u00f6stergeleri oldu\u011funu ifade etti. <strong>\u201cBu ba\u015far\u0131lar sadece ba\u015flang\u0131\u00e7\u201d<\/strong> diyen Malik, geli\u015ftirilmesi planlanan Serbest Ticaret Anla\u015fmas\u0131\u2019n\u0131n iki \u00fclke aras\u0131nda <strong>ticaret, yat\u0131r\u0131m ve sekt\u00f6rler aras\u0131 i\u015f birliklerini daha da art\u0131raca\u011f\u0131n\u0131<\/strong> belirtti.<\/p>\n<h4><b>&nbsp;<\/b>Ticaret ve teknoloji koridoru masaya yat\u0131r\u0131ld\u0131<\/h4>\n<p>Etkinlik kapsam\u0131nda d\u00fczenlenen ilk panelde, \u201cT\u00fcrkiye\u2013Birle\u015fik Krall\u0131k Ticaret, Yat\u0131r\u0131m ve Teknoloji Koridorunun G\u00fc\u00e7lendirilmesi\u201d konusu ele al\u0131nd\u0131. Panelde finansman ara\u00e7lar\u0131, altyap\u0131 yat\u0131r\u0131mlar\u0131 ve inovasyon ekosistemleri \u00f6ne \u00e7\u0131kt\u0131.<\/p>\n<p>Ayr\u0131ca Serbest Ticaret Anla\u015fmas\u0131\u2019n\u0131n dijital \u00e7a\u011fa uyumu, ticaret ak\u0131\u015flar\u0131na etkisi, ye\u015fil finans ve kamu-\u00f6zel sekt\u00f6r i\u015f birlikleri detayl\u0131 \u015fekilde tart\u0131\u015f\u0131ld\u0131. Ak\u0131ll\u0131 \u00fcretim, lojistikte dijitalle\u015fme ve enerji d\u00f6n\u00fc\u015f\u00fcm\u00fc de g\u00fcndemin \u00f6nemli ba\u015fl\u0131klar\u0131 aras\u0131nda yer ald\u0131.<\/p>\n<p><img loading=\"lazy\" decoding=\"async\" class=\"alignnone size-full wp-image-38101\" src=\"https:\/\/by-tv.co.uk\/wp-content\/uploads\/2026\/03\/turkiye-ingiltere-yatirm-forumu-4.jpeg\" alt=\"\" width=\"1600\" height=\"1066\" title=\"\"><\/p>\n<p>\u201cT\u00fcrkiye\u2013Birle\u015fik Krall\u0131k Ticaret, Yat\u0131r\u0131m ve Teknoloji Koridorunun G\u00fc\u00e7lendirilmesi\u201d ba\u015fl\u0131kl\u0131 ilk panel, <strong>Standard Chartered Bank\u2019ten Faruq Muhammed<\/strong> moderat\u00f6rl\u00fc\u011f\u00fcnde ger\u00e7ekle\u015ftirildi. Panelde, <strong>HSBC K\u0131demli Ekonomisti Melis Metiner<\/strong>, <strong>UK Export Finance (UKEF) K\u00fcresel M\u00fc\u015fteri ve \u0130\u015f Geli\u015ftirme Ba\u015fkan\u0131 Vomic Nur Shah<\/strong>, <strong>T.C.<\/strong> <strong>Cumhurba\u015fkanl\u0131\u011f\u0131 Yat\u0131r\u0131m ve Finans Ofisi Birle\u015fik Krall\u0131k \u00dclke Dan\u0131\u015fman\u0131 Ersoy Erkazanc\u0131<\/strong> ve <strong>Guden Solicitors Orta\u011f\u0131 Ali G\u00fcden<\/strong> konu\u015fmac\u0131 olarak yer ald\u0131. Kat\u0131l\u0131mc\u0131lar, ikili ticarette finansman ara\u00e7lar\u0131, altyap\u0131 yat\u0131r\u0131mlar\u0131 ve inovasyon ekosistemleri ile Serbest Ticaret Anla\u015fmas\u0131\u2019n\u0131n dijital \u00e7a\u011fa uyumu gibi ba\u015fl\u0131klar\u0131 \u00e7ok boyutlu \u015fekilde de\u011ferlendirdi.<\/p>\n<h4>Rekabetin gelece\u011fi: Yetenek ve yapay zek\u00e2<\/h4>\n<p>\u201cT\u00fcrkiye\u2013Birle\u015fik Krall\u0131k Ekonomik Koridorunu Gelece\u011fe Haz\u0131rlamak\u201d ba\u015fl\u0131kl\u0131 ikinci panelde ise yetenek y\u00f6netimi, e\u011fitim ve teknoloji konular\u0131 \u00f6ne \u00e7\u0131kt\u0131. Yapay zek\u00e2 ve dijital d\u00f6n\u00fc\u015f\u00fcm\u00fcn e\u011fitim ve ara\u015ft\u0131rma \u00fczerindeki etkileri de\u011ferlendirilirken, <strong>Oxford \u00dcniversitesi\u2019nin ara\u015ft\u0131rma yakla\u015f\u0131m\u0131<\/strong> ve <strong>Tarabya British Schools\u2019un hibrit e\u011fitim modeli<\/strong> \u00f6rnek olarak ele al\u0131nd\u0131.<\/p>\n<p>Kat\u0131l\u0131mc\u0131lar, bu modellerin k\u00fcresel \u00f6l\u00e7ekte rekabet edebilecek bireyler yeti\u015ftirmedeki rol\u00fcne dikkat \u00e7ekti. Ayr\u0131ca T\u00fcrkiye ve Birle\u015fik Krall\u0131k aras\u0131nda STEM, yetenek geli\u015fimi ve inovasyon ekosistemlerinde i\u015f birli\u011fi f\u0131rsatlar\u0131 de\u011ferlendirildi. Akademi ile sanayi aras\u0131nda g\u00fc\u00e7l\u00fc ba\u011flar kurulmas\u0131n\u0131n s\u00fcrd\u00fcr\u00fclebilir yetenek havuzlar\u0131 olu\u015fturmadaki kritik \u00f6nemi vurguland\u0131.<\/p>\n<p><img loading=\"lazy\" decoding=\"async\" class=\"alignnone size-full wp-image-38093\" src=\"https:\/\/by-tv.co.uk\/wp-content\/uploads\/2026\/03\/turkiye-ingiltere-yatirm-forumu-1.jpeg\" alt=\"\" width=\"2560\" height=\"1706\" title=\"\"><\/p>\n<p>\u201cT\u00fcrkiye\u2013Birle\u015fik Krall\u0131k Ekonomik Koridorunu Gelece\u011fe Haz\u0131rlamak: Yetenek, Teknoloji ve Yapay Zek\u00e2 Odakl\u0131 Rekabet\u201d ba\u015fl\u0131kl\u0131 ikinci panel ise <strong>Oxford T\u00fcrkiye Mezunlar Derne\u011fi Ba\u015fkan\u0131 ve BCCT Dan\u0131\u015fma Kurulu \u00dcyesi Fatih Ayd\u0131n<\/strong> moderat\u00f6rl\u00fc\u011f\u00fcnde d\u00fczenlendi. Panelde, <strong>Oxford \u00dcniversitesi Giri\u015fimcilik ve \u0130novasyon Profes\u00f6r\u00fc P\u0131nar \u00d6zcan<\/strong>, <strong>Glenalmond College Y\u00f6netim Kurulu Ba\u015fkan\u0131 Ba\u015fak Akdemir<\/strong>, <strong>Tarabya British Schools Y\u00f6netim Kurulu Ba\u015fkan Yard\u0131mc\u0131s\u0131 ve D\u0131\u015f \u0130li\u015fkiler Ba\u015fkan\u0131 Steve Phillips<\/strong> ve <strong>Google Kuzey Avrupa (Birle\u015fik Krall\u0131k ve Nordikler) Android \u0130\u015f Ortakl\u0131klar\u0131 Ba\u015fkan\u0131 Salvador Vazquez<\/strong> konu\u015fmac\u0131 olarak yer ald\u0131. Panelde, yapay zek\u00e2 ve dijital d\u00f6n\u00fc\u015f\u00fcm\u00fcn e\u011fitim, ara\u015ft\u0131rma ve yetenek geli\u015fimi \u00fczerindeki etkileri ile iki \u00fclke aras\u0131nda inovasyon ve STEM alanlar\u0131nda i\u015f birli\u011fi f\u0131rsatlar\u0131 ele al\u0131nd\u0131.<\/p>\n<h4>\u0130\u015f birli\u011fi mesaj\u0131 \u00f6ne \u00e7\u0131kt\u0131<\/h4>\n<p>Forum, iki \u00fclke aras\u0131nda ticaret ve yat\u0131r\u0131m ili\u015fkilerinin derinle\u015ftirilmesi, teknoloji odakl\u0131 b\u00fcy\u00fcmenin h\u0131zland\u0131r\u0131lmas\u0131 ve s\u00fcrd\u00fcr\u00fclebilir ekonomik i\u015f birli\u011finin g\u00fc\u00e7lendirilmesi y\u00f6n\u00fcnde g\u00fc\u00e7l\u00fc mesajlar verdi.<\/p>\n<p>Etkinlik, kat\u0131l\u0131mc\u0131lar\u0131n yeni i\u015f ba\u011flant\u0131lar\u0131 kurmas\u0131na imk\u00e2n sa\u011flayan resepsiyon ile sona erdi. Forum, <strong>Standard Chartered, HSBC, TBS ve Guden Solicitors<\/strong> katk\u0131lar\u0131yla ger\u00e7ekle\u015ftirildi.<\/p>\n<p>&nbsp;<\/p>\n<p>&nbsp;<\/p>\n<div id=\"briti-2889613659\" class=\"briti-icerikten-sonra_2\" style=\"margin-top: 25px;margin-bottom: 25px;\"><a href=\"https:\/\/wa.me\/message\/NDZLLIOQT4H3O1\" aria-label=\"bytv reklam banner\"><img loading=\"lazy\" decoding=\"async\" src=\"https:\/\/by-tv.co.uk\/wp-content\/uploads\/2025\/12\/bytv-reklam-banner.jpg\" alt=\"\"  width=\"2376\" height=\"1008\"   \/><\/a><\/div>","protected":false},"excerpt":{"rendered":"<p>Londra\u2019da, T\u00fcrkiye\u2019de \u0130ngiliz Ticaret Odas\u0131 (BCCT) taraf\u0131ndan d\u00fczenlenen \u201cT\u00fcrkiye-\u0130ngiltere Stratejik Ticaret ve Yat\u0131r\u0131m Forumu\u201d, i\u015f d\u00fcnyas\u0131 temsilcileri ile politika yap\u0131c\u0131lar\u0131 bir araya getirdi. Forum T\u00fcrkiye\u2019nin Londra B\u00fcy\u00fckel\u00e7isi Osman Koray Erta\u015f\u2019\u0131n ev sahipli\u011finde ger\u00e7ekle\u015ftirildi. Toplant\u0131ya, \u0130ngiltere\u2019nin T\u00fcrkiye Ticaret Temsilcisi Daniel Zeichner, BCCT Ba\u015fkan\u0131 Chris Gaunt ve Standard Chartered \u0130ngiltere \u00dcst Y\u00f6neticisi Saif Malik de kat\u0131ld\u0131. Forumda, iki \u00fclke aras\u0131ndaki ticaret ve yat\u0131r\u0131m f\u0131rsatlar\u0131 ile k\u00fcresel ekonomide yapay zek\u00e2 destekli d\u00f6n\u00fc\u015f\u00fcm\u00fcn etkileri ele al\u0131nd\u0131. \u201cT\u00fcrkiye istikrar sa\u011flay\u0131c\u0131 bir akt\u00f6r\u201d A\u00e7\u0131l\u0131\u015f konu\u015fmas\u0131nda b\u00f6lgesel geli\u015fmelere de\u011finen B\u00fcy\u00fckel\u00e7i Erta\u015f, Orta Do\u011fu\u2019daki \u00e7at\u0131\u015fmalar\u0131n enerji ve g\u0131da g\u00fcvenli\u011fi a\u00e7\u0131s\u0131ndan risk olu\u015fturdu\u011funu belirtti. Avrupa\u2019n\u0131n artan g\u00f6\u00e7 bask\u0131s\u0131 ve [&hellip;]<\/p>\n","protected":false},"author":11,"featured_media":38093,"comment_status":"open","ping_status":"open","sticky":false,"template":"","format":"standard","meta":{"ngg_post_thumbnail":0,"footnotes":""},"categories":[5269,15,1995],"tags":[],"class_list":["post-38092","post","type-post","status-publish","format-standard","has-post-thumbnail","hentry","category-birlesik-krallik","category-ingiltere","category-turkiye-ingiltere"],"_links":{"self":[{"href":"https:\/\/by-tv.co.uk\/en\/wp-json\/wp\/v2\/posts\/38092","targetHints":{"allow":["GET"]}}],"collection":[{"href":"https:\/\/by-tv.co.uk\/en\/wp-json\/wp\/v2\/posts"}],"about":[{"href":"https:\/\/by-tv.co.uk\/en\/wp-json\/wp\/v2\/types\/post"}],"author":[{"embeddable":true,"href":"https:\/\/by-tv.co.uk\/en\/wp-json\/wp\/v2\/users\/11"}],"replies":[{"embeddable":true,"href":"https:\/\/by-tv.co.uk\/en\/wp-json\/wp\/v2\/comments?post=38092"}],"version-history":[{"count":3,"href":"https:\/\/by-tv.co.uk\/en\/wp-json\/wp\/v2\/posts\/38092\/revisions"}],"predecessor-version":[{"id":38106,"href":"https:\/\/by-tv.co.uk\/en\/wp-json\/wp\/v2\/posts\/38092\/revisions\/38106"}],"wp:featuredmedia":[{"embeddable":true,"href":"https:\/\/by-tv.co.uk\/en\/wp-json\/wp\/v2\/media\/38093"}],"wp:attachment":[{"href":"https:\/\/by-tv.co.uk\/en\/wp-json\/wp\/v2\/media?parent=38092"}],"wp:term":[{"taxonomy":"category","embeddable":true,"href":"https:\/\/by-tv.co.uk\/en\/wp-json\/wp\/v2\/categories?post=38092"},{"taxonomy":"post_tag","embeddable":true,"href":"https:\/\/by-tv.co.uk\/en\/wp-json\/wp\/v2\/tags?post=38092"}],"curies":[{"name":"wp","href":"https:\/\/api.w.org\/{rel}","templated":true}]}}