{"id":38087,"date":"2026-03-29T16:38:31","date_gmt":"2026-03-29T15:38:31","guid":{"rendered":"https:\/\/by-tv.co.uk\/?p=38087"},"modified":"2026-03-29T08:50:04","modified_gmt":"2026-03-29T07:50:04","slug":"iki-cocuk-siniri-kaldirildi-ailelere-destek-artiyor","status":"publish","type":"post","link":"https:\/\/by-tv.co.uk\/en\/iki-cocuk-siniri-kaldirildi-ailelere-destek-artiyor\/","title":{"rendered":"\u0130ki \u00e7ocuk s\u0131n\u0131r\u0131 kald\u0131r\u0131ld\u0131: Ailelere destek art\u0131yor"},"content":{"rendered":"<p>\u0130ngiltere\u2019de d\u00fc\u015f\u00fck gelirli aileleri yak\u0131ndan ilgilendiren <strong>iki \u00e7ocuk yard\u0131m s\u0131n\u0131r\u0131 kald\u0131r\u0131ld\u0131<\/strong>. Yeni d\u00fczenleme ile aileler art\u0131k hanelerindeki t\u00fcm \u00e7ocuklar i\u00e7in sosyal yard\u0131m alabilecek.<\/p>\n<h4>Ayl\u0131k destek art\u0131\u015f\u0131<\/h4>\n<p>The Guardian\u2019\u0131n haberine g\u00f6re, 6 Nisan itibar\u0131yla y\u00fcr\u00fcrl\u00fc\u011fe girecek de\u011fi\u015fiklikle birlikte, uygun durumdaki aileler <strong>her ek \u00e7ocuk i\u00e7in ayl\u0131k yakla\u015f\u0131k 300 sterlin<\/strong> destek alabilecek.<\/p>\n<p>Halihaz\u0131rda <strong>Universal Credit<\/strong> alan ailelerin \u00f6demeleri otomatik olarak g\u00fcncellenecek.<\/p><div id=\"briti-1512290916\" class=\"briti-icerik\" style=\"margin-top: 5px;margin-bottom: 5px;\"><a href=\"https:\/\/piaryum.com\/services\/\" aria-label=\"piaryum banner\"><img loading=\"lazy\" decoding=\"async\" src=\"https:\/\/by-tv.co.uk\/wp-content\/uploads\/2025\/12\/Gemini_Generated_Image_g5yqr1g5yqr1g5yq.jpg\" alt=\"\"  width=\"2064\" height=\"1152\"   \/><\/a><\/div>\n<h4>Yoksullukla m\u00fccadelede \u00f6nemli ad\u0131m<\/h4>\n<p>S\u00f6z konusu uygulama, 2017 y\u0131l\u0131nda y\u00fcr\u00fcrl\u00fc\u011fe girmi\u015f ve ailelerin yaln\u0131zca ilk iki \u00e7ocuk i\u00e7in yard\u0131m almas\u0131na izin veriyordu. Uzmanlara g\u00f6re bu s\u0131n\u0131r, \u00e7ocuk yoksullu\u011funun artmas\u0131nda etkili oldu.<\/p>\n<p><strong>Child Poverty Action Group (CPAG)<\/strong> verilerine g\u00f6re, bu politika nedeniyle her g\u00fcn ortalama <strong>109 \u00e7ocuk yoksullu\u011fa itildi<\/strong>.<\/p>\n<h4>Aile b\u00fct\u00e7elerine katk\u0131<\/h4>\n<p>Yeni d\u00fczenlemenin y\u0131ll\u0131k yakla\u015f\u0131k <strong>2,3 milyar sterlin<\/strong> maliyeti olaca\u011f\u0131 belirtilirken, h\u00fck\u00fcmet bu ad\u0131m\u0131 \u201cyoksullu\u011fu azaltmada en etkili \u00f6nlemlerden biri\u201d olarak tan\u0131ml\u0131yor.<\/p>\n<p>Ek \u00f6demelerin, \u00f6zellikle \u00e7al\u0131\u015fan ancak ge\u00e7im s\u0131k\u0131nt\u0131s\u0131 ya\u015fayan aileler i\u00e7in <strong>g\u0131da, e\u011fitim ve temel ihtiya\u00e7lar\u0131n kar\u015f\u0131lanmas\u0131nda<\/strong> \u00f6nemli katk\u0131 sa\u011flamas\u0131 bekleniyor.<\/p>\n<h4>Her aile ayn\u0131 \u00f6l\u00e7\u00fcde faydalanamayabilir<\/h4>\n<p>Ancak uzmanlar, toplam sosyal yard\u0131m miktar\u0131na \u00fcst s\u0131n\u0131r getiren mevcut sistem nedeniyle baz\u0131 ailelerin bu art\u0131\u015ftan <strong>tam olarak yararlanamayabilece\u011fini<\/strong> belirtiyor.<\/p>\n<p>Yine de yard\u0131m kurulu\u015flar\u0131, d\u00fczenlemenin uzun vadede \u00e7ocuklar\u0131n <strong>sa\u011fl\u0131k, e\u011fitim ve ya\u015fam ko\u015fullar\u0131n\u0131 iyile\u015ftirme potansiyeline<\/strong> sahip oldu\u011funa dikkat \u00e7ekiyor.<\/p>\n<div id=\"briti-2855866548\" class=\"briti-icerikten-sonra_2\" style=\"margin-top: 25px;margin-bottom: 25px;\"><a href=\"https:\/\/wa.me\/message\/NDZLLIOQT4H3O1\" aria-label=\"bytv reklam banner\"><img loading=\"lazy\" decoding=\"async\" src=\"https:\/\/by-tv.co.uk\/wp-content\/uploads\/2025\/12\/bytv-reklam-banner.jpg\" alt=\"\"  width=\"2376\" height=\"1008\"   \/><\/a><\/div>","protected":false},"excerpt":{"rendered":"<p>\u0130ngiltere\u2019de d\u00fc\u015f\u00fck gelirli aileleri yak\u0131ndan ilgilendiren iki \u00e7ocuk yard\u0131m s\u0131n\u0131r\u0131 kald\u0131r\u0131ld\u0131. Yeni d\u00fczenleme ile aileler art\u0131k hanelerindeki t\u00fcm \u00e7ocuklar i\u00e7in sosyal yard\u0131m alabilecek. Ayl\u0131k destek art\u0131\u015f\u0131 The Guardian\u2019\u0131n haberine g\u00f6re, 6 Nisan itibar\u0131yla y\u00fcr\u00fcrl\u00fc\u011fe girecek de\u011fi\u015fiklikle birlikte, uygun durumdaki aileler her ek \u00e7ocuk i\u00e7in ayl\u0131k yakla\u015f\u0131k 300 sterlin destek alabilecek. Halihaz\u0131rda Universal Credit alan ailelerin \u00f6demeleri otomatik olarak g\u00fcncellenecek. Yoksullukla m\u00fccadelede \u00f6nemli ad\u0131m S\u00f6z konusu uygulama, 2017 y\u0131l\u0131nda y\u00fcr\u00fcrl\u00fc\u011fe girmi\u015f ve ailelerin yaln\u0131zca ilk iki \u00e7ocuk i\u00e7in yard\u0131m almas\u0131na izin veriyordu. Uzmanlara g\u00f6re bu s\u0131n\u0131r, \u00e7ocuk yoksullu\u011funun artmas\u0131nda etkili oldu. Child Poverty Action Group (CPAG) verilerine g\u00f6re, bu politika nedeniyle [&hellip;]<\/p>\n","protected":false},"author":11,"featured_media":36516,"comment_status":"open","ping_status":"open","sticky":false,"template":"","format":"standard","meta":{"ngg_post_thumbnail":0,"footnotes":""},"categories":[5269,15],"tags":[],"class_list":["post-38087","post","type-post","status-publish","format-standard","has-post-thumbnail","hentry","category-birlesik-krallik","category-ingiltere"],"_links":{"self":[{"href":"https:\/\/by-tv.co.uk\/en\/wp-json\/wp\/v2\/posts\/38087","targetHints":{"allow":["GET"]}}],"collection":[{"href":"https:\/\/by-tv.co.uk\/en\/wp-json\/wp\/v2\/posts"}],"about":[{"href":"https:\/\/by-tv.co.uk\/en\/wp-json\/wp\/v2\/types\/post"}],"author":[{"embeddable":true,"href":"https:\/\/by-tv.co.uk\/en\/wp-json\/wp\/v2\/users\/11"}],"replies":[{"embeddable":true,"href":"https:\/\/by-tv.co.uk\/en\/wp-json\/wp\/v2\/comments?post=38087"}],"version-history":[{"count":1,"href":"https:\/\/by-tv.co.uk\/en\/wp-json\/wp\/v2\/posts\/38087\/revisions"}],"predecessor-version":[{"id":38091,"href":"https:\/\/by-tv.co.uk\/en\/wp-json\/wp\/v2\/posts\/38087\/revisions\/38091"}],"wp:featuredmedia":[{"embeddable":true,"href":"https:\/\/by-tv.co.uk\/en\/wp-json\/wp\/v2\/media\/36516"}],"wp:attachment":[{"href":"https:\/\/by-tv.co.uk\/en\/wp-json\/wp\/v2\/media?parent=38087"}],"wp:term":[{"taxonomy":"category","embeddable":true,"href":"https:\/\/by-tv.co.uk\/en\/wp-json\/wp\/v2\/categories?post=38087"},{"taxonomy":"post_tag","embeddable":true,"href":"https:\/\/by-tv.co.uk\/en\/wp-json\/wp\/v2\/tags?post=38087"}],"curies":[{"name":"wp","href":"https:\/\/api.w.org\/{rel}","templated":true}]}}