{"id":38085,"date":"2026-03-29T11:08:25","date_gmt":"2026-03-29T10:08:25","guid":{"rendered":"https:\/\/by-tv.co.uk\/?p=38085"},"modified":"2026-03-29T08:42:59","modified_gmt":"2026-03-29T07:42:59","slug":"badenochun-kuzey-denizi-petrol-planina-sert-elestiri","status":"publish","type":"post","link":"https:\/\/by-tv.co.uk\/en\/badenochun-kuzey-denizi-petrol-planina-sert-elestiri\/","title":{"rendered":"Badenoch&#8217;un Kuzey Denizi Petrol Plan\u0131na Sert Ele\u015ftiri"},"content":{"rendered":"<div id=\"model-response-message-contentr_7e9704b81c3cc57d\" class=\"markdown markdown-main-panel enable-updated-hr-color\" dir=\"ltr\" aria-live=\"polite\" aria-busy=\"false\">\n<h4 data-path-to-node=\"1\"><b data-path-to-node=\"1\" data-index-in-node=\"0\">Sondaj Kampanyas\u0131 Ba\u015fl\u0131yor<\/b><\/h4>\n<p data-path-to-node=\"2\"><b data-path-to-node=\"2\" data-index-in-node=\"0\">Muhafazakar Parti<\/b> lideri <b data-path-to-node=\"2\" data-index-in-node=\"25\">Kemi Badenoch<\/b>, h\u00fck\u00fcmetin yeni petrol ve gaz lisanslar\u0131na y\u00f6nelik ask\u0131ya alma karar\u0131n\u0131 kald\u0131rmas\u0131 i\u00e7in \u00e7a\u011fr\u0131da bulunmaya haz\u0131rlan\u0131yor. <b data-path-to-node=\"2\" data-index-in-node=\"159\">&#8220;Britanya&#8217;y\u0131 sondaj yapt\u0131r\u0131n&#8221;<\/b> kampanyas\u0131n\u0131 ba\u015flatacak olan Badenoch, yerli \u00fcretimin enerji ve ulusal g\u00fcvenlik i\u00e7in kritik oldu\u011funu savunuyor.<\/p>\n<p data-path-to-node=\"3\">The Guardian\u2019\u0131n haberine g\u00f6re, yenilenebilir enerji kampanya grubu <b data-path-to-node=\"3\" data-index-in-node=\"67\">Uplift<\/b>&#8216;in icra direkt\u00f6r\u00fc <b data-path-to-node=\"3\" data-index-in-node=\"92\">Tessa Khan<\/b>, Badenoch&#8217;u halk\u0131n fatura kayg\u0131lar\u0131n\u0131 suistimal ederek &#8220;tehlikeli bir fantezi pazarlamakla&#8221; su\u00e7lad\u0131. Khan, daha fazla sondaj\u0131n faturalar\u0131 d\u00fc\u015f\u00fcrmeyece\u011fi ger\u00e7e\u011finin bizzat g\u00f6lge kabine \u00fcyeleri taraf\u0131ndan daha \u00f6nce kabul edildi\u011fini hat\u0131rlatt\u0131.<\/p>\n<h4 data-path-to-node=\"4\"><b data-path-to-node=\"4\" data-index-in-node=\"0\">Fiyatlar \u00dczerindeki Etkisi Tart\u0131\u015fmal\u0131<\/b><\/h4>\n<p data-path-to-node=\"5\">Ye\u015fil enerji \u015firketi <b data-path-to-node=\"5\" data-index-in-node=\"21\">Octopus<\/b>&#8216;un CEO&#8217;su <b data-path-to-node=\"5\" data-index-in-node=\"39\">Greg Jackson<\/b>, Birle\u015fik Krall\u0131k&#8217;\u0131n k\u00fcresel pazarlara son derece entegre oldu\u011funu belirterek, Kuzey Denizi&#8217;nde daha fazla sondaj yapman\u0131n fiyatlar \u00fczerinde \u00e7ok az etkisi olaca\u011f\u0131n\u0131 savundu. Jackson, fosil yak\u0131t end\u00fcstrisinin hi\u00e7bir zaman anlaml\u0131 bir yedek kapasite in\u015fa etmeyece\u011fine dikkat \u00e7ekti.<\/p><div id=\"briti-3165787964\" class=\"briti-icerik\" style=\"margin-top: 5px;margin-bottom: 5px;\"><a href=\"https:\/\/piaryum.com\/services\/\" aria-label=\"piaryum banner\"><img loading=\"lazy\" decoding=\"async\" src=\"https:\/\/by-tv.co.uk\/wp-content\/uploads\/2025\/12\/Gemini_Generated_Image_g5yqr1g5yqr1g5yq.jpg\" alt=\"\"  width=\"2064\" height=\"1152\"   \/><\/a><\/div>\n<p data-path-to-node=\"6\"><b data-path-to-node=\"6\" data-index-in-node=\"0\">\u0130\u015f\u00e7i Partisi<\/b> s\u00f6zc\u00fcs\u00fc ise enerji faturalar\u0131n\u0131n bu hafta h\u00fck\u00fcmetin hamleleriyle d\u00fc\u015f\u00fc\u015fe ge\u00e7ece\u011fini belirterek, Muhafazakarlar\u0131n \u00fclkenin enerji g\u00fcvenli\u011fini kontrol edemedikleri fosil yak\u0131t piyasalar\u0131na teslim etmek istedi\u011fini ifade etti. Ara\u015ft\u0131rmalar, <b data-path-to-node=\"6\" data-index-in-node=\"248\">2010<\/b> ile <b data-path-to-node=\"6\" data-index-in-node=\"257\">2024<\/b> y\u0131llar\u0131 aras\u0131nda verilen y\u00fczlerce yeni lisans\u0131n \u015fimdiye kadar sadece <b data-path-to-node=\"6\" data-index-in-node=\"331\">36<\/b> g\u00fcnl\u00fck gaz \u00fcretebildi\u011fini g\u00f6steriyor.<\/p>\n<h4 data-path-to-node=\"7\"><b data-path-to-node=\"7\" data-index-in-node=\"0\">Vergi ve Destek Talepleri<\/b><\/h4>\n<p data-path-to-node=\"8\">Badenoch&#8217;un ayr\u0131ca enerji karlar\u0131ndan al\u0131nan ek verginin (windfall tax) kald\u0131r\u0131lmas\u0131 ve fosil yak\u0131t end\u00fcstrisine daha fazla finansal destek verilmesi y\u00f6n\u00fcnde h\u00fck\u00fcmete bask\u0131 yapmas\u0131 bekleniyor. Muhalefet ise bu yakla\u015f\u0131m\u0131n, kal\u0131c\u0131 ve g\u00fcvenli i\u015f imkanlar\u0131n\u0131n sadece yenilenebilir enerjiden gelece\u011fi ger\u00e7e\u011fine ayk\u0131r\u0131 oldu\u011funu savunuyor.<\/p>\n<p data-path-to-node=\"9\">Birle\u015fik Krall\u0131k&#8217;ta petrol fiyatlar\u0131, <b data-path-to-node=\"9\" data-index-in-node=\"38\">\u0130ran<\/b>&#8216;daki \u00e7at\u0131\u015fmalar nedeniyle <b data-path-to-node=\"9\" data-index-in-node=\"69\">H\u00fcrm\u00fcz Bo\u011faz\u0131<\/b>&#8216;n\u0131n fiilen kapanmas\u0131n\u0131n ard\u0131ndan h\u0131zla y\u00fckselerek enerji maliyetleri \u00fczerindeki endi\u015feleri art\u0131rm\u0131\u015ft\u0131.<\/p>\n<\/div>\n<div id=\"briti-3969586316\" class=\"briti-icerikten-sonra_2\" style=\"margin-top: 25px;margin-bottom: 25px;\"><a href=\"https:\/\/wa.me\/message\/NDZLLIOQT4H3O1\" aria-label=\"bytv reklam banner\"><img loading=\"lazy\" decoding=\"async\" src=\"https:\/\/by-tv.co.uk\/wp-content\/uploads\/2025\/12\/bytv-reklam-banner.jpg\" alt=\"\"  width=\"2376\" height=\"1008\"   \/><\/a><\/div>","protected":false},"excerpt":{"rendered":"<p>Sondaj Kampanyas\u0131 Ba\u015fl\u0131yor Muhafazakar Parti lideri Kemi Badenoch, h\u00fck\u00fcmetin yeni petrol ve gaz lisanslar\u0131na y\u00f6nelik ask\u0131ya alma karar\u0131n\u0131 kald\u0131rmas\u0131 i\u00e7in \u00e7a\u011fr\u0131da bulunmaya haz\u0131rlan\u0131yor. &#8220;Britanya&#8217;y\u0131 sondaj yapt\u0131r\u0131n&#8221; kampanyas\u0131n\u0131 ba\u015flatacak olan Badenoch, yerli \u00fcretimin enerji ve ulusal g\u00fcvenlik i\u00e7in kritik oldu\u011funu savunuyor. The Guardian\u2019\u0131n haberine g\u00f6re, yenilenebilir enerji kampanya grubu Uplift&#8216;in icra direkt\u00f6r\u00fc Tessa Khan, Badenoch&#8217;u halk\u0131n fatura kayg\u0131lar\u0131n\u0131 suistimal ederek &#8220;tehlikeli bir fantezi pazarlamakla&#8221; su\u00e7lad\u0131. Khan, daha fazla sondaj\u0131n faturalar\u0131 d\u00fc\u015f\u00fcrmeyece\u011fi ger\u00e7e\u011finin bizzat g\u00f6lge kabine \u00fcyeleri taraf\u0131ndan daha \u00f6nce kabul edildi\u011fini hat\u0131rlatt\u0131. Fiyatlar \u00dczerindeki Etkisi Tart\u0131\u015fmal\u0131 Ye\u015fil enerji \u015firketi Octopus&#8216;un CEO&#8217;su Greg Jackson, Birle\u015fik Krall\u0131k&#8217;\u0131n k\u00fcresel pazarlara son derece entegre oldu\u011funu [&hellip;]<\/p>\n","protected":false},"author":11,"featured_media":32427,"comment_status":"open","ping_status":"open","sticky":false,"template":"","format":"standard","meta":{"ngg_post_thumbnail":0,"footnotes":""},"categories":[5269,15],"tags":[],"class_list":["post-38085","post","type-post","status-publish","format-standard","has-post-thumbnail","hentry","category-birlesik-krallik","category-ingiltere"],"_links":{"self":[{"href":"https:\/\/by-tv.co.uk\/en\/wp-json\/wp\/v2\/posts\/38085","targetHints":{"allow":["GET"]}}],"collection":[{"href":"https:\/\/by-tv.co.uk\/en\/wp-json\/wp\/v2\/posts"}],"about":[{"href":"https:\/\/by-tv.co.uk\/en\/wp-json\/wp\/v2\/types\/post"}],"author":[{"embeddable":true,"href":"https:\/\/by-tv.co.uk\/en\/wp-json\/wp\/v2\/users\/11"}],"replies":[{"embeddable":true,"href":"https:\/\/by-tv.co.uk\/en\/wp-json\/wp\/v2\/comments?post=38085"}],"version-history":[{"count":2,"href":"https:\/\/by-tv.co.uk\/en\/wp-json\/wp\/v2\/posts\/38085\/revisions"}],"predecessor-version":[{"id":38089,"href":"https:\/\/by-tv.co.uk\/en\/wp-json\/wp\/v2\/posts\/38085\/revisions\/38089"}],"wp:featuredmedia":[{"embeddable":true,"href":"https:\/\/by-tv.co.uk\/en\/wp-json\/wp\/v2\/media\/32427"}],"wp:attachment":[{"href":"https:\/\/by-tv.co.uk\/en\/wp-json\/wp\/v2\/media?parent=38085"}],"wp:term":[{"taxonomy":"category","embeddable":true,"href":"https:\/\/by-tv.co.uk\/en\/wp-json\/wp\/v2\/categories?post=38085"},{"taxonomy":"post_tag","embeddable":true,"href":"https:\/\/by-tv.co.uk\/en\/wp-json\/wp\/v2\/tags?post=38085"}],"curies":[{"name":"wp","href":"https:\/\/api.w.org\/{rel}","templated":true}]}}