{"id":37986,"date":"2026-03-26T09:08:38","date_gmt":"2026-03-26T09:08:38","guid":{"rendered":"https:\/\/by-tv.co.uk\/?p=37986"},"modified":"2026-03-26T09:01:06","modified_gmt":"2026-03-26T09:01:06","slug":"londradaki-ambulans-kundaklamasinda-iki-supheliye-kefalet","status":"publish","type":"post","link":"https:\/\/by-tv.co.uk\/en\/londradaki-ambulans-kundaklamasinda-iki-supheliye-kefalet\/","title":{"rendered":"Londra\u2019daki ambulans kundaklamas\u0131nda iki \u015f\u00fcpheliye kefalet"},"content":{"rendered":"<p>Londra\u2019n\u0131n kuzeyindeki <strong>Golders Green<\/strong> b\u00f6lgesinde Yahudi yard\u0131m kurulu\u015funa ait ambulanslara y\u00f6nelik kundaklama sald\u0131r\u0131s\u0131yla ba\u011flant\u0131l\u0131 olarak g\u00f6zalt\u0131na al\u0131nan iki ki\u015fi, kefaletle serbest b\u0131rak\u0131ld\u0131.<\/p>\n<p><strong>The Guardian\u2019\u0131n haberine g\u00f6re<\/strong>, 47 ve 45 ya\u015f\u0131ndaki iki \u0130ngiliz vatanda\u015f\u0131, \u201chayat\u0131 tehlikeye atma kast\u0131yla kundaklama\u201d \u015f\u00fcphesiyle \u00c7ar\u015famba g\u00fcn\u00fc g\u00f6zalt\u0131na al\u0131nd\u0131. Metropolitan Polisi, \u015f\u00fcphelilerin soru\u015fturma devam ederken <strong>Nisan ay\u0131na kadar kefaletle serbest b\u0131rak\u0131ld\u0131\u011f\u0131n\u0131<\/strong> a\u00e7\u0131klad\u0131.<\/p>\n<h4>Soru\u015fturma s\u00fcr\u00fcyor<\/h4>\n<p>Polis, \u015f\u00fcphelilerin g\u00f6zalt\u0131na al\u0131nd\u0131\u011f\u0131 <strong>Kilburn ve King\u2019s Cross<\/strong> b\u00f6lgelerinde aramalar yap\u0131ld\u0131\u011f\u0131n\u0131, ayr\u0131ca kuzeybat\u0131 Londra\u2019da iki adreste daha inceleme ger\u00e7ekle\u015ftirildi\u011fini bildirdi.<\/p><div id=\"briti-608909537\" class=\"briti-icerik\" style=\"margin-top: 5px;margin-bottom: 5px;\"><a href=\"https:\/\/piaryum.com\/services\/\" aria-label=\"piaryum banner\"><img loading=\"lazy\" decoding=\"async\" src=\"https:\/\/by-tv.co.uk\/wp-content\/uploads\/2025\/12\/Gemini_Generated_Image_g5yqr1g5yqr1g5yq.jpg\" alt=\"\"  width=\"2064\" height=\"1152\"   \/><\/a><\/div>\n<p>Soru\u015fturmay\u0131 y\u00fcr\u00fcten Ter\u00f6rle M\u00fccadele Birimi Ba\u015fkan\u0131 <strong>Komutan Helen Flanagan<\/strong>, olayla ba\u011flant\u0131l\u0131 t\u00fcm ki\u015filerin tespit edilmesi i\u00e7in \u00e7al\u0131\u015fmalar\u0131n s\u00fcrd\u00fc\u011f\u00fcn\u00fc belirtti.<\/p>\n<p>Flanagan, \u201c\u015e\u00fcpheliler serbest b\u0131rak\u0131lm\u0131\u015f olsa da s\u0131k\u0131 kefalet \u015fartlar\u0131 uygulan\u0131yor. Soru\u015fturma ekipleri olay\u0131n t\u00fcm sorumlular\u0131n\u0131 tespit etmek i\u00e7in \u00e7al\u0131\u015fmalar\u0131n\u0131 s\u00fcrd\u00fcr\u00fcyor\u201d dedi.<\/p>\n<h4>Olay nefret su\u00e7u olarak de\u011ferlendiriliyor<\/h4>\n<p>Yang\u0131n ihbar\u0131 \u00fczerine polis ekipleri Pazartesi g\u00fcn\u00fc saat 01.45 sular\u0131nda <strong>Highfield Road<\/strong>\u2019a sevk edildi. Olayda, <strong>Machzike Hadath Sinagogu<\/strong> yak\u0131n\u0131nda park halindeki d\u00f6rt ambulans ate\u015fe verildi.<\/p>\n<p>Sald\u0131r\u0131ya u\u011frayan ara\u00e7lar\u0131n, 1979 y\u0131l\u0131nda kurulan ve g\u00f6n\u00fcll\u00fcler taraf\u0131ndan i\u015fletilen <strong>Hatzola<\/strong> adl\u0131 Yahudi yard\u0131m kurulu\u015funa ait oldu\u011fu belirtildi. Kurulu\u015f, Londra\u2019da \u00fccretsiz acil sa\u011fl\u0131k hizmeti sa\u011fl\u0131yor.<\/p>\n<p>Metropolitan Polisi daha \u00f6nce olay\u0131n <strong>Yahudi kar\u015f\u0131t\u0131 nefret su\u00e7u<\/strong> kapsam\u0131nda de\u011ferlendirildi\u011fini a\u00e7\u0131klam\u0131\u015ft\u0131.<\/p>\n<h4>En az \u00fc\u00e7 ki\u015fi aran\u0131yor<\/h4>\n<p>Yetkililer, g\u00fcvenlik kameras\u0131 g\u00f6r\u00fcnt\u00fclerine g\u00f6re olayda <strong>en az \u00fc\u00e7 ki\u015finin<\/strong> yer ald\u0131\u011f\u0131n\u0131 de\u011ferlendiriyor. Polis, olayla ilgili bilgi sahibi olanlar\u0131n yetkililerle ileti\u015fime ge\u00e7mesini istedi.<\/p>\n<p>Soru\u015fturman\u0131n aktif \u015fekilde devam etti\u011fi ve yeni g\u00f6zalt\u0131lar\u0131n olabilece\u011fi belirtildi.<\/p>\n<div id=\"briti-1839371632\" class=\"briti-icerikten-sonra_2\" style=\"margin-top: 25px;margin-bottom: 25px;\"><a href=\"https:\/\/wa.me\/message\/NDZLLIOQT4H3O1\" aria-label=\"bytv reklam banner\"><img loading=\"lazy\" decoding=\"async\" src=\"https:\/\/by-tv.co.uk\/wp-content\/uploads\/2025\/12\/bytv-reklam-banner.jpg\" alt=\"\"  width=\"2376\" height=\"1008\"   \/><\/a><\/div>","protected":false},"excerpt":{"rendered":"<p>Londra\u2019n\u0131n kuzeyindeki Golders Green b\u00f6lgesinde Yahudi yard\u0131m kurulu\u015funa ait ambulanslara y\u00f6nelik kundaklama sald\u0131r\u0131s\u0131yla ba\u011flant\u0131l\u0131 olarak g\u00f6zalt\u0131na al\u0131nan iki ki\u015fi, kefaletle serbest b\u0131rak\u0131ld\u0131. The Guardian\u2019\u0131n haberine g\u00f6re, 47 ve 45 ya\u015f\u0131ndaki iki \u0130ngiliz vatanda\u015f\u0131, \u201chayat\u0131 tehlikeye atma kast\u0131yla kundaklama\u201d \u015f\u00fcphesiyle \u00c7ar\u015famba g\u00fcn\u00fc g\u00f6zalt\u0131na al\u0131nd\u0131. Metropolitan Polisi, \u015f\u00fcphelilerin soru\u015fturma devam ederken Nisan ay\u0131na kadar kefaletle serbest b\u0131rak\u0131ld\u0131\u011f\u0131n\u0131 a\u00e7\u0131klad\u0131. Soru\u015fturma s\u00fcr\u00fcyor Polis, \u015f\u00fcphelilerin g\u00f6zalt\u0131na al\u0131nd\u0131\u011f\u0131 Kilburn ve King\u2019s Cross b\u00f6lgelerinde aramalar yap\u0131ld\u0131\u011f\u0131n\u0131, ayr\u0131ca kuzeybat\u0131 Londra\u2019da iki adreste daha inceleme ger\u00e7ekle\u015ftirildi\u011fini bildirdi. Soru\u015fturmay\u0131 y\u00fcr\u00fcten Ter\u00f6rle M\u00fccadele Birimi Ba\u015fkan\u0131 Komutan Helen Flanagan, olayla ba\u011flant\u0131l\u0131 t\u00fcm ki\u015filerin tespit edilmesi i\u00e7in \u00e7al\u0131\u015fmalar\u0131n s\u00fcrd\u00fc\u011f\u00fcn\u00fc belirtti. Flanagan, \u201c\u015e\u00fcpheliler serbest [&hellip;]<\/p>\n","protected":false},"author":11,"featured_media":12006,"comment_status":"open","ping_status":"open","sticky":false,"template":"","format":"standard","meta":{"ngg_post_thumbnail":0,"footnotes":""},"categories":[5269,15],"tags":[],"class_list":["post-37986","post","type-post","status-publish","format-standard","has-post-thumbnail","hentry","category-birlesik-krallik","category-ingiltere"],"_links":{"self":[{"href":"https:\/\/by-tv.co.uk\/en\/wp-json\/wp\/v2\/posts\/37986","targetHints":{"allow":["GET"]}}],"collection":[{"href":"https:\/\/by-tv.co.uk\/en\/wp-json\/wp\/v2\/posts"}],"about":[{"href":"https:\/\/by-tv.co.uk\/en\/wp-json\/wp\/v2\/types\/post"}],"author":[{"embeddable":true,"href":"https:\/\/by-tv.co.uk\/en\/wp-json\/wp\/v2\/users\/11"}],"replies":[{"embeddable":true,"href":"https:\/\/by-tv.co.uk\/en\/wp-json\/wp\/v2\/comments?post=37986"}],"version-history":[{"count":2,"href":"https:\/\/by-tv.co.uk\/en\/wp-json\/wp\/v2\/posts\/37986\/revisions"}],"predecessor-version":[{"id":37988,"href":"https:\/\/by-tv.co.uk\/en\/wp-json\/wp\/v2\/posts\/37986\/revisions\/37988"}],"wp:featuredmedia":[{"embeddable":true,"href":"https:\/\/by-tv.co.uk\/en\/wp-json\/wp\/v2\/media\/12006"}],"wp:attachment":[{"href":"https:\/\/by-tv.co.uk\/en\/wp-json\/wp\/v2\/media?parent=37986"}],"wp:term":[{"taxonomy":"category","embeddable":true,"href":"https:\/\/by-tv.co.uk\/en\/wp-json\/wp\/v2\/categories?post=37986"},{"taxonomy":"post_tag","embeddable":true,"href":"https:\/\/by-tv.co.uk\/en\/wp-json\/wp\/v2\/tags?post=37986"}],"curies":[{"name":"wp","href":"https:\/\/api.w.org\/{rel}","templated":true}]}}