{"id":37969,"date":"2026-03-25T12:26:41","date_gmt":"2026-03-25T12:26:41","guid":{"rendered":"https:\/\/by-tv.co.uk\/?p=37969"},"modified":"2026-03-25T12:26:41","modified_gmt":"2026-03-25T12:26:41","slug":"eurofighter-typhoon-projesi-10-turk-pilot-ile-yaklasik-100-teknik-personel-ingilterede-egitim-alacak","status":"publish","type":"post","link":"https:\/\/by-tv.co.uk\/en\/eurofighter-typhoon-projesi-10-turk-pilot-ile-yaklasik-100-teknik-personel-ingilterede-egitim-alacak\/","title":{"rendered":"Eurofighter Typhoon Projesi: 10 T\u00fcrk pilot ile 100 teknik personel \u0130ngiltere\u2019de e\u011fitim alacak"},"content":{"rendered":"<p>\u0130ngiltere ile T\u00fcrkiye aras\u0131nda, <strong>Typhoon sava\u015f u\u00e7aklar\u0131<\/strong> i\u00e7in e\u011fitim ve destek hizmetlerini kapsayan milyarlarca sterlin de\u011ferinde yeni bir anla\u015fma imzaland\u0131. \u0130ngiltere Savunma Bakanl\u0131\u011f\u0131\u2019n\u0131n (MoD) aktard\u0131\u011f\u0131na g\u00f6re anla\u015fma, Ekim 2025\u2019te var\u0131lan <strong>8 milyar sterlinlik Typhoon anla\u015fmas\u0131n\u0131n<\/strong> ikinci a\u015famas\u0131n\u0131 olu\u015fturuyor.<\/p>\n<p>Londra\u2019da imzalanan s\u00f6zle\u015fmeye, <strong>\u0130ngiltere Savunma Bakan\u0131 John Healey<\/strong> ile <strong>T\u00fcrkiye Milli Savunma Bakan\u0131 Ya\u015far G\u00fcler<\/strong> kat\u0131ld\u0131.<\/p>\n<p>Anla\u015fma kapsam\u0131nda, <strong>10 T\u00fcrk pilot<\/strong> ile yakla\u015f\u0131k <strong>100 teknik personel<\/strong> \u0130ngiltere\u2019de e\u011fitim alacak. E\u011fitimler; mekanik, aviyonik, silah sistemleri ve g\u00f6rev teknolojilerini kapsayacak.&nbsp;<\/p><div id=\"briti-1359461123\" class=\"briti-icerik\" style=\"margin-top: 5px;margin-bottom: 5px;\"><a href=\"https:\/\/piaryum.com\/services\/\" aria-label=\"piaryum banner\"><img loading=\"lazy\" decoding=\"async\" src=\"https:\/\/by-tv.co.uk\/wp-content\/uploads\/2025\/12\/Gemini_Generated_Image_g5yqr1g5yqr1g5yq.jpg\" alt=\"\"  width=\"2064\" height=\"1152\"   \/><\/a><\/div>\n<p>S\u00f6zle\u015fme yaln\u0131zca e\u011fitimle s\u0131n\u0131rl\u0131 kalmayacak. Ayn\u0131 zamanda T\u00fcrkiye\u2019nin Typhoon filosunun bak\u0131m\u0131n\u0131 desteklemek \u00fczere <strong>u\u00e7ak par\u00e7alar\u0131 ve yedek ekipman \u00fcretimi<\/strong> de \u0130ngiltere merkezli \u015firketler taraf\u0131ndan sa\u011flanacak.<\/p>\n<p>Projede <strong>BAE Systems, Leonardo UK, MBDA, Rolls-Royce ve Martin Baker<\/strong> gibi \u00f6nde gelen savunma \u015firketleri yer al\u0131yor. Program; yedek par\u00e7a tedariki, sim\u00fclat\u00f6rler, elektronik harp kabiliyetleri ve m\u00fchendislik e\u011fitimlerini de i\u00e7eriyor.<\/p>\n<p>Typhoon u\u00e7aklar\u0131n\u0131n <strong>y\u00fczde 37\u2019si \u0130ngiltere\u2019de \u00fcretilirken<\/strong>, \u0130sko\u00e7ya, Lancashire ve Bristol\u2019daki \u00fcretim hatlar\u0131 ile <strong>330 \u015firketlik tedarik zinciri<\/strong> s\u00fcrece katk\u0131 sa\u011fl\u0131yor. Anla\u015fman\u0131n, \u00fclkede <strong>20 bin nitelikli istihdam\u0131<\/strong> destekleyece\u011fi belirtiliyor.<\/p>\n<h4>NATO\u2019nun do\u011fu kanad\u0131na g\u00fc\u00e7<\/h4>\n<p>T\u00fcrkiye\u2019nin Typhoon al\u0131m\u0131, <strong>NATO\u2019nun do\u011fu kanad\u0131ndaki hava g\u00fcc\u00fcn\u00fc g\u00fc\u00e7lendirecek<\/strong> bir ad\u0131m olarak de\u011ferlendiriliyor. Bu anla\u015fma, son 20 y\u0131l\u0131n en b\u00fcy\u00fck \u0130ngiliz sava\u015f u\u00e7a\u011f\u0131 ihracat sipari\u015flerinden biri olma \u00f6zelli\u011fini ta\u015f\u0131yor.<\/p>\n<p>\u0130ngiltere Savunma Bakan\u0131 <strong>John Healey<\/strong>, anla\u015fmaya ili\u015fkin yapt\u0131\u011f\u0131 a\u00e7\u0131klamada, \u201cBu ortakl\u0131k yaln\u0131zca \u0130ngiltere yap\u0131m\u0131 u\u00e7aklar\u0131n ihracat\u0131 de\u011fil; ayn\u0131 zamanda ittifaklar\u0131 g\u00fc\u00e7lendiren, ekonomiyi b\u00fcy\u00fcten ve NATO\u2019yu daha g\u00fc\u00e7l\u00fc k\u0131lan bir ad\u0131md\u0131r\u201d ifadelerini kulland\u0131.<\/p>\n<h4>\u0130ngiltere Taraf\u0131nda Binlerce ki\u015fiye istihdam<\/h4>\n<p>Typhoon program\u0131 kapsam\u0131nda:<\/p>\n<ul>\n<li><strong>BAE Systems<\/strong> tesislerinde yakla\u015f\u0131k 6 bin ki\u015fi do\u011frudan istihdam ediliyor.<\/li>\n<li>G\u00fcneybat\u0131 \u0130ngiltere\u2019de <strong>1.100\u2019den fazla ki\u015fi<\/strong>, \u00f6zellikle <strong>Rolls-Royce\u2019un Bristol\u2019daki motor \u00fcretimi<\/strong> ile projeye katk\u0131 sa\u011fl\u0131yor.<\/li>\n<li>\u0130sko\u00e7ya\u2019da <strong>800\u2019den fazla ki\u015fi<\/strong>, \u00f6zellikle <strong>Leonardo\u2019nun radar sistemleri \u00fcretiminde<\/strong> g\u00f6rev al\u0131yor.<\/li>\n<\/ul>\n<p>BAE Systems Hava Sekt\u00f6r\u00fc Genel M\u00fcd\u00fcr\u00fc <strong>Simon Barnes<\/strong>, anla\u015fman\u0131n iki \u00fclke aras\u0131ndaki savunma i\u015f birli\u011fini derinle\u015ftirdi\u011fini ve T\u00fcrkiye\u2019nin operasyonel kapasitesini art\u0131raca\u011f\u0131n\u0131 belirtti.<\/p>\n<p>Typhoon u\u00e7aklar\u0131 h\u00e2lihaz\u0131rda Orta Do\u011fu\u2019da \u0130ngiltere ve m\u00fcttefiklerini korumaya y\u00f6nelik g\u00f6revlerde aktif olarak kullan\u0131l\u0131yor. Yeni anla\u015fma ile T\u00fcrk pilot ve m\u00fchendislerin de \u0130ngiliz Kraliyet Hava Kuvvetleri (RAF) ile birlikte e\u011fitim almas\u0131 planlan\u0131yor.<\/p>\n<div id=\"briti-3687854685\" class=\"briti-icerikten-sonra_2\" style=\"margin-top: 25px;margin-bottom: 25px;\"><a href=\"https:\/\/wa.me\/message\/NDZLLIOQT4H3O1\" aria-label=\"bytv reklam banner\"><img loading=\"lazy\" decoding=\"async\" src=\"https:\/\/by-tv.co.uk\/wp-content\/uploads\/2025\/12\/bytv-reklam-banner.jpg\" alt=\"\"  width=\"2376\" height=\"1008\"   \/><\/a><\/div>","protected":false},"excerpt":{"rendered":"<p>\u0130ngiltere ile T\u00fcrkiye aras\u0131nda, Typhoon sava\u015f u\u00e7aklar\u0131 i\u00e7in e\u011fitim ve destek hizmetlerini kapsayan milyarlarca sterlin de\u011ferinde yeni bir anla\u015fma imzaland\u0131. \u0130ngiltere Savunma Bakanl\u0131\u011f\u0131\u2019n\u0131n (MoD) aktard\u0131\u011f\u0131na g\u00f6re anla\u015fma, Ekim 2025\u2019te var\u0131lan 8 milyar sterlinlik Typhoon anla\u015fmas\u0131n\u0131n ikinci a\u015famas\u0131n\u0131 olu\u015fturuyor. Londra\u2019da imzalanan s\u00f6zle\u015fmeye, \u0130ngiltere Savunma Bakan\u0131 John Healey ile T\u00fcrkiye Milli Savunma Bakan\u0131 Ya\u015far G\u00fcler kat\u0131ld\u0131. Anla\u015fma kapsam\u0131nda, 10 T\u00fcrk pilot ile yakla\u015f\u0131k 100 teknik personel \u0130ngiltere\u2019de e\u011fitim alacak. E\u011fitimler; mekanik, aviyonik, silah sistemleri ve g\u00f6rev teknolojilerini kapsayacak.&nbsp; S\u00f6zle\u015fme yaln\u0131zca e\u011fitimle s\u0131n\u0131rl\u0131 kalmayacak. Ayn\u0131 zamanda T\u00fcrkiye\u2019nin Typhoon filosunun bak\u0131m\u0131n\u0131 desteklemek \u00fczere u\u00e7ak par\u00e7alar\u0131 ve yedek ekipman \u00fcretimi de \u0130ngiltere merkezli \u015firketler taraf\u0131ndan [&hellip;]<\/p>\n","protected":false},"author":11,"featured_media":37970,"comment_status":"open","ping_status":"open","sticky":false,"template":"","format":"standard","meta":{"ngg_post_thumbnail":0,"footnotes":""},"categories":[5269,15,1995],"tags":[],"class_list":["post-37969","post","type-post","status-publish","format-standard","has-post-thumbnail","hentry","category-birlesik-krallik","category-ingiltere","category-turkiye-ingiltere"],"_links":{"self":[{"href":"https:\/\/by-tv.co.uk\/en\/wp-json\/wp\/v2\/posts\/37969","targetHints":{"allow":["GET"]}}],"collection":[{"href":"https:\/\/by-tv.co.uk\/en\/wp-json\/wp\/v2\/posts"}],"about":[{"href":"https:\/\/by-tv.co.uk\/en\/wp-json\/wp\/v2\/types\/post"}],"author":[{"embeddable":true,"href":"https:\/\/by-tv.co.uk\/en\/wp-json\/wp\/v2\/users\/11"}],"replies":[{"embeddable":true,"href":"https:\/\/by-tv.co.uk\/en\/wp-json\/wp\/v2\/comments?post=37969"}],"version-history":[{"count":2,"href":"https:\/\/by-tv.co.uk\/en\/wp-json\/wp\/v2\/posts\/37969\/revisions"}],"predecessor-version":[{"id":37972,"href":"https:\/\/by-tv.co.uk\/en\/wp-json\/wp\/v2\/posts\/37969\/revisions\/37972"}],"wp:featuredmedia":[{"embeddable":true,"href":"https:\/\/by-tv.co.uk\/en\/wp-json\/wp\/v2\/media\/37970"}],"wp:attachment":[{"href":"https:\/\/by-tv.co.uk\/en\/wp-json\/wp\/v2\/media?parent=37969"}],"wp:term":[{"taxonomy":"category","embeddable":true,"href":"https:\/\/by-tv.co.uk\/en\/wp-json\/wp\/v2\/categories?post=37969"},{"taxonomy":"post_tag","embeddable":true,"href":"https:\/\/by-tv.co.uk\/en\/wp-json\/wp\/v2\/tags?post=37969"}],"curies":[{"name":"wp","href":"https:\/\/api.w.org\/{rel}","templated":true}]}}