{"id":37964,"date":"2026-03-25T13:48:37","date_gmt":"2026-03-25T13:48:37","guid":{"rendered":"https:\/\/by-tv.co.uk\/?p=37964"},"modified":"2026-03-25T11:09:53","modified_gmt":"2026-03-25T11:09:53","slug":"nhs-memnuniyeti-2019dan-bu-yana-ilk-kez-artti","status":"publish","type":"post","link":"https:\/\/by-tv.co.uk\/en\/nhs-memnuniyeti-2019dan-bu-yana-ilk-kez-artti\/","title":{"rendered":"NHS Memnuniyeti 2019\u2019dan Bu Yana \u0130lk Kez Artt\u0131"},"content":{"rendered":"<div id=\"model-response-message-contentr_ddf60588231d8ce5\" class=\"markdown markdown-main-panel enable-updated-hr-color\" dir=\"ltr\" aria-live=\"polite\" aria-busy=\"false\">\n<h4 data-path-to-node=\"1\"><b data-path-to-node=\"1\" data-index-in-node=\"0\">\u0130yile\u015fme yolunda ilk sinyaller<\/b><\/h4>\n<p data-path-to-node=\"2\">Birle\u015fik Krall\u0131k\u2019ta kamuoyunun Ulusal Sa\u011fl\u0131k Servisi\u2019ne (<b data-path-to-node=\"2\" data-index-in-node=\"57\">NHS<\/b>) duydu\u011fu g\u00fcven, 2019 y\u0131l\u0131ndan bu yana ilk kez art\u0131\u015f g\u00f6sterdi. <b data-path-to-node=\"2\" data-index-in-node=\"123\">The Guardian<\/b>\u2019\u0131n haberine g\u00f6re, ge\u00e7en y\u0131l <b data-path-to-node=\"2\" data-index-in-node=\"164\">%21<\/b> ile t\u00fcm zamanlar\u0131n en d\u00fc\u015f\u00fck seviyesini g\u00f6ren memnuniyet oran\u0131 bu y\u0131l <b data-path-to-node=\"2\" data-index-in-node=\"237\">%26<\/b>\u2019ya y\u00fckseldi.<\/p>\n<p data-path-to-node=\"3\">Ayn\u0131 d\u00f6nemde sa\u011fl\u0131k sisteminden memnun olmayanlar\u0131n oran\u0131 ise <b data-path-to-node=\"3\" data-index-in-node=\"62\">%8<\/b> azalarak <b data-path-to-node=\"3\" data-index-in-node=\"74\">%51<\/b> seviyesine geriledi. Bu d\u00fc\u015f\u00fc\u015f, <b data-path-to-node=\"3\" data-index-in-node=\"109\">1998<\/b> y\u0131l\u0131ndan bu yana kaydedilen en b\u00fcy\u00fck iyile\u015fme olarak kay\u0131tlara ge\u00e7ti. \u0130ngiltere Sa\u011fl\u0131k Bakan\u0131 <b data-path-to-node=\"3\" data-index-in-node=\"208\">Wes Streeting<\/b>, verilerin <b data-path-to-node=\"3\" data-index-in-node=\"233\">\u0130\u015f\u00e7i Partisi<\/b> h\u00fck\u00fcmetinin sa\u011fl\u0131k sistemini iyile\u015ftirme yolunda att\u0131\u011f\u0131 ad\u0131mlar\u0131n bir sonucu oldu\u011funu vurgulad\u0131.<\/p>\n<h4 data-path-to-node=\"4\"><b data-path-to-node=\"4\" data-index-in-node=\"0\">Bekleme s\u00fcreleri en b\u00fcy\u00fck engel<\/b><\/h4>\n<p data-path-to-node=\"5\">Memnuniyetteki art\u0131\u015fa ra\u011fmen halk, hastane ve aile hekimli\u011fi (GP) hizmetlerindeki uzun bekleme s\u00fcreleri nedeniyle ciddi ma\u011fduriyetler ya\u015famaya devam ediyor. Ara\u015ft\u0131rma sonu\u00e7lar\u0131, kat\u0131l\u0131mc\u0131lar\u0131n yaln\u0131zca <b data-path-to-node=\"5\" data-index-in-node=\"202\">%14<\/b>\u2019\u00fcn\u00fcn acil servis bekleme s\u00fcrelerinden memnun oldu\u011funu ortaya koyuyor.<\/p><div id=\"briti-2354694819\" class=\"briti-icerik\" style=\"margin-top: 5px;margin-bottom: 5px;\"><a href=\"https:\/\/piaryum.com\/services\/\" aria-label=\"piaryum banner\"><img loading=\"lazy\" decoding=\"async\" src=\"https:\/\/by-tv.co.uk\/wp-content\/uploads\/2025\/12\/Gemini_Generated_Image_g5yqr1g5yqr1g5yq.jpg\" alt=\"\"  width=\"2064\" height=\"1152\"   \/><\/a><\/div>\n<p data-path-to-node=\"6\">D\u00fc\u015f\u00fck performans g\u00f6steren be\u015f sa\u011fl\u0131k vakf\u0131na y\u00f6nelik &#8220;yo\u011fun iyile\u015ftirme program\u0131&#8221; ba\u015flatacaklar\u0131n\u0131 a\u00e7\u0131klayan <b data-path-to-node=\"6\" data-index-in-node=\"109\">Wes Streeting<\/b>, ba\u015far\u0131s\u0131z y\u00f6neticilerin g\u00f6revden al\u0131nabilece\u011fi sinyalini verdi. <b data-path-to-node=\"6\" data-index-in-node=\"188\">King\u2019s Fund<\/b> ve <b data-path-to-node=\"6\" data-index-in-node=\"203\">Nuffield Trust<\/b> gibi d\u00fc\u015f\u00fcnce kurulu\u015flar\u0131 ise bu art\u0131\u015f\u0131 &#8220;iyile\u015fmenin ilk ye\u015fil filizleri&#8221; olarak nitelendirse de kamuoyunun hala sistemden b\u00fcy\u00fck \u00f6l\u00e7\u00fcde mutsuz oldu\u011fu uyar\u0131s\u0131nda bulundu.<\/p>\n<h4 data-path-to-node=\"7\"><b data-path-to-node=\"7\" data-index-in-node=\"0\">Sa\u011fl\u0131kta \u00f6ncelikli hedefler<\/b><\/h4>\n<p data-path-to-node=\"8\">H\u00fck\u00fcmetin temel vaadi, <b data-path-to-node=\"8\" data-index-in-node=\"23\">2029<\/b> y\u0131l\u0131na kadar bekleme listesindeki hastalar\u0131n <b data-path-to-node=\"8\" data-index-in-node=\"73\">%92<\/b>\u2019sinin <b data-path-to-node=\"8\" data-index-in-node=\"83\">18 hafta<\/b> i\u00e7inde tedavi edilmesini sa\u011flamak. Ancak <b data-path-to-node=\"8\" data-index-in-node=\"133\">British Social Attitudes<\/b> ara\u015ft\u0131rmas\u0131na kat\u0131lan <b data-path-to-node=\"8\" data-index-in-node=\"180\">3.400<\/b> ki\u015finin \u00f6nceli\u011fi daha farkl\u0131: Halk, her \u015feyden \u00f6nce aile hekimlerine h\u0131zl\u0131 eri\u015fim ve acil servislerde daha k\u0131sa s\u00fcrede tedavi edilmek istiyor.<\/p>\n<p data-path-to-node=\"9\">Bakan <b data-path-to-node=\"9\" data-index-in-node=\"6\">Streeting<\/b>, &#8220;NHS bozulmu\u015ftu ancak yenilmedi; yat\u0131r\u0131mlar\u0131m\u0131z ve modernizasyon \u00e7al\u0131\u015fmalar\u0131m\u0131z sonu\u00e7 vermeye ba\u015fl\u0131yor&#8221; diyerek sa\u011fl\u0131k sistemindeki toparlanman\u0131n s\u00fcrece\u011fi mesaj\u0131n\u0131 verdi. Devam eden iyile\u015ftirme \u00e7al\u0131\u015fmalar\u0131 kapsam\u0131nda ambulans yan\u0131t s\u00fcreleri ve acil servislerdeki d\u00f6rt saatlik bekleme hedeflerinde de ilerleme kaydedildi\u011fi belirtildi.<\/p>\n<\/div>\n<div id=\"briti-583797234\" class=\"briti-icerikten-sonra_2\" style=\"margin-top: 25px;margin-bottom: 25px;\"><a href=\"https:\/\/wa.me\/message\/NDZLLIOQT4H3O1\" aria-label=\"bytv reklam banner\"><img loading=\"lazy\" decoding=\"async\" src=\"https:\/\/by-tv.co.uk\/wp-content\/uploads\/2025\/12\/bytv-reklam-banner.jpg\" alt=\"\"  width=\"2376\" height=\"1008\"   \/><\/a><\/div>","protected":false},"excerpt":{"rendered":"<p>\u0130yile\u015fme yolunda ilk sinyaller Birle\u015fik Krall\u0131k\u2019ta kamuoyunun Ulusal Sa\u011fl\u0131k Servisi\u2019ne (NHS) duydu\u011fu g\u00fcven, 2019 y\u0131l\u0131ndan bu yana ilk kez art\u0131\u015f g\u00f6sterdi. The Guardian\u2019\u0131n haberine g\u00f6re, ge\u00e7en y\u0131l %21 ile t\u00fcm zamanlar\u0131n en d\u00fc\u015f\u00fck seviyesini g\u00f6ren memnuniyet oran\u0131 bu y\u0131l %26\u2019ya y\u00fckseldi. Ayn\u0131 d\u00f6nemde sa\u011fl\u0131k sisteminden memnun olmayanlar\u0131n oran\u0131 ise %8 azalarak %51 seviyesine geriledi. Bu d\u00fc\u015f\u00fc\u015f, 1998 y\u0131l\u0131ndan bu yana kaydedilen en b\u00fcy\u00fck iyile\u015fme olarak kay\u0131tlara ge\u00e7ti. \u0130ngiltere Sa\u011fl\u0131k Bakan\u0131 Wes Streeting, verilerin \u0130\u015f\u00e7i Partisi h\u00fck\u00fcmetinin sa\u011fl\u0131k sistemini iyile\u015ftirme yolunda att\u0131\u011f\u0131 ad\u0131mlar\u0131n bir sonucu oldu\u011funu vurgulad\u0131. Bekleme s\u00fcreleri en b\u00fcy\u00fck engel Memnuniyetteki art\u0131\u015fa ra\u011fmen halk, hastane ve aile hekimli\u011fi (GP) [&hellip;]<\/p>\n","protected":false},"author":11,"featured_media":34706,"comment_status":"open","ping_status":"open","sticky":false,"template":"","format":"standard","meta":{"ngg_post_thumbnail":0,"footnotes":""},"categories":[5269,15,13],"tags":[],"class_list":["post-37964","post","type-post","status-publish","format-standard","has-post-thumbnail","hentry","category-birlesik-krallik","category-ingiltere","category-saglik"],"_links":{"self":[{"href":"https:\/\/by-tv.co.uk\/en\/wp-json\/wp\/v2\/posts\/37964","targetHints":{"allow":["GET"]}}],"collection":[{"href":"https:\/\/by-tv.co.uk\/en\/wp-json\/wp\/v2\/posts"}],"about":[{"href":"https:\/\/by-tv.co.uk\/en\/wp-json\/wp\/v2\/types\/post"}],"author":[{"embeddable":true,"href":"https:\/\/by-tv.co.uk\/en\/wp-json\/wp\/v2\/users\/11"}],"replies":[{"embeddable":true,"href":"https:\/\/by-tv.co.uk\/en\/wp-json\/wp\/v2\/comments?post=37964"}],"version-history":[{"count":2,"href":"https:\/\/by-tv.co.uk\/en\/wp-json\/wp\/v2\/posts\/37964\/revisions"}],"predecessor-version":[{"id":37966,"href":"https:\/\/by-tv.co.uk\/en\/wp-json\/wp\/v2\/posts\/37964\/revisions\/37966"}],"wp:featuredmedia":[{"embeddable":true,"href":"https:\/\/by-tv.co.uk\/en\/wp-json\/wp\/v2\/media\/34706"}],"wp:attachment":[{"href":"https:\/\/by-tv.co.uk\/en\/wp-json\/wp\/v2\/media?parent=37964"}],"wp:term":[{"taxonomy":"category","embeddable":true,"href":"https:\/\/by-tv.co.uk\/en\/wp-json\/wp\/v2\/categories?post=37964"},{"taxonomy":"post_tag","embeddable":true,"href":"https:\/\/by-tv.co.uk\/en\/wp-json\/wp\/v2\/tags?post=37964"}],"curies":[{"name":"wp","href":"https:\/\/api.w.org\/{rel}","templated":true}]}}