{"id":37953,"date":"2026-03-25T09:18:37","date_gmt":"2026-03-25T09:18:37","guid":{"rendered":"https:\/\/by-tv.co.uk\/?p=37953"},"modified":"2026-03-25T07:49:38","modified_gmt":"2026-03-25T07:49:38","slug":"ingilterede-enflasyon-3te-sabit-kaldi","status":"publish","type":"post","link":"https:\/\/by-tv.co.uk\/en\/ingilterede-enflasyon-3te-sabit-kaldi\/","title":{"rendered":"\u0130ngiltere\u2019de enflasyon %3\u2019te sabit kald\u0131"},"content":{"rendered":"<p>\u0130ngiltere\u2019de enflasyon \u015fubat ay\u0131nda y\u0131ll\u0131k bazda <strong>%3 seviyesinde sabit kald\u0131<\/strong>. Ulusal \u0130statistik Ofisi (ONS) verilerine g\u00f6re, bu oran ekonomistlerin beklentileriyle uyumlu olsa da h\u00fck\u00fcmetin <strong>%2 hedefinin \u00fczerinde<\/strong> kalmaya devam etti.<\/p>\n<p>Guardian\u2019\u0131n haberine g\u00f6re, enflasyondaki bu dura\u011fan tabloya ra\u011fmen <strong>\u0130ran sava\u015f\u0131 sonras\u0131 y\u00fckselen enerji fiyatlar\u0131<\/strong>, \u00f6n\u00fcm\u00fczdeki d\u00f6nemde yeni fiyat art\u0131\u015flar\u0131na yol a\u00e7abilir.<\/p>\n<h4>Enerji krizi beklentileri de\u011fi\u015ftirdi<\/h4>\n<p>\u015eubat verileri, Orta Do\u011fu\u2019daki \u00e7at\u0131\u015fmalar\u0131n etkisi hen\u00fcz tam olarak hissedilmeden \u00f6nce topland\u0131. Ancak <strong>H\u00fcrm\u00fcz Bo\u011faz\u0131\u2019n\u0131n fiilen kapanmas\u0131yla petrol ve gaz fiyatlar\u0131n\u0131n h\u0131zla y\u00fckselmesi<\/strong>, enflasyon g\u00f6r\u00fcn\u00fcm\u00fcn\u00fc \u00f6nemli \u00f6l\u00e7\u00fcde de\u011fi\u015ftirdi.<\/p><div id=\"briti-1452106467\" class=\"briti-icerik\" style=\"margin-top: 5px;margin-bottom: 5px;\"><a href=\"https:\/\/piaryum.com\/services\/\" aria-label=\"piaryum banner\"><img loading=\"lazy\" decoding=\"async\" src=\"https:\/\/by-tv.co.uk\/wp-content\/uploads\/2025\/12\/Gemini_Generated_Image_g5yqr1g5yqr1g5yq.jpg\" alt=\"\"  width=\"2064\" height=\"1152\"   \/><\/a><\/div>\n<p>\u0130ngiltere Merkez Bankas\u0131 daha \u00f6nce enflasyonun y\u0131l\u0131n ikinci \u00e7eyre\u011finde %2 hedefine d\u00fc\u015fmesini beklerken, son geli\u015fmeler sonras\u0131 <strong>faiz indirimi beklentileri zay\u0131flad\u0131<\/strong>. Piyasalar art\u0131k bir sonraki ad\u0131m\u0131n faiz art\u0131\u015f\u0131 olabilece\u011fini de\u011ferlendiriyor.<\/p>\n<h4>G\u0131da fiyatlar\u0131nda ge\u00e7ici d\u00fc\u015f\u00fc\u015f<\/h4>\n<p>\u015eubat ay\u0131nda g\u0131da enflasyonu <strong>%3,6\u2019dan %3,3\u2019e gerileyerek<\/strong> Mart 2025\u2019ten bu yana en d\u00fc\u015f\u00fck seviyeye indi. Zeytinya\u011f\u0131, un ve pizza fiyatlar\u0131ndaki d\u00fc\u015f\u00fc\u015f bu gerilemede etkili oldu.<\/p>\n<p>Ancak <strong>G\u0131da ve \u0130\u00e7ecek Federasyonu (FDF)<\/strong>, bu d\u00fc\u015f\u00fc\u015f\u00fcn ge\u00e7ici olabilece\u011fi uyar\u0131s\u0131nda bulundu. Kurumun CEO\u2019su <strong>Karen Betts<\/strong>,<br \/>\n<strong>\u201cBu durum f\u0131rt\u0131na \u00f6ncesi sessizlik olabilir\u201d<\/strong> ifadelerini kulland\u0131.<\/p>\n<p>Artan enerji, g\u00fcbre ve ta\u015f\u0131mac\u0131l\u0131k maliyetlerinin g\u0131da fiyatlar\u0131n\u0131 yeniden yukar\u0131 \u00e7ekebilece\u011fi belirtiliyor.<\/p>\n<h4>\u00c7ekirdek enflasyon y\u00fckseldi<\/h4>\n<p>G\u0131da ve enerji gibi oynak kalemlerin hari\u00e7 tutuldu\u011fu <strong>\u00e7ekirdek enflasyon %3,2\u2019ye y\u00fckseldi<\/strong>. Bu art\u0131\u015f, fiyat bask\u0131lar\u0131n\u0131n ekonominin geneline yay\u0131labilece\u011fine i\u015faret ediyor.<\/p>\n<p>ONS Ba\u015fekonomisti <strong>Grant Fitzner<\/strong>, giyim fiyatlar\u0131ndaki art\u0131\u015f\u0131n enflasyonu yukar\u0131 \u00e7ekti\u011fini, ancak petrol fiyatlar\u0131n\u0131n hen\u00fcz sava\u015f etkisini yans\u0131tmad\u0131\u011f\u0131 i\u00e7in genel art\u0131\u015f\u0131n s\u0131n\u0131rl\u0131 kald\u0131\u011f\u0131n\u0131 belirtti.<\/p>\n<h4>H\u00fck\u00fcmet destek se\u00e7eneklerini de\u011ferlendiriyor<\/h4>\n<p>Maliye Bakan\u0131 <strong>Rachel Reeves<\/strong>, artan enerji maliyetleri nedeniyle hanelerin kar\u015f\u0131la\u015fabilece\u011fi y\u00fck\u00fc hafifletmek i\u00e7in <strong>hedefli destek se\u00e7eneklerinin incelendi\u011fini<\/strong> a\u00e7\u0131klad\u0131.<\/p>\n<p>Uzmanlar, Orta Do\u011fu\u2019daki \u00e7at\u0131\u015fman\u0131n uzamas\u0131 halinde \u0130ngiltere\u2019de enflasyonun yeniden y\u00fckseli\u015fe ge\u00e7ebilece\u011fi uyar\u0131s\u0131nda bulunuyor.<\/p>\n<div id=\"briti-4103364728\" class=\"briti-icerikten-sonra_2\" style=\"margin-top: 25px;margin-bottom: 25px;\"><a href=\"https:\/\/wa.me\/message\/NDZLLIOQT4H3O1\" aria-label=\"bytv reklam banner\"><img loading=\"lazy\" decoding=\"async\" src=\"https:\/\/by-tv.co.uk\/wp-content\/uploads\/2025\/12\/bytv-reklam-banner.jpg\" alt=\"\"  width=\"2376\" height=\"1008\"   \/><\/a><\/div>","protected":false},"excerpt":{"rendered":"<p>\u0130ngiltere\u2019de enflasyon \u015fubat ay\u0131nda y\u0131ll\u0131k bazda %3 seviyesinde sabit kald\u0131. Ulusal \u0130statistik Ofisi (ONS) verilerine g\u00f6re, bu oran ekonomistlerin beklentileriyle uyumlu olsa da h\u00fck\u00fcmetin %2 hedefinin \u00fczerinde kalmaya devam etti. Guardian\u2019\u0131n haberine g\u00f6re, enflasyondaki bu dura\u011fan tabloya ra\u011fmen \u0130ran sava\u015f\u0131 sonras\u0131 y\u00fckselen enerji fiyatlar\u0131, \u00f6n\u00fcm\u00fczdeki d\u00f6nemde yeni fiyat art\u0131\u015flar\u0131na yol a\u00e7abilir. Enerji krizi beklentileri de\u011fi\u015ftirdi \u015eubat verileri, Orta Do\u011fu\u2019daki \u00e7at\u0131\u015fmalar\u0131n etkisi hen\u00fcz tam olarak hissedilmeden \u00f6nce topland\u0131. Ancak H\u00fcrm\u00fcz Bo\u011faz\u0131\u2019n\u0131n fiilen kapanmas\u0131yla petrol ve gaz fiyatlar\u0131n\u0131n h\u0131zla y\u00fckselmesi, enflasyon g\u00f6r\u00fcn\u00fcm\u00fcn\u00fc \u00f6nemli \u00f6l\u00e7\u00fcde de\u011fi\u015ftirdi. \u0130ngiltere Merkez Bankas\u0131 daha \u00f6nce enflasyonun y\u0131l\u0131n ikinci \u00e7eyre\u011finde %2 hedefine d\u00fc\u015fmesini beklerken, son geli\u015fmeler sonras\u0131 faiz [&hellip;]<\/p>\n","protected":false},"author":11,"featured_media":34125,"comment_status":"open","ping_status":"open","sticky":false,"template":"","format":"standard","meta":{"ngg_post_thumbnail":0,"footnotes":""},"categories":[5269,1272,15],"tags":[],"class_list":["post-37953","post","type-post","status-publish","format-standard","has-post-thumbnail","hentry","category-birlesik-krallik","category-ekonomi","category-ingiltere"],"_links":{"self":[{"href":"https:\/\/by-tv.co.uk\/en\/wp-json\/wp\/v2\/posts\/37953","targetHints":{"allow":["GET"]}}],"collection":[{"href":"https:\/\/by-tv.co.uk\/en\/wp-json\/wp\/v2\/posts"}],"about":[{"href":"https:\/\/by-tv.co.uk\/en\/wp-json\/wp\/v2\/types\/post"}],"author":[{"embeddable":true,"href":"https:\/\/by-tv.co.uk\/en\/wp-json\/wp\/v2\/users\/11"}],"replies":[{"embeddable":true,"href":"https:\/\/by-tv.co.uk\/en\/wp-json\/wp\/v2\/comments?post=37953"}],"version-history":[{"count":1,"href":"https:\/\/by-tv.co.uk\/en\/wp-json\/wp\/v2\/posts\/37953\/revisions"}],"predecessor-version":[{"id":37954,"href":"https:\/\/by-tv.co.uk\/en\/wp-json\/wp\/v2\/posts\/37953\/revisions\/37954"}],"wp:featuredmedia":[{"embeddable":true,"href":"https:\/\/by-tv.co.uk\/en\/wp-json\/wp\/v2\/media\/34125"}],"wp:attachment":[{"href":"https:\/\/by-tv.co.uk\/en\/wp-json\/wp\/v2\/media?parent=37953"}],"wp:term":[{"taxonomy":"category","embeddable":true,"href":"https:\/\/by-tv.co.uk\/en\/wp-json\/wp\/v2\/categories?post=37953"},{"taxonomy":"post_tag","embeddable":true,"href":"https:\/\/by-tv.co.uk\/en\/wp-json\/wp\/v2\/tags?post=37953"}],"curies":[{"name":"wp","href":"https:\/\/api.w.org\/{rel}","templated":true}]}}