{"id":37949,"date":"2026-03-25T10:18:19","date_gmt":"2026-03-25T10:18:19","guid":{"rendered":"https:\/\/by-tv.co.uk\/?p=37949"},"modified":"2026-03-25T07:31:07","modified_gmt":"2026-03-25T07:31:07","slug":"glasgow-central-istasyonu-tam-kapasite-hizmete-donuyor","status":"publish","type":"post","link":"https:\/\/by-tv.co.uk\/en\/glasgow-central-istasyonu-tam-kapasite-hizmete-donuyor\/","title":{"rendered":"Glasgow Central \u0130stasyonu Tam Kapasite Hizmete D\u00f6n\u00fcyor"},"content":{"rendered":"<div id=\"model-response-message-contentr_47a59cfe0aecaae7\" class=\"markdown markdown-main-panel enable-updated-hr-color\" dir=\"ltr\" aria-live=\"polite\" aria-busy=\"false\">\n<h4 data-path-to-node=\"1\"><b data-path-to-node=\"1\" data-index-in-node=\"0\">Normal Sefer D\u00fczeni Ba\u015fl\u0131yor<\/b><\/h4>\n<p data-path-to-node=\"2\"><b data-path-to-node=\"2\" data-index-in-node=\"0\">Glasgow Central<\/b> istasyonu, yak\u0131n\u0131ndaki tarihi binada \u00e7\u0131kan b\u00fcy\u00fck yang\u0131n\u0131n ard\u0131ndan \u00c7ar\u015famba g\u00fcn\u00fc itibar\u0131yla t\u00fcm peronlar\u0131n\u0131 a\u00e7arak tam kapasiteyle \u00e7al\u0131\u015fmaya ba\u015fl\u0131yor. Yang\u0131n sonras\u0131 g\u00fcvenlik gerek\u00e7esiyle kapat\u0131lan istasyon, temizlik ve teknik kontrollerin ard\u0131ndan normal d\u00fczenine d\u00f6n\u00fcyor.<\/p>\n<p data-path-to-node=\"3\"><b data-path-to-node=\"3\" data-index-in-node=\"0\">BBC<\/b>&#8216;nin haberine g\u00f6re, <b data-path-to-node=\"3\" data-index-in-node=\"23\">Network Rail<\/b>, peron <b data-path-to-node=\"3\" data-index-in-node=\"43\">1<\/b> ile <b data-path-to-node=\"3\" data-index-in-node=\"49\">6<\/b> aras\u0131ndaki son kapal\u0131 b\u00f6l\u00fcmlerin de hizmete girmesiyle birlikte tren seferlerinin art\u0131k eksiksiz bir takvimle ger\u00e7ekle\u015ftirilece\u011fini duyurdu. Ana giri\u015f kap\u0131s\u0131 olan <b data-path-to-node=\"3\" data-index-in-node=\"214\">Gordon Street<\/b> ise \u00e7evredeki kontroll\u00fc y\u0131k\u0131m \u00e7al\u0131\u015fmalar\u0131 nedeniyle bir s\u00fcre daha kapal\u0131 kalmaya devam edecek.<\/p>\n<h4 data-path-to-node=\"4\"><b data-path-to-node=\"4\" data-index-in-node=\"0\">Hizmet Veren G\u00fczergahlar Geni\u015fliyor<\/b><\/h4>\n<p data-path-to-node=\"5\">Yang\u0131n nedeniyle <b data-path-to-node=\"5\" data-index-in-node=\"17\">10 g\u00fcn<\/b> boyunca hizmet veremeyen y\u00fcksek seviyeli peronlar\u0131n a\u00e7\u0131lmas\u0131, ask\u0131ya al\u0131nan pek \u00e7ok hatt\u0131n geri d\u00f6nmesini sa\u011flad\u0131. <b data-path-to-node=\"5\" data-index-in-node=\"139\">ScotRail<\/b>; <b data-path-to-node=\"5\" data-index-in-node=\"149\">Edinburgh<\/b>, <b data-path-to-node=\"5\" data-index-in-node=\"160\">Paisley Canal<\/b>, <b data-path-to-node=\"5\" data-index-in-node=\"175\">Newton<\/b>, <b data-path-to-node=\"5\" data-index-in-node=\"183\">Barrhead<\/b> ve <b data-path-to-node=\"5\" data-index-in-node=\"195\">Neilston<\/b> gibi ana g\u00fczergahlarda tam sefer takvimine ge\u00e7ildi\u011fini bildirdi.<\/p><div id=\"briti-4022085492\" class=\"briti-icerik\" style=\"margin-top: 5px;margin-bottom: 5px;\"><a href=\"https:\/\/piaryum.com\/services\/\" aria-label=\"piaryum banner\"><img loading=\"lazy\" decoding=\"async\" src=\"https:\/\/by-tv.co.uk\/wp-content\/uploads\/2025\/12\/Gemini_Generated_Image_g5yqr1g5yqr1g5yq.jpg\" alt=\"\"  width=\"2064\" height=\"1152\"   \/><\/a><\/div>\n<p data-path-to-node=\"6\"><b data-path-to-node=\"6\" data-index-in-node=\"0\">Avanti West Coast<\/b> i\u015fletmesi de saatte <b data-path-to-node=\"6\" data-index-in-node=\"38\">2 tren<\/b> olacak \u015fekilde normal planlamas\u0131na geri d\u00f6n\u00fcyor. \u0130stasyon i\u00e7indeki ma\u011fazalar, bilet gi\u015feleri ve temel tesisler kullan\u0131ma a\u00e7\u0131l\u0131rken, yolcular\u0131n istasyona giri\u015f i\u00e7in <b data-path-to-node=\"6\" data-index-in-node=\"209\">Hope Street<\/b> giri\u015flerini kullanmalar\u0131 \u00f6neriliyor.<\/p>\n<h4 data-path-to-node=\"7\"><b data-path-to-node=\"7\" data-index-in-node=\"0\">Yang\u0131n\u0131n B\u00f6lgeye Etkisi S\u00fcr\u00fcyor<\/b><\/h4>\n<p data-path-to-node=\"8\"><b data-path-to-node=\"8\" data-index-in-node=\"0\">8 Mart Pazar<\/b> g\u00fcn\u00fc bir ma\u011fazada ba\u015flayan yang\u0131n, istasyonun yan\u0131ndaki Viktorya d\u00f6neminden kalma tarihi binay\u0131 tamamen kullan\u0131lmaz hale getirmi\u015fti. <b data-path-to-node=\"8\" data-index-in-node=\"146\">Glasgow Belediye Meclisi<\/b>, binan\u0131n kalan k\u0131s\u0131mlar\u0131n\u0131n y\u0131k\u0131lmas\u0131 ve molozlar\u0131n temizlenmesi i\u00e7in \u00e7al\u0131\u015fmalar\u0131n titizlikle s\u00fcrd\u00fcr\u00fcld\u00fc\u011f\u00fcn\u00fc a\u00e7\u0131klad\u0131.<\/p>\n<p data-path-to-node=\"9\">G\u00fcvenlik b\u00f6lgesi s\u0131n\u0131rlar\u0131 i\u00e7inde kalan <b data-path-to-node=\"9\" data-index-in-node=\"40\">Sainsbury<\/b>, <b data-path-to-node=\"9\" data-index-in-node=\"51\">Tesco<\/b> ve <b data-path-to-node=\"9\" data-index-in-node=\"60\">Yorkshire Building Society<\/b> gibi i\u015fletmeler kapal\u0131 kalmaya devam ederken, <b data-path-to-node=\"9\" data-index-in-node=\"133\">Union Street<\/b> \u00fczerindeki otob\u00fcs seferleri alternatif g\u00fczergahlar \u00fczerinden ger\u00e7ekle\u015ftiriliyor. Yetkililer, seyahat edecek yolcular\u0131n g\u00fcncel durum i\u00e7in istasyon duyurular\u0131n\u0131 takip etmesini tavsiye ediyor.<\/p>\n<\/div>\n<div id=\"briti-2337481329\" class=\"briti-icerikten-sonra_2\" style=\"margin-top: 25px;margin-bottom: 25px;\"><a href=\"https:\/\/wa.me\/message\/NDZLLIOQT4H3O1\" aria-label=\"bytv reklam banner\"><img loading=\"lazy\" decoding=\"async\" src=\"https:\/\/by-tv.co.uk\/wp-content\/uploads\/2025\/12\/bytv-reklam-banner.jpg\" alt=\"\"  width=\"2376\" height=\"1008\"   \/><\/a><\/div>","protected":false},"excerpt":{"rendered":"<p>Normal Sefer D\u00fczeni Ba\u015fl\u0131yor Glasgow Central istasyonu, yak\u0131n\u0131ndaki tarihi binada \u00e7\u0131kan b\u00fcy\u00fck yang\u0131n\u0131n ard\u0131ndan \u00c7ar\u015famba g\u00fcn\u00fc itibar\u0131yla t\u00fcm peronlar\u0131n\u0131 a\u00e7arak tam kapasiteyle \u00e7al\u0131\u015fmaya ba\u015fl\u0131yor. Yang\u0131n sonras\u0131 g\u00fcvenlik gerek\u00e7esiyle kapat\u0131lan istasyon, temizlik ve teknik kontrollerin ard\u0131ndan normal d\u00fczenine d\u00f6n\u00fcyor. BBC&#8216;nin haberine g\u00f6re, Network Rail, peron 1 ile 6 aras\u0131ndaki son kapal\u0131 b\u00f6l\u00fcmlerin de hizmete girmesiyle birlikte tren seferlerinin art\u0131k eksiksiz bir takvimle ger\u00e7ekle\u015ftirilece\u011fini duyurdu. Ana giri\u015f kap\u0131s\u0131 olan Gordon Street ise \u00e7evredeki kontroll\u00fc y\u0131k\u0131m \u00e7al\u0131\u015fmalar\u0131 nedeniyle bir s\u00fcre daha kapal\u0131 kalmaya devam edecek. Hizmet Veren G\u00fczergahlar Geni\u015fliyor Yang\u0131n nedeniyle 10 g\u00fcn boyunca hizmet veremeyen y\u00fcksek seviyeli peronlar\u0131n a\u00e7\u0131lmas\u0131, ask\u0131ya al\u0131nan pek [&hellip;]<\/p>\n","protected":false},"author":11,"featured_media":37281,"comment_status":"open","ping_status":"open","sticky":false,"template":"","format":"standard","meta":{"ngg_post_thumbnail":0,"footnotes":""},"categories":[5269],"tags":[],"class_list":["post-37949","post","type-post","status-publish","format-standard","has-post-thumbnail","hentry","category-birlesik-krallik"],"_links":{"self":[{"href":"https:\/\/by-tv.co.uk\/en\/wp-json\/wp\/v2\/posts\/37949","targetHints":{"allow":["GET"]}}],"collection":[{"href":"https:\/\/by-tv.co.uk\/en\/wp-json\/wp\/v2\/posts"}],"about":[{"href":"https:\/\/by-tv.co.uk\/en\/wp-json\/wp\/v2\/types\/post"}],"author":[{"embeddable":true,"href":"https:\/\/by-tv.co.uk\/en\/wp-json\/wp\/v2\/users\/11"}],"replies":[{"embeddable":true,"href":"https:\/\/by-tv.co.uk\/en\/wp-json\/wp\/v2\/comments?post=37949"}],"version-history":[{"count":1,"href":"https:\/\/by-tv.co.uk\/en\/wp-json\/wp\/v2\/posts\/37949\/revisions"}],"predecessor-version":[{"id":37950,"href":"https:\/\/by-tv.co.uk\/en\/wp-json\/wp\/v2\/posts\/37949\/revisions\/37950"}],"wp:featuredmedia":[{"embeddable":true,"href":"https:\/\/by-tv.co.uk\/en\/wp-json\/wp\/v2\/media\/37281"}],"wp:attachment":[{"href":"https:\/\/by-tv.co.uk\/en\/wp-json\/wp\/v2\/media?parent=37949"}],"wp:term":[{"taxonomy":"category","embeddable":true,"href":"https:\/\/by-tv.co.uk\/en\/wp-json\/wp\/v2\/categories?post=37949"},{"taxonomy":"post_tag","embeddable":true,"href":"https:\/\/by-tv.co.uk\/en\/wp-json\/wp\/v2\/tags?post=37949"}],"curies":[{"name":"wp","href":"https:\/\/api.w.org\/{rel}","templated":true}]}}