{"id":37947,"date":"2026-03-25T09:48:25","date_gmt":"2026-03-25T09:48:25","guid":{"rendered":"https:\/\/by-tv.co.uk\/?p=37947"},"modified":"2026-03-25T07:26:27","modified_gmt":"2026-03-25T07:26:27","slug":"ingiltere-genclere-sosyal-medya-yasagini-test-ediyor","status":"publish","type":"post","link":"https:\/\/by-tv.co.uk\/en\/ingiltere-genclere-sosyal-medya-yasagini-test-ediyor\/","title":{"rendered":"\u0130ngiltere Gen\u00e7lere Sosyal Medya Yasa\u011f\u0131n\u0131 Test Ediyor"},"content":{"rendered":"<div id=\"model-response-message-contentr_c43afc2f5eb3779b\" class=\"markdown markdown-main-panel enable-updated-hr-color\" dir=\"ltr\" aria-live=\"polite\" aria-busy=\"false\">\n<h4 data-path-to-node=\"1\"><b data-path-to-node=\"1\" data-index-in-node=\"0\">Pilot uygulama s\u00fcreci ba\u015fl\u0131yor<\/b><\/h4>\n<p data-path-to-node=\"2\">Birle\u015fik Krall\u0131k genelinde y\u00fcr\u00fct\u00fclecek pilot \u00e7al\u0131\u015fma kapsam\u0131nda, y\u00fczlerce gencin evinde sosyal medya uygulamalar\u0131na eri\u015fim k\u0131s\u0131tlanacak veya tamamen engellenecek. H\u00fck\u00fcmet liderli\u011findeki bu testte <b data-path-to-node=\"2\" data-index-in-node=\"196\">300 gen\u00e7<\/b>, uygulamalar\u0131n tamamen devre d\u0131\u015f\u0131 b\u0131rak\u0131lmas\u0131, gece boyu eri\u015fimin engellenmesi veya g\u00fcnl\u00fck kullan\u0131m\u0131n <b data-path-to-node=\"2\" data-index-in-node=\"307\">bir saatle<\/b> s\u0131n\u0131rland\u0131r\u0131lmas\u0131 gibi farkl\u0131 senaryolara dahil edilecek.<\/p>\n<p data-path-to-node=\"3\"><b data-path-to-node=\"3\" data-index-in-node=\"0\">BBC<\/b>&#8216;nin haberine g\u00f6re bu deneme, Avustralya&#8217;n\u0131n <b data-path-to-node=\"3\" data-index-in-node=\"48\">16 ya\u015f alt\u0131<\/b> i\u00e7in sosyal medya yasa\u011f\u0131 modelinin \u0130ngiltere&#8217;de uygulan\u0131p uygulanmayaca\u011f\u0131na dair y\u00fcr\u00fct\u00fclen resmi isti\u015fare s\u00fcreciyle e\u015f zamanl\u0131 ilerleyecek. Teknoloji Bakan\u0131 <b data-path-to-node=\"3\" data-index-in-node=\"217\">Liz Kendall<\/b>, bu pilot uygulamalar\u0131n &#8220;ger\u00e7ek d\u00fcnyadaki se\u00e7enekleri test etmek&#8221; ad\u0131na kritik oldu\u011funu belirterek, elde edilecek kan\u0131tlar\u0131n ailelerin deneyimleriyle birle\u015ferek gelecekteki ad\u0131mlara y\u00f6n verece\u011fini ifade etti.<\/p>\n<h4 data-path-to-node=\"4\"><b data-path-to-node=\"4\" data-index-in-node=\"0\">D\u00f6rt farkl\u0131 test grubu olu\u015fturulacak<\/b><\/h4>\n<p data-path-to-node=\"5\">Deney kapsam\u0131nda kat\u0131l\u0131mc\u0131lar d\u00f6rt ayr\u0131 gruba ayr\u0131lacak. \u00dc\u00e7 grupta farkl\u0131 k\u0131s\u0131tlama modelleri uygulan\u0131rken, d\u00f6rd\u00fcnc\u00fc grup herhangi bir de\u011fi\u015fikli\u011fe u\u011framadan &#8220;kontrol grubu&#8221; olarak kalacak. En kat\u0131 grubun pop\u00fcler uygulamalara eri\u015fimi tamamen kesilerek tam bir yasak senaryosu sim\u00fcle edilecek. Di\u011fer gruplarda ise g\u00fcnl\u00fck <b data-path-to-node=\"5\" data-index-in-node=\"319\">60 dakika<\/b> s\u0131n\u0131r\u0131 veya <b data-path-to-node=\"5\" data-index-in-node=\"341\">21:00 ile 07:00<\/b> saatleri aras\u0131nda &#8220;dijital soka\u011fa \u00e7\u0131kma yasa\u011f\u0131&#8221; uygulanacak.<\/p><div id=\"briti-1682671625\" class=\"briti-icerik\" style=\"margin-top: 5px;margin-bottom: 5px;\"><a href=\"https:\/\/piaryum.com\/services\/\" aria-label=\"piaryum banner\"><img loading=\"lazy\" decoding=\"async\" src=\"https:\/\/by-tv.co.uk\/wp-content\/uploads\/2025\/12\/Gemini_Generated_Image_g5yqr1g5yqr1g5yq.jpg\" alt=\"\"  width=\"2064\" height=\"1152\"   \/><\/a><\/div>\n<p data-path-to-node=\"6\">\u00c7al\u0131\u015fma s\u00fcresince gen\u00e7lerin aile hayat\u0131, uyku d\u00fczeni ve okul ba\u015far\u0131lar\u0131 \u00fczerindeki etkiler yak\u0131ndan izlenecek. H\u00fck\u00fcmet yetkilileri, ebeveyn denetimlerinin kurulmas\u0131ndaki zorluklar ve gen\u00e7lerin bu engelleri a\u015fmak i\u00e7in geli\u015ftirebilece\u011fi y\u00f6ntemlerin de analiz edilece\u011fini bildirdi. \u015eu ana kadar y\u00fcr\u00fct\u00fclen kamuoyu isti\u015farelerine yakla\u015f\u0131k <b data-path-to-node=\"6\" data-index-in-node=\"334\">30.000<\/b> yan\u0131t geldi\u011fi a\u00e7\u0131kland\u0131.<\/p>\n<h4 data-path-to-node=\"7\"><b data-path-to-node=\"7\" data-index-in-node=\"0\">D\u00fcnyan\u0131n ilk b\u00fcy\u00fck bilimsel ara\u015ft\u0131rmas\u0131<\/b><\/h4>\n<p data-path-to-node=\"8\">H\u00fck\u00fcmetin pilot \u00e7al\u0131\u015fmalar\u0131, ba\u011f\u0131ms\u0131z bir akademik ara\u015ft\u0131rma ile de desteklenecek. <b data-path-to-node=\"8\" data-index-in-node=\"83\">Wellcome Trust<\/b> taraf\u0131ndan finanse edilen ve <b data-path-to-node=\"8\" data-index-in-node=\"127\">Bradford Sa\u011fl\u0131k Ara\u015ft\u0131rmalar\u0131 Enstit\u00fcs\u00fc<\/b> ile <b data-path-to-node=\"8\" data-index-in-node=\"171\">Cambridge \u00dcniversitesi<\/b> taraf\u0131ndan y\u00fcr\u00fct\u00fclecek olan \u00e7al\u0131\u015fma, alan\u0131ndaki d\u00fcnyan\u0131n ilk b\u00fcy\u00fck bilimsel testi olacak. Psikolog <b data-path-to-node=\"8\" data-index-in-node=\"293\">Prof. Amy Orben<\/b> liderli\u011findeki bu ara\u015ft\u0131rmaya <b data-path-to-node=\"8\" data-index-in-node=\"339\">4.000 \u00f6\u011frenci<\/b> kat\u0131lacak.<\/p>\n<p data-path-to-node=\"9\"><b data-path-to-node=\"9\" data-index-in-node=\"0\">12 ile 15 ya\u015f<\/b> aras\u0131ndaki \u00f6\u011frencilerin dahil edilece\u011fi bu geni\u015f kapsaml\u0131 inceleme; sosyal medya kullan\u0131m\u0131n\u0131n azalt\u0131lmas\u0131n\u0131n kayg\u0131 seviyeleri, sosyal etkile\u015fimler, okul devams\u0131zl\u0131\u011f\u0131 ve akran zorbal\u0131\u011f\u0131 \u00fczerindeki etkilerini \u00f6l\u00e7meyi hedefliyor. Uzmanlar, bu verilerin sosyal medyan\u0131n \u00e7ocuklar \u00fczerindeki ger\u00e7ek etkisine dair mevcut veri eksikli\u011fini giderece\u011fini vurguluyor.<\/p>\n<\/div>\n<div id=\"briti-437053662\" class=\"briti-icerikten-sonra_2\" style=\"margin-top: 25px;margin-bottom: 25px;\"><a href=\"https:\/\/wa.me\/message\/NDZLLIOQT4H3O1\" aria-label=\"bytv reklam banner\"><img loading=\"lazy\" decoding=\"async\" src=\"https:\/\/by-tv.co.uk\/wp-content\/uploads\/2025\/12\/bytv-reklam-banner.jpg\" alt=\"\"  width=\"2376\" height=\"1008\"   \/><\/a><\/div>","protected":false},"excerpt":{"rendered":"<p>Pilot uygulama s\u00fcreci ba\u015fl\u0131yor Birle\u015fik Krall\u0131k genelinde y\u00fcr\u00fct\u00fclecek pilot \u00e7al\u0131\u015fma kapsam\u0131nda, y\u00fczlerce gencin evinde sosyal medya uygulamalar\u0131na eri\u015fim k\u0131s\u0131tlanacak veya tamamen engellenecek. H\u00fck\u00fcmet liderli\u011findeki bu testte 300 gen\u00e7, uygulamalar\u0131n tamamen devre d\u0131\u015f\u0131 b\u0131rak\u0131lmas\u0131, gece boyu eri\u015fimin engellenmesi veya g\u00fcnl\u00fck kullan\u0131m\u0131n bir saatle s\u0131n\u0131rland\u0131r\u0131lmas\u0131 gibi farkl\u0131 senaryolara dahil edilecek. BBC&#8216;nin haberine g\u00f6re bu deneme, Avustralya&#8217;n\u0131n 16 ya\u015f alt\u0131 i\u00e7in sosyal medya yasa\u011f\u0131 modelinin \u0130ngiltere&#8217;de uygulan\u0131p uygulanmayaca\u011f\u0131na dair y\u00fcr\u00fct\u00fclen resmi isti\u015fare s\u00fcreciyle e\u015f zamanl\u0131 ilerleyecek. Teknoloji Bakan\u0131 Liz Kendall, bu pilot uygulamalar\u0131n &#8220;ger\u00e7ek d\u00fcnyadaki se\u00e7enekleri test etmek&#8221; ad\u0131na kritik oldu\u011funu belirterek, elde edilecek kan\u0131tlar\u0131n ailelerin deneyimleriyle birle\u015ferek gelecekteki ad\u0131mlara y\u00f6n verece\u011fini ifade [&hellip;]<\/p>\n","protected":false},"author":11,"featured_media":35391,"comment_status":"open","ping_status":"open","sticky":false,"template":"","format":"standard","meta":{"ngg_post_thumbnail":0,"footnotes":""},"categories":[5269,15],"tags":[],"class_list":["post-37947","post","type-post","status-publish","format-standard","has-post-thumbnail","hentry","category-birlesik-krallik","category-ingiltere"],"_links":{"self":[{"href":"https:\/\/by-tv.co.uk\/en\/wp-json\/wp\/v2\/posts\/37947","targetHints":{"allow":["GET"]}}],"collection":[{"href":"https:\/\/by-tv.co.uk\/en\/wp-json\/wp\/v2\/posts"}],"about":[{"href":"https:\/\/by-tv.co.uk\/en\/wp-json\/wp\/v2\/types\/post"}],"author":[{"embeddable":true,"href":"https:\/\/by-tv.co.uk\/en\/wp-json\/wp\/v2\/users\/11"}],"replies":[{"embeddable":true,"href":"https:\/\/by-tv.co.uk\/en\/wp-json\/wp\/v2\/comments?post=37947"}],"version-history":[{"count":2,"href":"https:\/\/by-tv.co.uk\/en\/wp-json\/wp\/v2\/posts\/37947\/revisions"}],"predecessor-version":[{"id":37959,"href":"https:\/\/by-tv.co.uk\/en\/wp-json\/wp\/v2\/posts\/37947\/revisions\/37959"}],"wp:featuredmedia":[{"embeddable":true,"href":"https:\/\/by-tv.co.uk\/en\/wp-json\/wp\/v2\/media\/35391"}],"wp:attachment":[{"href":"https:\/\/by-tv.co.uk\/en\/wp-json\/wp\/v2\/media?parent=37947"}],"wp:term":[{"taxonomy":"category","embeddable":true,"href":"https:\/\/by-tv.co.uk\/en\/wp-json\/wp\/v2\/categories?post=37947"},{"taxonomy":"post_tag","embeddable":true,"href":"https:\/\/by-tv.co.uk\/en\/wp-json\/wp\/v2\/tags?post=37947"}],"curies":[{"name":"wp","href":"https:\/\/api.w.org\/{rel}","templated":true}]}}