{"id":37938,"date":"2026-03-24T18:48:04","date_gmt":"2026-03-24T18:48:04","guid":{"rendered":"https:\/\/by-tv.co.uk\/?p=37938"},"modified":"2026-03-24T19:07:06","modified_gmt":"2026-03-24T19:07:06","slug":"angela-rayneri-olumle-tehdit-eden-kadina-hapis-cezasi","status":"publish","type":"post","link":"https:\/\/by-tv.co.uk\/en\/angela-rayneri-olumle-tehdit-eden-kadina-hapis-cezasi\/","title":{"rendered":"Angela Rayner&#8217;\u0131 \u00f6l\u00fcmle tehdit eden kad\u0131na hapis cezas\u0131"},"content":{"rendered":"<div id=\"model-response-message-contentr_4397fd46b3663073\" class=\"markdown markdown-main-panel stronger enable-updated-hr-color\" dir=\"ltr\" aria-live=\"polite\" aria-busy=\"false\">\n<h4 data-path-to-node=\"1\"><b data-path-to-node=\"1\" data-index-in-node=\"0\">\u00d6l\u00fcm tehditleri istifa g\u00fcn\u00fcnde geldi<\/b><\/h4>\n<p data-path-to-node=\"2\">Eski Birle\u015fik Krall\u0131k Ba\u015fbakan Yard\u0131mc\u0131s\u0131 <b data-path-to-node=\"2\" data-index-in-node=\"42\">Angela Rayner<\/b> ve o\u011fluna y\u00f6nelik \u00f6l\u00fcm tehditleri i\u00e7eren mesajlar g\u00f6nderen <b data-path-to-node=\"2\" data-index-in-node=\"115\">Elizabeth Harker<\/b>, mahkeme taraf\u0131ndan su\u00e7lu bulundu. Tehditlerin, <b data-path-to-node=\"2\" data-index-in-node=\"180\">Rayner<\/b>\u2019\u0131n ba\u015fbakan yard\u0131mc\u0131l\u0131\u011f\u0131 ve konut bakanl\u0131\u011f\u0131 g\u00f6revlerinden istifa etti\u011fi <b data-path-to-node=\"2\" data-index-in-node=\"259\">5 Eyl\u00fcl 2025<\/b> tarihinde yap\u0131ld\u0131\u011f\u0131 belirtildi.<\/p>\n<p data-path-to-node=\"3\"><b data-path-to-node=\"3\" data-index-in-node=\"0\">BBC<\/b>&#8216;nin haberine g\u00f6re, <b data-path-to-node=\"3\" data-index-in-node=\"23\">Luton<\/b> kentinde ya\u015fayan <b data-path-to-node=\"3\" data-index-in-node=\"46\">63<\/b> ya\u015f\u0131ndaki <b data-path-to-node=\"3\" data-index-in-node=\"59\">Elizabeth Harker<\/b>, <b data-path-to-node=\"3\" data-index-in-node=\"77\">Rayner<\/b>&#8216;\u0131n se\u00e7im ofisine son derece sald\u0131rgan, m\u00fcstehcen ve tehditk\u00e2r i\u00e7erikli d\u00f6rt telesekreter mesaj\u0131 b\u0131rakt\u0131\u011f\u0131n\u0131 kabul etti.<\/p>\n<h4 data-path-to-node=\"4\"><b data-path-to-node=\"4\" data-index-in-node=\"0\">Mahkemeden a\u011f\u0131r yapt\u0131r\u0131mlar<\/b><\/h4>\n<p data-path-to-node=\"5\"><b data-path-to-node=\"5\" data-index-in-node=\"0\">Westminster Sulh Ceza Mahkemesi<\/b>&#8216;nde g\u00f6r\u00fclen davada Yarg\u0131\u00e7 <b data-path-to-node=\"5\" data-index-in-node=\"58\">Briony Clarke<\/b>, san\u0131\u011f\u0131n eylemlerinin kurbanlar \u00fczerinde &#8220;\u00f6nemli bir etki&#8221; yaratt\u0131\u011f\u0131n\u0131 vurgulad\u0131. Mahkeme kay\u0131tlar\u0131na g\u00f6re <b data-path-to-node=\"5\" data-index-in-node=\"179\">Harker<\/b>, telesekreter mesajlar\u0131nda cinsel i\u00e7erikli hakaretlerin yan\u0131 s\u0131ra <b data-path-to-node=\"5\" data-index-in-node=\"252\">&#8220;Ba\u015f\u0131na nelerin gelece\u011fini bilmiyorsun&#8221;<\/b> diyerek siyaset\u00e7iyi ve ailesini hedef ald\u0131.<\/p><div id=\"briti-3799630398\" class=\"briti-icerik\" style=\"margin-top: 5px;margin-bottom: 5px;\"><a href=\"https:\/\/piaryum.com\/services\/\" aria-label=\"piaryum banner\"><img loading=\"lazy\" decoding=\"async\" src=\"https:\/\/by-tv.co.uk\/wp-content\/uploads\/2025\/12\/Gemini_Generated_Image_g5yqr1g5yqr1g5yq.jpg\" alt=\"\"  width=\"2064\" height=\"1152\"   \/><\/a><\/div>\n<p data-path-to-node=\"6\">Savunma taraf\u0131, san\u0131\u011f\u0131n son <b data-path-to-node=\"6\" data-index-in-node=\"28\">30 y\u0131ld\u0131r<\/b> s\u00fcregelen kronik bir <b data-path-to-node=\"6\" data-index-in-node=\"59\">alkol sorunu<\/b> oldu\u011funu ifade etse de yarg\u0131\u00e7, eylemlerin tamamen k\u0131\u015fk\u0131rtmas\u0131z ve derin bir rahats\u0131zl\u0131k verici oldu\u011funu belirtti.<\/p>\n<h4 data-path-to-node=\"7\"><b data-path-to-node=\"7\" data-index-in-node=\"0\">5 y\u0131l boyunca yakla\u015famayacak<\/b><\/h4>\n<p data-path-to-node=\"8\">Mahkeme, <b data-path-to-node=\"8\" data-index-in-node=\"9\">Elizabeth Harker<\/b> hakk\u0131nda <b data-path-to-node=\"8\" data-index-in-node=\"35\">18 ayl\u0131k<\/b> bir topluluk emri (adli kontrol benzeri bir ceza) d\u00fczenledi. Bu karar kapsam\u0131nda san\u0131\u011fa \u015funlar uyguland\u0131:<\/p>\n<ul data-path-to-node=\"9\">\n<li>\n<p data-path-to-node=\"9,0,0\"><b data-path-to-node=\"9,0,0\" data-index-in-node=\"0\">200 saat<\/b> \u00fccretsiz \u00e7al\u0131\u015fma cezas\u0131,<\/p>\n<\/li>\n<li>\n<p data-path-to-node=\"9,1,0\"><b data-path-to-node=\"9,1,0\" data-index-in-node=\"0\">12 ayl\u0131k<\/b> alkol tedavi program\u0131,<\/p>\n<\/li>\n<li>\n<p data-path-to-node=\"9,2,0\"><b data-path-to-node=\"9,2,0\" data-index-in-node=\"0\">Angela Rayner<\/b> ve di\u011fer bir kurbana <b data-path-to-node=\"9,2,0\" data-index-in-node=\"35\">5 y\u0131l<\/b> boyunca do\u011frudan veya dolayl\u0131 olarak yakla\u015fmas\u0131n\u0131 yasaklayan uzakla\u015ft\u0131rma emri.<\/p>\n<\/li>\n<\/ul>\n<p data-path-to-node=\"10\">Olay\u0131n ard\u0131ndan a\u00e7\u0131klama yapan <b data-path-to-node=\"10\" data-index-in-node=\"31\">Angela Rayner<\/b>, bu tehdit mesajlar\u0131n\u0131n kendisinde ve ailesinde b\u00fcy\u00fck bir &#8220;endi\u015fe ve alarm&#8221; durumu yaratt\u0131\u011f\u0131n\u0131 ifade etti.<\/p>\n<\/div>\n<div id=\"briti-2971445220\" class=\"briti-icerikten-sonra_2\" style=\"margin-top: 25px;margin-bottom: 25px;\"><a href=\"https:\/\/wa.me\/message\/NDZLLIOQT4H3O1\" aria-label=\"bytv reklam banner\"><img loading=\"lazy\" decoding=\"async\" src=\"https:\/\/by-tv.co.uk\/wp-content\/uploads\/2025\/12\/bytv-reklam-banner.jpg\" alt=\"\"  width=\"2376\" height=\"1008\"   \/><\/a><\/div>","protected":false},"excerpt":{"rendered":"<p>\u00d6l\u00fcm tehditleri istifa g\u00fcn\u00fcnde geldi Eski Birle\u015fik Krall\u0131k Ba\u015fbakan Yard\u0131mc\u0131s\u0131 Angela Rayner ve o\u011fluna y\u00f6nelik \u00f6l\u00fcm tehditleri i\u00e7eren mesajlar g\u00f6nderen Elizabeth Harker, mahkeme taraf\u0131ndan su\u00e7lu bulundu. Tehditlerin, Rayner\u2019\u0131n ba\u015fbakan yard\u0131mc\u0131l\u0131\u011f\u0131 ve konut bakanl\u0131\u011f\u0131 g\u00f6revlerinden istifa etti\u011fi 5 Eyl\u00fcl 2025 tarihinde yap\u0131ld\u0131\u011f\u0131 belirtildi. BBC&#8216;nin haberine g\u00f6re, Luton kentinde ya\u015fayan 63 ya\u015f\u0131ndaki Elizabeth Harker, Rayner&#8216;\u0131n se\u00e7im ofisine son derece sald\u0131rgan, m\u00fcstehcen ve tehditk\u00e2r i\u00e7erikli d\u00f6rt telesekreter mesaj\u0131 b\u0131rakt\u0131\u011f\u0131n\u0131 kabul etti. Mahkemeden a\u011f\u0131r yapt\u0131r\u0131mlar Westminster Sulh Ceza Mahkemesi&#8216;nde g\u00f6r\u00fclen davada Yarg\u0131\u00e7 Briony Clarke, san\u0131\u011f\u0131n eylemlerinin kurbanlar \u00fczerinde &#8220;\u00f6nemli bir etki&#8221; yaratt\u0131\u011f\u0131n\u0131 vurgulad\u0131. Mahkeme kay\u0131tlar\u0131na g\u00f6re Harker, telesekreter mesajlar\u0131nda cinsel i\u00e7erikli hakaretlerin yan\u0131 s\u0131ra [&hellip;]<\/p>\n","protected":false},"author":11,"featured_media":27309,"comment_status":"open","ping_status":"open","sticky":false,"template":"","format":"standard","meta":{"ngg_post_thumbnail":0,"footnotes":""},"categories":[5269,15],"tags":[],"class_list":["post-37938","post","type-post","status-publish","format-standard","has-post-thumbnail","hentry","category-birlesik-krallik","category-ingiltere"],"_links":{"self":[{"href":"https:\/\/by-tv.co.uk\/en\/wp-json\/wp\/v2\/posts\/37938","targetHints":{"allow":["GET"]}}],"collection":[{"href":"https:\/\/by-tv.co.uk\/en\/wp-json\/wp\/v2\/posts"}],"about":[{"href":"https:\/\/by-tv.co.uk\/en\/wp-json\/wp\/v2\/types\/post"}],"author":[{"embeddable":true,"href":"https:\/\/by-tv.co.uk\/en\/wp-json\/wp\/v2\/users\/11"}],"replies":[{"embeddable":true,"href":"https:\/\/by-tv.co.uk\/en\/wp-json\/wp\/v2\/comments?post=37938"}],"version-history":[{"count":2,"href":"https:\/\/by-tv.co.uk\/en\/wp-json\/wp\/v2\/posts\/37938\/revisions"}],"predecessor-version":[{"id":37940,"href":"https:\/\/by-tv.co.uk\/en\/wp-json\/wp\/v2\/posts\/37938\/revisions\/37940"}],"wp:featuredmedia":[{"embeddable":true,"href":"https:\/\/by-tv.co.uk\/en\/wp-json\/wp\/v2\/media\/27309"}],"wp:attachment":[{"href":"https:\/\/by-tv.co.uk\/en\/wp-json\/wp\/v2\/media?parent=37938"}],"wp:term":[{"taxonomy":"category","embeddable":true,"href":"https:\/\/by-tv.co.uk\/en\/wp-json\/wp\/v2\/categories?post=37938"},{"taxonomy":"post_tag","embeddable":true,"href":"https:\/\/by-tv.co.uk\/en\/wp-json\/wp\/v2\/tags?post=37938"}],"curies":[{"name":"wp","href":"https:\/\/api.w.org\/{rel}","templated":true}]}}