{"id":37935,"date":"2026-03-24T17:58:34","date_gmt":"2026-03-24T17:58:34","guid":{"rendered":"https:\/\/by-tv.co.uk\/?p=37935"},"modified":"2026-03-24T19:04:46","modified_gmt":"2026-03-24T19:04:46","slug":"londrada-hatzolaya-yeni-ambulanslar-teslim-edildi","status":"publish","type":"post","link":"https:\/\/by-tv.co.uk\/en\/londrada-hatzolaya-yeni-ambulanslar-teslim-edildi\/","title":{"rendered":"Londra&#8217;da Hatzola\u2019ya Yeni Ambulanslar Teslim Edildi"},"content":{"rendered":"<div id=\"model-response-message-contentr_e5f762747a69396c\" class=\"markdown markdown-main-panel stronger enable-updated-hr-color\" dir=\"ltr\" aria-live=\"polite\" aria-busy=\"false\">\n<h4 data-path-to-node=\"1\"><b data-path-to-node=\"1\" data-index-in-node=\"0\">H\u00fck\u00fcmetten Tam Destek S\u00f6z\u00fc<\/b><\/h4>\n<p data-path-to-node=\"2\">Londra&#8217;n\u0131n kuzeyindeki <b data-path-to-node=\"2\" data-index-in-node=\"23\">Golders Green<\/b> b\u00f6lgesinde Pazartesi g\u00fcn\u00fc ger\u00e7ekle\u015ftirilen sald\u0131r\u0131da d\u00f6rt ambulans tamamen kullan\u0131lamaz hale gelmi\u015fti. <b data-path-to-node=\"2\" data-index-in-node=\"140\">BBC<\/b>&#8216;nin haberine g\u00f6re, <b data-path-to-node=\"2\" data-index-in-node=\"163\">Londra Ambulans Servisi<\/b> taraf\u0131ndan \u00f6d\u00fcn\u00e7 verilen d\u00f6rt yeni ara\u00e7, kal\u0131c\u0131 ikameleri sa\u011flanana kadar hizmet verecek.<\/p>\n<p data-path-to-node=\"3\">Birle\u015fik Krall\u0131k Sa\u011fl\u0131k Bakan\u0131 <b data-path-to-node=\"3\" data-index-in-node=\"31\">Wes Streeting<\/b>, yeni ara\u00e7lar\u0131n maliyetinin h\u00fck\u00fcmet taraf\u0131ndan kar\u015f\u0131lanaca\u011f\u0131n\u0131 belirterek, &#8220;Yahudi toplumu bu nefretin bedelini \u00f6demek zorunda kalmamal\u0131d\u0131r&#8221; ifadesini kulland\u0131. <b data-path-to-node=\"3\" data-index-in-node=\"206\">Streeting<\/b>, Yahudi toplumunun yaln\u0131z b\u0131rak\u0131lmayaca\u011f\u0131n\u0131 ve bu t\u00fcr nefret fikirleriyle kayna\u011f\u0131nda m\u00fccadele edilece\u011fini vurgulad\u0131.<\/p>\n<h4 data-path-to-node=\"4\"><b data-path-to-node=\"4\" data-index-in-node=\"0\">Ter\u00f6rle M\u00fccadele Birimi Devrede<\/b><\/h4>\n<p data-path-to-node=\"5\"><b data-path-to-node=\"5\" data-index-in-node=\"0\">Metropolitan Polisi<\/b>, hen\u00fcz herhangi bir tutuklama yap\u0131lmad\u0131\u011f\u0131n\u0131 ancak soru\u015fturman\u0131n ter\u00f6rle m\u00fccadele birimi taraf\u0131ndan y\u00fcr\u00fct\u00fcld\u00fc\u011f\u00fcn\u00fc a\u00e7\u0131klad\u0131. Olay\u0131n, \u00f6zel uzmanl\u0131k gerektirmesi ve ger\u00e7ekle\u015fme bi\u00e7imi nedeniyle bu birim taraf\u0131ndan incelendi\u011fi, <b data-path-to-node=\"5\" data-index-in-node=\"243\">antisemitik bir nefret su\u00e7u<\/b> olarak ele al\u0131nd\u0131\u011f\u0131 kaydedildi.<\/p><div id=\"briti-727450043\" class=\"briti-icerik\" style=\"margin-top: 5px;margin-bottom: 5px;\"><a href=\"https:\/\/piaryum.com\/services\/\" aria-label=\"piaryum banner\"><img loading=\"lazy\" decoding=\"async\" src=\"https:\/\/by-tv.co.uk\/wp-content\/uploads\/2025\/12\/Gemini_Generated_Image_g5yqr1g5yqr1g5yq.jpg\" alt=\"\"  width=\"2064\" height=\"1152\"   \/><\/a><\/div>\n<p data-path-to-node=\"6\">Soru\u015fturmada, Avrupa genelinde benzer sald\u0131r\u0131lar\u0131 \u00fcstlenen ve \u0130ran ile ba\u011flant\u0131l\u0131 oldu\u011fu d\u00fc\u015f\u00fcn\u00fclen bir grup \u00fczerinde duruluyor. <b data-path-to-node=\"6\" data-index-in-node=\"128\">Metropolitan Polisi<\/b> Komiseri <b data-path-to-node=\"6\" data-index-in-node=\"157\">Sir Mark Rowley<\/b>, Yahudi toplumunu korumak amac\u0131yla \u015fehre <b data-path-to-node=\"6\" data-index-in-node=\"214\">264 ek polis memuru<\/b> ve g\u00f6r\u00fcn\u00fcr silahl\u0131 devriyelerin g\u00f6revlendirildi\u011fini duyurdu.<\/p>\n<h4 data-path-to-node=\"7\"><b data-path-to-node=\"7\" data-index-in-node=\"0\">Sinagog ve \u00c7evresinde B\u00fcy\u00fck Hasar<\/b><\/h4>\n<p data-path-to-node=\"8\">Sald\u0131r\u0131 s\u0131ras\u0131nda meydana gelen patlamalar nedeniyle kom\u015fu apartmanlar\u0131n camlar\u0131 patlarken, yak\u0131ndaki <b data-path-to-node=\"8\" data-index-in-node=\"102\">Machzike Hadath Sinagogu<\/b>&#8216;nun tarihi vitraylar\u0131 da hasar g\u00f6rd\u00fc. Sinagog Ba\u015fkan\u0131 <b data-path-to-node=\"8\" data-index-in-node=\"181\">Damon Hoff<\/b>, sald\u0131r\u0131n\u0131n titizlikle planland\u0131\u011f\u0131n\u0131 ve ibadethanenin d\u0131\u015f k\u0131sm\u0131nda ciddi tahribat olu\u015ftu\u011funu belirtti.<\/p>\n<p data-path-to-node=\"9\">Hoff, olay an\u0131nda cemaatin sinagoga ko\u015farak en kutsal e\u015fyalar olan <b data-path-to-node=\"9\" data-index-in-node=\"67\">Tevrat tomarlar\u0131n\u0131<\/b> kurtarmaya \u00e7al\u0131\u015ft\u0131\u011f\u0131n\u0131 anlatt\u0131. \u0130\u00e7 mekan\u0131n ciddi zarar g\u00f6rmemesini &#8220;bir mucize&#8221; olarak niteleyen Hoff, sinagogun Sal\u0131 g\u00fcn\u00fc dualar i\u00e7in yeniden a\u00e7\u0131ld\u0131\u011f\u0131n\u0131 ekledi.<\/p>\n<h4 data-path-to-node=\"10\"><b data-path-to-node=\"10\" data-index-in-node=\"0\">Yahudi Toplumuna Yard\u0131m Kampanyas\u0131<\/b><\/h4>\n<p data-path-to-node=\"11\">G\u00f6n\u00fcll\u00fcler taraf\u0131ndan y\u00f6netilen ve <b data-path-to-node=\"11\" data-index-in-node=\"35\">1979<\/b> y\u0131l\u0131ndan beri hizmet veren <b data-path-to-node=\"11\" data-index-in-node=\"67\">Hatzola<\/b>, b\u00f6lgedeki Yahudi n\u00fcfusuna \u00fccretsiz acil t\u0131bbi m\u00fcdahale sa\u011fl\u0131yor. Sald\u0131r\u0131n\u0131n ard\u0131ndan ba\u015flat\u0131lan ba\u011f\u0131\u015f kampanyalar\u0131nda \u015fimdiden <b data-path-to-node=\"11\" data-index-in-node=\"203\">1,3 milyon sterlinden<\/b> fazla para topland\u0131.<\/p>\n<p data-path-to-node=\"12\"><b data-path-to-node=\"12\" data-index-in-node=\"0\">Hatzola<\/b> Ba\u015fkan\u0131 <b data-path-to-node=\"12\" data-index-in-node=\"16\">Shloimie Richman<\/b>, Pazartesi g\u00fcn\u00fcn\u00fc kurulu\u015f tarihleri boyunca ya\u015fad\u0131klar\u0131 &#8220;en karanl\u0131k g\u00fcn&#8221; olarak tan\u0131mlad\u0131. Richman, toplanan yard\u0131mlar\u0131n servisin daha g\u00fcvenli bir genel merkeze ta\u015f\u0131nmas\u0131 i\u00e7in kullan\u0131laca\u011f\u0131n\u0131 belirtti.<\/p>\n<\/div>\n<div id=\"briti-4052375150\" class=\"briti-icerikten-sonra_2\" style=\"margin-top: 25px;margin-bottom: 25px;\"><a href=\"https:\/\/wa.me\/message\/NDZLLIOQT4H3O1\" aria-label=\"bytv reklam banner\"><img loading=\"lazy\" decoding=\"async\" src=\"https:\/\/by-tv.co.uk\/wp-content\/uploads\/2025\/12\/bytv-reklam-banner.jpg\" alt=\"\"  width=\"2376\" height=\"1008\"   \/><\/a><\/div>","protected":false},"excerpt":{"rendered":"<p>H\u00fck\u00fcmetten Tam Destek S\u00f6z\u00fc Londra&#8217;n\u0131n kuzeyindeki Golders Green b\u00f6lgesinde Pazartesi g\u00fcn\u00fc ger\u00e7ekle\u015ftirilen sald\u0131r\u0131da d\u00f6rt ambulans tamamen kullan\u0131lamaz hale gelmi\u015fti. BBC&#8216;nin haberine g\u00f6re, Londra Ambulans Servisi taraf\u0131ndan \u00f6d\u00fcn\u00e7 verilen d\u00f6rt yeni ara\u00e7, kal\u0131c\u0131 ikameleri sa\u011flanana kadar hizmet verecek. Birle\u015fik Krall\u0131k Sa\u011fl\u0131k Bakan\u0131 Wes Streeting, yeni ara\u00e7lar\u0131n maliyetinin h\u00fck\u00fcmet taraf\u0131ndan kar\u015f\u0131lanaca\u011f\u0131n\u0131 belirterek, &#8220;Yahudi toplumu bu nefretin bedelini \u00f6demek zorunda kalmamal\u0131d\u0131r&#8221; ifadesini kulland\u0131. Streeting, Yahudi toplumunun yaln\u0131z b\u0131rak\u0131lmayaca\u011f\u0131n\u0131 ve bu t\u00fcr nefret fikirleriyle kayna\u011f\u0131nda m\u00fccadele edilece\u011fini vurgulad\u0131. Ter\u00f6rle M\u00fccadele Birimi Devrede Metropolitan Polisi, hen\u00fcz herhangi bir tutuklama yap\u0131lmad\u0131\u011f\u0131n\u0131 ancak soru\u015fturman\u0131n ter\u00f6rle m\u00fccadele birimi taraf\u0131ndan y\u00fcr\u00fct\u00fcld\u00fc\u011f\u00fcn\u00fc a\u00e7\u0131klad\u0131. Olay\u0131n, \u00f6zel uzmanl\u0131k gerektirmesi ve ger\u00e7ekle\u015fme bi\u00e7imi [&hellip;]<\/p>\n","protected":false},"author":11,"featured_media":12006,"comment_status":"open","ping_status":"open","sticky":false,"template":"","format":"standard","meta":{"ngg_post_thumbnail":0,"footnotes":""},"categories":[5269,15],"tags":[],"class_list":["post-37935","post","type-post","status-publish","format-standard","has-post-thumbnail","hentry","category-birlesik-krallik","category-ingiltere"],"_links":{"self":[{"href":"https:\/\/by-tv.co.uk\/en\/wp-json\/wp\/v2\/posts\/37935","targetHints":{"allow":["GET"]}}],"collection":[{"href":"https:\/\/by-tv.co.uk\/en\/wp-json\/wp\/v2\/posts"}],"about":[{"href":"https:\/\/by-tv.co.uk\/en\/wp-json\/wp\/v2\/types\/post"}],"author":[{"embeddable":true,"href":"https:\/\/by-tv.co.uk\/en\/wp-json\/wp\/v2\/users\/11"}],"replies":[{"embeddable":true,"href":"https:\/\/by-tv.co.uk\/en\/wp-json\/wp\/v2\/comments?post=37935"}],"version-history":[{"count":2,"href":"https:\/\/by-tv.co.uk\/en\/wp-json\/wp\/v2\/posts\/37935\/revisions"}],"predecessor-version":[{"id":37937,"href":"https:\/\/by-tv.co.uk\/en\/wp-json\/wp\/v2\/posts\/37935\/revisions\/37937"}],"wp:featuredmedia":[{"embeddable":true,"href":"https:\/\/by-tv.co.uk\/en\/wp-json\/wp\/v2\/media\/12006"}],"wp:attachment":[{"href":"https:\/\/by-tv.co.uk\/en\/wp-json\/wp\/v2\/media?parent=37935"}],"wp:term":[{"taxonomy":"category","embeddable":true,"href":"https:\/\/by-tv.co.uk\/en\/wp-json\/wp\/v2\/categories?post=37935"},{"taxonomy":"post_tag","embeddable":true,"href":"https:\/\/by-tv.co.uk\/en\/wp-json\/wp\/v2\/tags?post=37935"}],"curies":[{"name":"wp","href":"https:\/\/api.w.org\/{rel}","templated":true}]}}