{"id":37862,"date":"2026-03-23T11:48:08","date_gmt":"2026-03-23T11:48:08","guid":{"rendered":"https:\/\/by-tv.co.uk\/?p=37862"},"modified":"2026-03-23T11:01:40","modified_gmt":"2026-03-23T11:01:40","slug":"ingilterede-faiz-artisi-beklentisi-konut-piyasasini-vurdu","status":"publish","type":"post","link":"https:\/\/by-tv.co.uk\/en\/ingilterede-faiz-artisi-beklentisi-konut-piyasasini-vurdu\/","title":{"rendered":"\u0130ngiltere&#8217;de Faiz Art\u0131\u015f\u0131 Beklentisi Konut Piyasas\u0131n\u0131 Vurdu"},"content":{"rendered":"<div id=\"model-response-message-contentr_6f07c4f801440511\" class=\"markdown markdown-main-panel enable-updated-hr-color\" dir=\"ltr\" aria-live=\"polite\" aria-busy=\"false\">\n<h4 data-path-to-node=\"1\"><b data-path-to-node=\"1\" data-index-in-node=\"0\">Enflasyon Bask\u0131s\u0131 ve Faiz Tahminleri<\/b><\/h4>\n<p data-path-to-node=\"2\">Birle\u015fik Krall\u0131k&#8217;ta finansal piyasalar, Orta Do\u011fu&#8217;daki gerilimin tetikledi\u011fi enflasyon art\u0131\u015f\u0131 nedeniyle <b data-path-to-node=\"2\" data-index-in-node=\"104\">\u0130ngiltere Merkez Bankas\u0131<\/b>&#8216;n\u0131n (<b data-path-to-node=\"2\" data-index-in-node=\"134\">BoE<\/b>) bor\u00e7lanma maliyetlerini bu y\u0131l d\u00f6rt kez art\u0131rmas\u0131n\u0131 bekliyor. <b data-path-to-node=\"2\" data-index-in-node=\"201\">The Guardian<\/b>&#8216;\u0131n haberine g\u00f6re, yat\u0131r\u0131mc\u0131lar politika faizinin y\u0131l sonuna kadar <b data-path-to-node=\"2\" data-index-in-node=\"280\">%3,75<\/b> seviyesinden <b data-path-to-node=\"2\" data-index-in-node=\"299\">%4,75<\/b>&#8216;e y\u00fckselece\u011fi y\u00f6n\u00fcnde bahis oynuyor.<\/p>\n<p data-path-to-node=\"3\">Piyasa verileri, yat\u0131r\u0131mc\u0131lar\u0131n Aral\u0131k ay\u0131na kadar her biri \u00e7eyrek puanl\u0131k d\u00f6rt art\u0131\u015f bekledi\u011fini g\u00f6steriyor. Ge\u00e7ti\u011fimiz hafta faizleri sabit tutan <b data-path-to-node=\"3\" data-index-in-node=\"148\">BoE Para Politikas\u0131 Kurulu<\/b>, \u0130ran&#8217;daki sava\u015f\u0131n enflasyonu <b data-path-to-node=\"3\" data-index-in-node=\"205\">%3<\/b>&#8216;\u00fcn \u00fczerine \u00e7\u0131karma riski ta\u015f\u0131mas\u0131 nedeniyle maliyetlerin artabilece\u011fi sinyalini vermi\u015fti. Ancak Banka Ba\u015fkan\u0131 <b data-path-to-node=\"3\" data-index-in-node=\"318\">Andrew Bailey<\/b>, piyasalar\u0131n faiz art\u0131\u015f\u0131 konusunda aceleci davrand\u0131\u011f\u0131n\u0131 savundu.<\/p>\n<h4 data-path-to-node=\"4\"><b data-path-to-node=\"4\" data-index-in-node=\"0\">Konut Kredilerinde &#8220;Katastrofik&#8221; Etki<\/b><\/h4>\n<p data-path-to-node=\"5\">Faiz art\u0131\u015f\u0131 beklentileri, sabit oranl\u0131 konut kredisi (mortgage) maliyetlerini \u015fimdiden yukar\u0131 \u00e7ekti. Kar\u015f\u0131la\u015ft\u0131rma sitesi <b data-path-to-node=\"5\" data-index-in-node=\"122\">Moneyfacts<\/b>, bu durumun konut kredisi piyasas\u0131 \u00fczerinde <b data-path-to-node=\"5\" data-index-in-node=\"177\">&#8220;katastrofik bir etki&#8221;<\/b> yaratt\u0131\u011f\u0131n\u0131 belirtti.<\/p><div id=\"briti-700537975\" class=\"briti-icerik\" style=\"margin-top: 5px;margin-bottom: 5px;\"><a href=\"https:\/\/piaryum.com\/services\/\" aria-label=\"piaryum banner\"><img loading=\"lazy\" decoding=\"async\" src=\"https:\/\/by-tv.co.uk\/wp-content\/uploads\/2025\/12\/Gemini_Generated_Image_g5yqr1g5yqr1g5yq.jpg\" alt=\"\"  width=\"2064\" height=\"1152\"   \/><\/a><\/div>\n<p data-path-to-node=\"6\">Pazartesi g\u00fcn\u00fc itibar\u0131yla iki y\u0131ll\u0131k ortalama sabit konut kredisi oran\u0131, Mart ba\u015f\u0131ndaki <b data-path-to-node=\"6\" data-index-in-node=\"88\">%4,83<\/b> seviyesinden <b data-path-to-node=\"6\" data-index-in-node=\"107\">%5,43<\/b>&#8216;e y\u00fckselerek \u015eubat 2025&#8217;ten bu yana en y\u00fcksek seviyeye ula\u015ft\u0131. Bankalar y\u00fczlerce kredi \u00fcr\u00fcn\u00fcn\u00fc piyasadan \u00e7ekerken, mevcut \u00fcr\u00fcn say\u0131s\u0131 bir haftada <b data-path-to-node=\"6\" data-index-in-node=\"259\">6.659<\/b>&#8216;dan <b data-path-to-node=\"6\" data-index-in-node=\"269\">6.144<\/b>&#8216;e geriledi.<\/p>\n<h4 data-path-to-node=\"7\"><b data-path-to-node=\"7\" data-index-in-node=\"0\">K\u00fcresel Piyasalar ve Sterlinin Durumu<\/b><\/h4>\n<p data-path-to-node=\"8\">Orta Do\u011fu&#8217;daki \u00e7at\u0131\u015fmalar\u0131n derinle\u015fmesiyle k\u00fcresel piyasalarda panik havas\u0131 hakim. <b data-path-to-node=\"8\" data-index-in-node=\"84\">Donald Trump<\/b>&#8216;\u0131n H\u00fcrm\u00fcz Bo\u011faz\u0131&#8217;n\u0131n a\u00e7\u0131lmas\u0131 i\u00e7in tan\u0131d\u0131\u011f\u0131 48 saatlik s\u00fcrenin dolmas\u0131na az bir s\u00fcre kala alt\u0131n fiyatlar\u0131 <b data-path-to-node=\"8\" data-index-in-node=\"203\">%6<\/b> d\u00fc\u015ferek <b data-path-to-node=\"8\" data-index-in-node=\"214\">4.218 dolara<\/b> geriledi.<\/p>\n<p data-path-to-node=\"9\">\u0130ngiliz sterlini dolar kar\u015f\u0131s\u0131nda <b data-path-to-node=\"9\" data-index-in-node=\"34\">%0,18<\/b> de\u011fer kaybederek <b data-path-to-node=\"9\" data-index-in-node=\"57\">1,332<\/b> seviyesine inerken, 10 y\u0131ll\u0131k devlet tahvili getirileri <b data-path-to-node=\"9\" data-index-in-node=\"119\">%5,05<\/b>&#8216;e \u00e7\u0131karak 2008&#8217;den bu yana en y\u00fcksek seviyesine ula\u015ft\u0131. Uzmanlar, sava\u015f\u0131n devam etti\u011fi her g\u00fcn\u00fcn k\u00fcresel ekonomiye daha fazla zarar verdi\u011fi ve resesyon riskini art\u0131rd\u0131\u011f\u0131 konusunda uyar\u0131yor.<\/p>\n<\/div>\n<div id=\"briti-3148579558\" class=\"briti-icerikten-sonra_2\" style=\"margin-top: 25px;margin-bottom: 25px;\"><a href=\"https:\/\/wa.me\/message\/NDZLLIOQT4H3O1\" aria-label=\"bytv reklam banner\"><img loading=\"lazy\" decoding=\"async\" src=\"https:\/\/by-tv.co.uk\/wp-content\/uploads\/2025\/12\/bytv-reklam-banner.jpg\" alt=\"\"  width=\"2376\" height=\"1008\"   \/><\/a><\/div>","protected":false},"excerpt":{"rendered":"<p>Enflasyon Bask\u0131s\u0131 ve Faiz Tahminleri Birle\u015fik Krall\u0131k&#8217;ta finansal piyasalar, Orta Do\u011fu&#8217;daki gerilimin tetikledi\u011fi enflasyon art\u0131\u015f\u0131 nedeniyle \u0130ngiltere Merkez Bankas\u0131&#8216;n\u0131n (BoE) bor\u00e7lanma maliyetlerini bu y\u0131l d\u00f6rt kez art\u0131rmas\u0131n\u0131 bekliyor. The Guardian&#8216;\u0131n haberine g\u00f6re, yat\u0131r\u0131mc\u0131lar politika faizinin y\u0131l sonuna kadar %3,75 seviyesinden %4,75&#8216;e y\u00fckselece\u011fi y\u00f6n\u00fcnde bahis oynuyor. Piyasa verileri, yat\u0131r\u0131mc\u0131lar\u0131n Aral\u0131k ay\u0131na kadar her biri \u00e7eyrek puanl\u0131k d\u00f6rt art\u0131\u015f bekledi\u011fini g\u00f6steriyor. Ge\u00e7ti\u011fimiz hafta faizleri sabit tutan BoE Para Politikas\u0131 Kurulu, \u0130ran&#8217;daki sava\u015f\u0131n enflasyonu %3&#8216;\u00fcn \u00fczerine \u00e7\u0131karma riski ta\u015f\u0131mas\u0131 nedeniyle maliyetlerin artabilece\u011fi sinyalini vermi\u015fti. Ancak Banka Ba\u015fkan\u0131 Andrew Bailey, piyasalar\u0131n faiz art\u0131\u015f\u0131 konusunda aceleci davrand\u0131\u011f\u0131n\u0131 savundu. Konut Kredilerinde &#8220;Katastrofik&#8221; Etki Faiz art\u0131\u015f\u0131 beklentileri, [&hellip;]<\/p>\n","protected":false},"author":11,"featured_media":35352,"comment_status":"open","ping_status":"open","sticky":false,"template":"","format":"standard","meta":{"ngg_post_thumbnail":0,"footnotes":""},"categories":[5269,3227,15],"tags":[],"class_list":["post-37862","post","type-post","status-publish","format-standard","has-post-thumbnail","hentry","category-birlesik-krallik","category-emlak","category-ingiltere"],"_links":{"self":[{"href":"https:\/\/by-tv.co.uk\/en\/wp-json\/wp\/v2\/posts\/37862","targetHints":{"allow":["GET"]}}],"collection":[{"href":"https:\/\/by-tv.co.uk\/en\/wp-json\/wp\/v2\/posts"}],"about":[{"href":"https:\/\/by-tv.co.uk\/en\/wp-json\/wp\/v2\/types\/post"}],"author":[{"embeddable":true,"href":"https:\/\/by-tv.co.uk\/en\/wp-json\/wp\/v2\/users\/11"}],"replies":[{"embeddable":true,"href":"https:\/\/by-tv.co.uk\/en\/wp-json\/wp\/v2\/comments?post=37862"}],"version-history":[{"count":1,"href":"https:\/\/by-tv.co.uk\/en\/wp-json\/wp\/v2\/posts\/37862\/revisions"}],"predecessor-version":[{"id":37863,"href":"https:\/\/by-tv.co.uk\/en\/wp-json\/wp\/v2\/posts\/37862\/revisions\/37863"}],"wp:featuredmedia":[{"embeddable":true,"href":"https:\/\/by-tv.co.uk\/en\/wp-json\/wp\/v2\/media\/35352"}],"wp:attachment":[{"href":"https:\/\/by-tv.co.uk\/en\/wp-json\/wp\/v2\/media?parent=37862"}],"wp:term":[{"taxonomy":"category","embeddable":true,"href":"https:\/\/by-tv.co.uk\/en\/wp-json\/wp\/v2\/categories?post=37862"},{"taxonomy":"post_tag","embeddable":true,"href":"https:\/\/by-tv.co.uk\/en\/wp-json\/wp\/v2\/tags?post=37862"}],"curies":[{"name":"wp","href":"https:\/\/api.w.org\/{rel}","templated":true}]}}