{"id":37854,"date":"2026-03-23T10:18:39","date_gmt":"2026-03-23T10:18:39","guid":{"rendered":"https:\/\/by-tv.co.uk\/?p=37854"},"modified":"2026-03-23T09:17:32","modified_gmt":"2026-03-23T09:17:32","slug":"trumpin-iran-tehdidi-kuresel-piyasalari-altust-etti","status":"publish","type":"post","link":"https:\/\/by-tv.co.uk\/en\/trumpin-iran-tehdidi-kuresel-piyasalari-altust-etti\/","title":{"rendered":"Trump\u2019\u0131n \u0130ran Tehdidi K\u00fcresel Piyasalar\u0131 Alt\u00fcst Etti"},"content":{"rendered":"<div id=\"model-response-message-contentr_1124cb3940d6f010\" class=\"markdown markdown-main-panel enable-updated-hr-color\" dir=\"ltr\" aria-live=\"polite\" aria-busy=\"false\">\n<h4 data-path-to-node=\"1\"><b data-path-to-node=\"1\" data-index-in-node=\"0\">Asya ve Avrupa Borsalar\u0131nda Sert Kay\u0131plar<\/b><\/h4>\n<p data-path-to-node=\"2\">K\u00fcresel hisse senedi piyasalar\u0131, <b data-path-to-node=\"2\" data-index-in-node=\"33\">Donald Trump<\/b>&#8216;\u0131n H\u00fcrm\u00fcz Bo\u011faz\u0131&#8217;n\u0131n a\u00e7\u0131lmamas\u0131 halinde \u0130ran&#8217;\u0131n g\u00fc\u00e7 santrallerini &#8220;yerle bir etme&#8221; tehdidinin ard\u0131ndan Pazartesi g\u00fcn\u00fcne keskin d\u00fc\u015f\u00fc\u015flerle ba\u015flad\u0131.<\/p>\n<p data-path-to-node=\"3\"><b data-path-to-node=\"3\" data-index-in-node=\"0\">The Guardian<\/b>&#8216;\u0131n haberine g\u00f6re, Asya piyasalar\u0131nda Japonya\u2019n\u0131n <b data-path-to-node=\"3\" data-index-in-node=\"62\">Nikkei<\/b> endeksi <b data-path-to-node=\"3\" data-index-in-node=\"77\">%3,4<\/b>, \u00c7in\u2019in <b data-path-to-node=\"3\" data-index-in-node=\"90\">CSI 300<\/b> endeksi <b data-path-to-node=\"3\" data-index-in-node=\"106\">%2,8<\/b> ve G\u00fcney Kore\u2019nin <b data-path-to-node=\"3\" data-index-in-node=\"129\">Kospi<\/b> endeksi <b data-path-to-node=\"3\" data-index-in-node=\"143\">%6,5<\/b> de\u011fer kaybetti. Avrupa taraf\u0131nda da benzer bir tablo hakim oldu. Fransa\u2019da <b data-path-to-node=\"3\" data-index-in-node=\"223\">CAC 40<\/b> endeksi <b data-path-to-node=\"3\" data-index-in-node=\"238\">%1,5<\/b>, Almanya\u2019da <b data-path-to-node=\"3\" data-index-in-node=\"255\">Dax<\/b> endeksi <b data-path-to-node=\"3\" data-index-in-node=\"267\">%1,9<\/b> ve \u0130ngiltere\u2019de <b data-path-to-node=\"3\" data-index-in-node=\"288\">FTSE 100<\/b> endeksi yakla\u015f\u0131k <b data-path-to-node=\"3\" data-index-in-node=\"314\">%1,5<\/b> oran\u0131nda geriledi.<\/p>\n<h4 data-path-to-node=\"4\"><b data-path-to-node=\"4\" data-index-in-node=\"0\">Enerji Krizi ve Alt\u0131n Fiyatlar\u0131nda Hareketlilik<\/b><\/h4>\n<p data-path-to-node=\"5\">Uluslararas\u0131 Enerji Ajans\u0131 Ba\u015fkan\u0131 <b data-path-to-node=\"5\" data-index-in-node=\"35\">Fatih Birol<\/b>, mevcut tabloyu 1970&#8217;lerdeki petrol \u015foku ve Ukrayna sava\u015f\u0131n\u0131n etkilerine benzeterek k\u00fcresel bir enerji krizi uyar\u0131s\u0131nda bulundu. <b data-path-to-node=\"5\" data-index-in-node=\"176\">Goldman Sachs<\/b>, petrol fiyatlar\u0131 i\u00e7in beklentilerini y\u00fckseltirken, ham petrol\u00fcn varil fiyat\u0131 Pazartesi g\u00fcn\u00fc <b data-path-to-node=\"5\" data-index-in-node=\"283\">113,34 dolar<\/b> seviyesine \u00e7\u0131kt\u0131.<\/p><div id=\"briti-2281587839\" class=\"briti-icerik\" style=\"margin-top: 5px;margin-bottom: 5px;\"><a href=\"https:\/\/piaryum.com\/services\/\" aria-label=\"piaryum banner\"><img loading=\"lazy\" decoding=\"async\" src=\"https:\/\/by-tv.co.uk\/wp-content\/uploads\/2025\/12\/Gemini_Generated_Image_g5yqr1g5yqr1g5yq.jpg\" alt=\"\"  width=\"2064\" height=\"1152\"   \/><\/a><\/div>\n<p data-path-to-node=\"6\">Y\u00fckselen enerji fiyatlar\u0131 enflasyon endi\u015felerini tetiklerken, alt\u0131n fiyatlar\u0131nda da dikkat \u00e7ekici bir d\u00fc\u015f\u00fc\u015f ya\u015fand\u0131. Alt\u0131n\u0131n spot fiyat\u0131, artan faiz art\u0131r\u0131m\u0131 beklentilerinin etkisiyle <b data-path-to-node=\"6\" data-index-in-node=\"184\">%5,8<\/b> oran\u0131nda gerileyerek onsu <b data-path-to-node=\"6\" data-index-in-node=\"215\">4.226,16 dolar<\/b>dan i\u015flem g\u00f6rd\u00fc.<\/p>\n<h4 data-path-to-node=\"7\"><b data-path-to-node=\"7\" data-index-in-node=\"0\">\u0130ngiltere\u2019de Acil Ekonomik Zirve<\/b><\/h4>\n<p data-path-to-node=\"8\">Birle\u015fik Krall\u0131k Ba\u015fbakan\u0131 <b data-path-to-node=\"8\" data-index-in-node=\"27\">Sir Keir Starmer<\/b>, krizin ekonomik yans\u0131malar\u0131n\u0131 ele almak \u00fczere \u00fcst d\u00fczey bakanlar ve \u0130ngiltere Merkez Bankas\u0131 Ba\u015fkan\u0131 <b data-path-to-node=\"8\" data-index-in-node=\"146\">Andrew Bailey<\/b> ile acil bir <b data-path-to-node=\"8\" data-index-in-node=\"173\">Cobra<\/b> toplant\u0131s\u0131 d\u00fczenliyor. Toplant\u0131da enerji g\u00fcvenli\u011fi, tedarik zinciri dayan\u0131kl\u0131l\u0131\u011f\u0131 ve sava\u015f\u0131n uluslararas\u0131 etkileri masaya yat\u0131r\u0131lacak.<\/p>\n<p data-path-to-node=\"9\">\u0130ran&#8217;daki \u00e7at\u0131\u015fma s\u00fcreci, Ba\u015fbakan <b data-path-to-node=\"9\" data-index-in-node=\"35\">Starmer<\/b> \u00fczerindeki bask\u0131y\u0131 art\u0131r\u0131yor. Haziran sonunda sona erecek enerji tavan fiyat uygulamas\u0131yla birlikte hanehalk\u0131 faturalar\u0131n\u0131n <b data-path-to-node=\"9\" data-index-in-node=\"167\">%20<\/b> oran\u0131nda artmas\u0131 beklenirken, h\u00fck\u00fcmetin yeni bir destek paketi a\u00e7\u0131klay\u0131p a\u00e7\u0131klamayaca\u011f\u0131 merakla bekleniyor. Yat\u0131r\u0131mc\u0131lar ayr\u0131ca, \u0130ngiltere&#8217;nin bor\u00e7lanma maliyetleri i\u00e7in g\u00f6sterge olan 10 y\u0131ll\u0131k tahvil getirilerinin <b data-path-to-node=\"9\" data-index-in-node=\"386\">%5<\/b> seviyesine ula\u015fmas\u0131n\u0131 yak\u0131ndan takip ediyor.<\/p>\n<\/div>\n<div id=\"briti-1861262168\" class=\"briti-icerikten-sonra_2\" style=\"margin-top: 25px;margin-bottom: 25px;\"><a href=\"https:\/\/wa.me\/message\/NDZLLIOQT4H3O1\" aria-label=\"bytv reklam banner\"><img loading=\"lazy\" decoding=\"async\" src=\"https:\/\/by-tv.co.uk\/wp-content\/uploads\/2025\/12\/bytv-reklam-banner.jpg\" alt=\"\"  width=\"2376\" height=\"1008\"   \/><\/a><\/div>","protected":false},"excerpt":{"rendered":"<p>Asya ve Avrupa Borsalar\u0131nda Sert Kay\u0131plar K\u00fcresel hisse senedi piyasalar\u0131, Donald Trump&#8216;\u0131n H\u00fcrm\u00fcz Bo\u011faz\u0131&#8217;n\u0131n a\u00e7\u0131lmamas\u0131 halinde \u0130ran&#8217;\u0131n g\u00fc\u00e7 santrallerini &#8220;yerle bir etme&#8221; tehdidinin ard\u0131ndan Pazartesi g\u00fcn\u00fcne keskin d\u00fc\u015f\u00fc\u015flerle ba\u015flad\u0131. The Guardian&#8216;\u0131n haberine g\u00f6re, Asya piyasalar\u0131nda Japonya\u2019n\u0131n Nikkei endeksi %3,4, \u00c7in\u2019in CSI 300 endeksi %2,8 ve G\u00fcney Kore\u2019nin Kospi endeksi %6,5 de\u011fer kaybetti. Avrupa taraf\u0131nda da benzer bir tablo hakim oldu. Fransa\u2019da CAC 40 endeksi %1,5, Almanya\u2019da Dax endeksi %1,9 ve \u0130ngiltere\u2019de FTSE 100 endeksi yakla\u015f\u0131k %1,5 oran\u0131nda geriledi. Enerji Krizi ve Alt\u0131n Fiyatlar\u0131nda Hareketlilik Uluslararas\u0131 Enerji Ajans\u0131 Ba\u015fkan\u0131 Fatih Birol, mevcut tabloyu 1970&#8217;lerdeki petrol \u015foku ve Ukrayna sava\u015f\u0131n\u0131n etkilerine benzeterek [&hellip;]<\/p>\n","protected":false},"author":11,"featured_media":31872,"comment_status":"open","ping_status":"open","sticky":false,"template":"","format":"standard","meta":{"ngg_post_thumbnail":0,"footnotes":""},"categories":[5269,11,15],"tags":[],"class_list":["post-37854","post","type-post","status-publish","format-standard","has-post-thumbnail","hentry","category-birlesik-krallik","category-dunya","category-ingiltere"],"_links":{"self":[{"href":"https:\/\/by-tv.co.uk\/en\/wp-json\/wp\/v2\/posts\/37854","targetHints":{"allow":["GET"]}}],"collection":[{"href":"https:\/\/by-tv.co.uk\/en\/wp-json\/wp\/v2\/posts"}],"about":[{"href":"https:\/\/by-tv.co.uk\/en\/wp-json\/wp\/v2\/types\/post"}],"author":[{"embeddable":true,"href":"https:\/\/by-tv.co.uk\/en\/wp-json\/wp\/v2\/users\/11"}],"replies":[{"embeddable":true,"href":"https:\/\/by-tv.co.uk\/en\/wp-json\/wp\/v2\/comments?post=37854"}],"version-history":[{"count":2,"href":"https:\/\/by-tv.co.uk\/en\/wp-json\/wp\/v2\/posts\/37854\/revisions"}],"predecessor-version":[{"id":37856,"href":"https:\/\/by-tv.co.uk\/en\/wp-json\/wp\/v2\/posts\/37854\/revisions\/37856"}],"wp:featuredmedia":[{"embeddable":true,"href":"https:\/\/by-tv.co.uk\/en\/wp-json\/wp\/v2\/media\/31872"}],"wp:attachment":[{"href":"https:\/\/by-tv.co.uk\/en\/wp-json\/wp\/v2\/media?parent=37854"}],"wp:term":[{"taxonomy":"category","embeddable":true,"href":"https:\/\/by-tv.co.uk\/en\/wp-json\/wp\/v2\/categories?post=37854"},{"taxonomy":"post_tag","embeddable":true,"href":"https:\/\/by-tv.co.uk\/en\/wp-json\/wp\/v2\/tags?post=37854"}],"curies":[{"name":"wp","href":"https:\/\/api.w.org\/{rel}","templated":true}]}}