{"id":37828,"date":"2026-03-20T14:36:04","date_gmt":"2026-03-20T14:36:04","guid":{"rendered":"https:\/\/by-tv.co.uk\/?p=37828"},"modified":"2026-03-20T14:36:46","modified_gmt":"2026-03-20T14:36:46","slug":"birlesik-kralliktan-senpilice-islenmis-kanatli-eti-ihracati-icin-onemli-ziyaret","status":"publish","type":"post","link":"https:\/\/by-tv.co.uk\/en\/birlesik-kralliktan-senpilice-islenmis-kanatli-eti-ihracati-icin-onemli-ziyaret\/","title":{"rendered":"Birle\u015fik Krall\u0131k\u2019tan \u015eenpili\u00e7\u2019e i\u015flenmi\u015f kanatl\u0131 eti ihracat\u0131 i\u00e7in \u00f6nemli ziyaret"},"content":{"rendered":"<p>T\u00fcrkiye\u2019den&nbsp;<span class=\"il\">Birle\u015fik Krall\u0131k<\/span>\u2019a yap\u0131lmas\u0131 planlanan i\u015flenmi\u015f kanatl\u0131 eti ihracat\u0131 i\u00e7in y\u00fcr\u00fct\u00fclen \u00fclke onay s\u00fcreci kapsam\u0131nda \u015eenpili\u00e7\u2019e ait kesimhaneler ile i\u015flenmi\u015f \u00fcr\u00fcn \u00fcretim tesislerinde incelemelerde bulunuldu.&nbsp;<\/p>\n<p><span class=\"il\">Birle\u015fik Krall\u0131k<\/span>\u2019tan gelen heyete T.C Tar\u0131m ve Orman Bakanl\u0131\u011f\u0131 yetkilileri e\u015flik ederek \u015eenpili\u00e7\u2019in \u00fcretim s\u00fcre\u00e7leri, g\u0131da g\u00fcvenli\u011fi uygulamalar\u0131 ve hijyen standartlar\u0131 yerinde de\u011ferlendirildi. Denetim program\u0131 kapsam\u0131nda heyet, \u015eenpili\u00e7\u2019e ait Avrupa Birli\u011fi onayl\u0131 i\u015fletmelerden S\u00f6\u011f\u00fctl\u00fc Kesimhane, Ali Fuat Pa\u015fa Kesimhane ile \u015eenpili\u00e7 \u0130\u015flenmi\u015f \u00dcr\u00fcn Fabrikas\u0131\u2019n\u0131 ziyaret etti.<\/p>\n<h4><strong>\u015eenpili\u00e7\u2019in ihracat pazarlar\u0131n\u0131 geni\u015fletmek istiyor<\/strong><\/h4>\n<p>K\u00fcresel pazarlarda \u00fclkemizi temsil eden \u015eenpili\u00e7, ayn\u0131 zamanda Avrupa Birli\u011fi\u2019ne ihracat yetkisine sahip. T\u00fcrkiye\u2019den&nbsp;<span class=\"il\">Birle\u015fik Krall\u0131k<\/span>\u2019a y\u00f6nelik i\u015flenmi\u015f kanatl\u0131 eti ihracat\u0131 i\u00e7in ger\u00e7ekle\u015ftirilen denetim s\u00fcreci, sekt\u00f6r a\u00e7\u0131s\u0131ndan \u00f6nemli bir ad\u0131m olarak de\u011ferlendirildi.&nbsp;<span class=\"il\">Birle\u015fik Krall\u0131k<\/span>&nbsp;denetim s\u00fcreci de \u015eenpili\u00e7\u2019in ihracat pazarlar\u0131n\u0131 geni\u015fletme hedefleri i\u00e7in stratejik bir ad\u0131m ta\u015f\u0131yor.<\/p><div id=\"briti-200834620\" class=\"briti-icerik\" style=\"margin-top: 5px;margin-bottom: 5px;\"><a href=\"https:\/\/piaryum.com\/services\/\" aria-label=\"piaryum banner\"><img loading=\"lazy\" decoding=\"async\" src=\"https:\/\/by-tv.co.uk\/wp-content\/uploads\/2025\/12\/Gemini_Generated_Image_g5yqr1g5yqr1g5yq.jpg\" alt=\"\"  width=\"2064\" height=\"1152\"   \/><\/a><\/div>\n<p>Denetimlerin ard\u0131ndan&nbsp;<span class=\"il\">Birle\u015fik Krall\u0131k<\/span>&nbsp;makamlar\u0131 taraf\u0131ndan yap\u0131lacak de\u011ferlendirmeler, T\u00fcrkiye\u2019den&nbsp;<span class=\"il\">Birle\u015fik Krall\u0131k<\/span>\u2019a y\u00f6nelik i\u015flenmi\u015f kanatl\u0131 eti ihracat\u0131na ili\u015fkin \u00fclke onay\u0131 s\u00fcrecinin ilerleyi\u015finde belirleyici olacak.<\/p>\n<div id=\"briti-1331243539\" class=\"briti-icerikten-sonra_2\" style=\"margin-top: 25px;margin-bottom: 25px;\"><a href=\"https:\/\/wa.me\/message\/NDZLLIOQT4H3O1\" aria-label=\"bytv reklam banner\"><img loading=\"lazy\" decoding=\"async\" src=\"https:\/\/by-tv.co.uk\/wp-content\/uploads\/2025\/12\/bytv-reklam-banner.jpg\" alt=\"\"  width=\"2376\" height=\"1008\"   \/><\/a><\/div>","protected":false},"excerpt":{"rendered":"<p>T\u00fcrkiye\u2019den&nbsp;Birle\u015fik Krall\u0131k\u2019a yap\u0131lmas\u0131 planlanan i\u015flenmi\u015f kanatl\u0131 eti ihracat\u0131 i\u00e7in y\u00fcr\u00fct\u00fclen \u00fclke onay s\u00fcreci kapsam\u0131nda \u015eenpili\u00e7\u2019e ait kesimhaneler ile i\u015flenmi\u015f \u00fcr\u00fcn \u00fcretim tesislerinde incelemelerde bulunuldu.&nbsp; Birle\u015fik Krall\u0131k\u2019tan gelen heyete T.C Tar\u0131m ve Orman Bakanl\u0131\u011f\u0131 yetkilileri e\u015flik ederek \u015eenpili\u00e7\u2019in \u00fcretim s\u00fcre\u00e7leri, g\u0131da g\u00fcvenli\u011fi uygulamalar\u0131 ve hijyen standartlar\u0131 yerinde de\u011ferlendirildi. Denetim program\u0131 kapsam\u0131nda heyet, \u015eenpili\u00e7\u2019e ait Avrupa Birli\u011fi onayl\u0131 i\u015fletmelerden S\u00f6\u011f\u00fctl\u00fc Kesimhane, Ali Fuat Pa\u015fa Kesimhane ile \u015eenpili\u00e7 \u0130\u015flenmi\u015f \u00dcr\u00fcn Fabrikas\u0131\u2019n\u0131 ziyaret etti. \u015eenpili\u00e7\u2019in ihracat pazarlar\u0131n\u0131 geni\u015fletmek istiyor K\u00fcresel pazarlarda \u00fclkemizi temsil eden \u015eenpili\u00e7, ayn\u0131 zamanda Avrupa Birli\u011fi\u2019ne ihracat yetkisine sahip. T\u00fcrkiye\u2019den&nbsp;Birle\u015fik Krall\u0131k\u2019a y\u00f6nelik i\u015flenmi\u015f kanatl\u0131 eti ihracat\u0131 i\u00e7in ger\u00e7ekle\u015ftirilen denetim s\u00fcreci, sekt\u00f6r [&hellip;]<\/p>\n","protected":false},"author":11,"featured_media":37829,"comment_status":"open","ping_status":"open","sticky":false,"template":"","format":"standard","meta":{"ngg_post_thumbnail":0,"footnotes":""},"categories":[2,1995],"tags":[],"class_list":["post-37828","post","type-post","status-publish","format-standard","has-post-thumbnail","hentry","category-is-dunyasi","category-turkiye-ingiltere"],"_links":{"self":[{"href":"https:\/\/by-tv.co.uk\/en\/wp-json\/wp\/v2\/posts\/37828","targetHints":{"allow":["GET"]}}],"collection":[{"href":"https:\/\/by-tv.co.uk\/en\/wp-json\/wp\/v2\/posts"}],"about":[{"href":"https:\/\/by-tv.co.uk\/en\/wp-json\/wp\/v2\/types\/post"}],"author":[{"embeddable":true,"href":"https:\/\/by-tv.co.uk\/en\/wp-json\/wp\/v2\/users\/11"}],"replies":[{"embeddable":true,"href":"https:\/\/by-tv.co.uk\/en\/wp-json\/wp\/v2\/comments?post=37828"}],"version-history":[{"count":1,"href":"https:\/\/by-tv.co.uk\/en\/wp-json\/wp\/v2\/posts\/37828\/revisions"}],"predecessor-version":[{"id":37830,"href":"https:\/\/by-tv.co.uk\/en\/wp-json\/wp\/v2\/posts\/37828\/revisions\/37830"}],"wp:featuredmedia":[{"embeddable":true,"href":"https:\/\/by-tv.co.uk\/en\/wp-json\/wp\/v2\/media\/37829"}],"wp:attachment":[{"href":"https:\/\/by-tv.co.uk\/en\/wp-json\/wp\/v2\/media?parent=37828"}],"wp:term":[{"taxonomy":"category","embeddable":true,"href":"https:\/\/by-tv.co.uk\/en\/wp-json\/wp\/v2\/categories?post=37828"},{"taxonomy":"post_tag","embeddable":true,"href":"https:\/\/by-tv.co.uk\/en\/wp-json\/wp\/v2\/tags?post=37828"}],"curies":[{"name":"wp","href":"https:\/\/api.w.org\/{rel}","templated":true}]}}