{"id":37806,"date":"2026-03-19T18:38:52","date_gmt":"2026-03-19T18:38:52","guid":{"rendered":"https:\/\/by-tv.co.uk\/?p=37806"},"modified":"2026-03-19T19:05:51","modified_gmt":"2026-03-19T19:05:51","slug":"ingiltere-merkez-bankasindan-faiz-artirimi-sinyali","status":"publish","type":"post","link":"https:\/\/by-tv.co.uk\/en\/ingiltere-merkez-bankasindan-faiz-artirimi-sinyali\/","title":{"rendered":"\u0130ngiltere Merkez Bankas\u0131 faizleri sabit tuttu"},"content":{"rendered":"<div id=\"model-response-message-contentr_f5314baf0613d88e\" class=\"markdown markdown-main-panel stronger enable-updated-hr-color\" dir=\"ltr\" aria-live=\"polite\" aria-busy=\"false\">\n<h4 data-path-to-node=\"1\"><b data-path-to-node=\"1\" data-index-in-node=\"0\">Ekonomide Yeni Bir \u015eok Dalgas\u0131<\/b><\/h4>\n<p data-path-to-node=\"2\"><b data-path-to-node=\"2\" data-index-in-node=\"0\">\u0130ngiltere Merkez Bankas\u0131 (BoE)<\/b>, politika faizini <b data-path-to-node=\"2\" data-index-in-node=\"49\">%3,75<\/b> seviyesinde sabit b\u0131rakt\u0131\u011f\u0131n\u0131 a\u00e7\u0131klad\u0131. BBC&#8217;nin haberine g\u00f6re, Orta Do\u011fu&#8217;daki \u00e7at\u0131\u015fmalar \u00f6ncesinde piyasalarda faiz indirimi beklentisi hakimken, artan enerji fiyatlar\u0131 enflasyon tahminlerini yukar\u0131 \u00e7ekti.<\/p>\n<p data-path-to-node=\"3\">Banka, ekonomide ya\u015fanan bu &#8220;yeni \u015fok&#8221; nedeniyle Mart ay\u0131 enflasyon beklentisini <b data-path-to-node=\"3\" data-index-in-node=\"81\">%3,5<\/b> seviyesine \u00e7\u0131kard\u0131. Para Politikas\u0131 Kurulu \u00fcyeleri faizleri sabit tutma karar\u0131 al\u0131rken, olas\u0131 bir faiz art\u0131r\u0131m\u0131n\u0131n gereklili\u011fi de ilk kez masaya yat\u0131r\u0131ld\u0131.<\/p>\n<h4 data-path-to-node=\"4\"><b data-path-to-node=\"4\" data-index-in-node=\"0\">Enerji Fiyatlar\u0131 Enflasyonu Tetikliyor<\/b><\/h4>\n<p data-path-to-node=\"5\">Banka Ba\u015fkan\u0131 <b data-path-to-node=\"5\" data-index-in-node=\"14\">Andrew Bailey<\/b>, Orta Do\u011fu&#8217;daki sava\u015f\u0131n enerji fiyatlar\u0131n\u0131 h\u0131zla y\u00fckseltti\u011fine dikkat \u00e7ekerek, bu durumun akaryak\u0131t pompalar\u0131na yans\u0131d\u0131\u011f\u0131n\u0131 ve ilerleyen d\u00f6nemde hanehalk\u0131 faturalar\u0131n\u0131 da etkileyece\u011fini belirtti. <b data-path-to-node=\"5\" data-index-in-node=\"224\">Bailey<\/b>, enflasyonu <b data-path-to-node=\"5\" data-index-in-node=\"243\">%2<\/b> hedefine geri d\u00f6nd\u00fcrmek i\u00e7in &#8220;harekete ge\u00e7meye haz\u0131r olduklar\u0131n\u0131&#8221; vurgulad\u0131.<\/p><div id=\"briti-3082045659\" class=\"briti-icerik\" style=\"margin-top: 5px;margin-bottom: 5px;\"><a href=\"https:\/\/piaryum.com\/services\/\" aria-label=\"piaryum banner\"><img loading=\"lazy\" decoding=\"async\" src=\"https:\/\/by-tv.co.uk\/wp-content\/uploads\/2025\/12\/Gemini_Generated_Image_g5yqr1g5yqr1g5yq.jpg\" alt=\"\"  width=\"2064\" height=\"1152\"   \/><\/a><\/div>\n<p data-path-to-node=\"6\">\u015eubat ay\u0131ndaki toplant\u0131da \u00fcyeler aras\u0131nda b\u00f6l\u00fcnme ya\u015fan\u0131rken, bu ay son d\u00f6rt bu\u00e7uk y\u0131l\u0131n ilk <b data-path-to-node=\"6\" data-index-in-node=\"93\">oy birli\u011fi<\/b> ile faiz sabit tutuldu. Piyasa uzmanlar\u0131, enerji fiyatlar\u0131ndaki art\u0131\u015f\u0131n kal\u0131c\u0131 olmas\u0131 durumunda y\u0131l sonuna kadar iki faiz art\u0131r\u0131m\u0131 yap\u0131labilece\u011fini \u00f6ng\u00f6r\u00fcyor.<\/p>\n<h4 data-path-to-node=\"7\"><b data-path-to-node=\"7\" data-index-in-node=\"0\">Konut Piyasas\u0131nda Faiz Bask\u0131s\u0131 Art\u0131yor<\/b><\/h4>\n<p data-path-to-node=\"8\">Faiz indirim beklentisinin yerini art\u0131r\u0131m sinyallerine b\u0131rakmas\u0131, mortgage piyasas\u0131n\u0131 da do\u011frudan etkiledi. Son haftalarda yeni sabit vadeli anla\u015fmalarda faiz oranlar\u0131 keskin bir art\u0131\u015f g\u00f6sterirken, bankalar y\u00fczlerce kredi \u00fcr\u00fcn\u00fcn\u00fc piyasadan \u00e7ekti.<\/p>\n<p data-path-to-node=\"9\"><b data-path-to-node=\"9\" data-index-in-node=\"0\">Andrew Bailey<\/b>, k\u00fcresel petrol arz\u0131n\u0131n be\u015fte birinin ge\u00e7ti\u011fi <b data-path-to-node=\"9\" data-index-in-node=\"60\">H\u00fcrm\u00fcz Bo\u011faz\u0131<\/b>&#8216;n\u0131n g\u00fcvenli ge\u00e7i\u015fe a\u00e7\u0131lmas\u0131n\u0131n en uygun \u00e7\u00f6z\u00fcm oldu\u011funu ifade etti. Orta Do\u011fu&#8217;daki belirsizlik s\u00fcrerken, <b data-path-to-node=\"9\" data-index-in-node=\"178\">ABD Merkez Bankas\u0131 (Fed)<\/b> ve <b data-path-to-node=\"9\" data-index-in-node=\"206\">Avrupa Merkez Bankas\u0131 (ECB)<\/b> da faiz hamlelerinde bekleme karar\u0131 ald\u0131.<\/p>\n<\/div>\n<div id=\"briti-1472823290\" class=\"briti-icerikten-sonra_2\" style=\"margin-top: 25px;margin-bottom: 25px;\"><a href=\"https:\/\/wa.me\/message\/NDZLLIOQT4H3O1\" aria-label=\"bytv reklam banner\"><img loading=\"lazy\" decoding=\"async\" src=\"https:\/\/by-tv.co.uk\/wp-content\/uploads\/2025\/12\/bytv-reklam-banner.jpg\" alt=\"\"  width=\"2376\" height=\"1008\"   \/><\/a><\/div>","protected":false},"excerpt":{"rendered":"<p>Ekonomide Yeni Bir \u015eok Dalgas\u0131 \u0130ngiltere Merkez Bankas\u0131 (BoE), politika faizini %3,75 seviyesinde sabit b\u0131rakt\u0131\u011f\u0131n\u0131 a\u00e7\u0131klad\u0131. BBC&#8217;nin haberine g\u00f6re, Orta Do\u011fu&#8217;daki \u00e7at\u0131\u015fmalar \u00f6ncesinde piyasalarda faiz indirimi beklentisi hakimken, artan enerji fiyatlar\u0131 enflasyon tahminlerini yukar\u0131 \u00e7ekti. Banka, ekonomide ya\u015fanan bu &#8220;yeni \u015fok&#8221; nedeniyle Mart ay\u0131 enflasyon beklentisini %3,5 seviyesine \u00e7\u0131kard\u0131. Para Politikas\u0131 Kurulu \u00fcyeleri faizleri sabit tutma karar\u0131 al\u0131rken, olas\u0131 bir faiz art\u0131r\u0131m\u0131n\u0131n gereklili\u011fi de ilk kez masaya yat\u0131r\u0131ld\u0131. Enerji Fiyatlar\u0131 Enflasyonu Tetikliyor Banka Ba\u015fkan\u0131 Andrew Bailey, Orta Do\u011fu&#8217;daki sava\u015f\u0131n enerji fiyatlar\u0131n\u0131 h\u0131zla y\u00fckseltti\u011fine dikkat \u00e7ekerek, bu durumun akaryak\u0131t pompalar\u0131na yans\u0131d\u0131\u011f\u0131n\u0131 ve ilerleyen d\u00f6nemde hanehalk\u0131 faturalar\u0131n\u0131 da etkileyece\u011fini belirtti. Bailey, enflasyonu [&hellip;]<\/p>\n","protected":false},"author":11,"featured_media":34125,"comment_status":"open","ping_status":"open","sticky":false,"template":"","format":"standard","meta":{"ngg_post_thumbnail":0,"footnotes":""},"categories":[5269,1272,15],"tags":[],"class_list":["post-37806","post","type-post","status-publish","format-standard","has-post-thumbnail","hentry","category-birlesik-krallik","category-ekonomi","category-ingiltere"],"_links":{"self":[{"href":"https:\/\/by-tv.co.uk\/en\/wp-json\/wp\/v2\/posts\/37806","targetHints":{"allow":["GET"]}}],"collection":[{"href":"https:\/\/by-tv.co.uk\/en\/wp-json\/wp\/v2\/posts"}],"about":[{"href":"https:\/\/by-tv.co.uk\/en\/wp-json\/wp\/v2\/types\/post"}],"author":[{"embeddable":true,"href":"https:\/\/by-tv.co.uk\/en\/wp-json\/wp\/v2\/users\/11"}],"replies":[{"embeddable":true,"href":"https:\/\/by-tv.co.uk\/en\/wp-json\/wp\/v2\/comments?post=37806"}],"version-history":[{"count":2,"href":"https:\/\/by-tv.co.uk\/en\/wp-json\/wp\/v2\/posts\/37806\/revisions"}],"predecessor-version":[{"id":37817,"href":"https:\/\/by-tv.co.uk\/en\/wp-json\/wp\/v2\/posts\/37806\/revisions\/37817"}],"wp:featuredmedia":[{"embeddable":true,"href":"https:\/\/by-tv.co.uk\/en\/wp-json\/wp\/v2\/media\/34125"}],"wp:attachment":[{"href":"https:\/\/by-tv.co.uk\/en\/wp-json\/wp\/v2\/media?parent=37806"}],"wp:term":[{"taxonomy":"category","embeddable":true,"href":"https:\/\/by-tv.co.uk\/en\/wp-json\/wp\/v2\/categories?post=37806"},{"taxonomy":"post_tag","embeddable":true,"href":"https:\/\/by-tv.co.uk\/en\/wp-json\/wp\/v2\/tags?post=37806"}],"curies":[{"name":"wp","href":"https:\/\/api.w.org\/{rel}","templated":true}]}}