{"id":37697,"date":"2026-03-17T09:38:35","date_gmt":"2026-03-17T09:38:35","guid":{"rendered":"https:\/\/by-tv.co.uk\/?p=37697"},"modified":"2026-03-18T08:33:49","modified_gmt":"2026-03-18T08:33:49","slug":"zelenskiy-fuze-sikintisi-yasayabiliriz","status":"publish","type":"post","link":"https:\/\/by-tv.co.uk\/en\/zelenskiy-fuze-sikintisi-yasayabiliriz\/","title":{"rendered":"Zelenskiy: F\u00fcze s\u0131k\u0131nt\u0131s\u0131 ya\u015fayabiliriz"},"content":{"rendered":"<p>Ukrayna Devlet Ba\u015fkan\u0131 <strong>Volodimir Zelenskiy<\/strong>, Orta Do\u011fu\u2019daki sava\u015f\u0131n etkisiyle Ukrayna\u2019n\u0131n <strong>f\u00fcze s\u0131k\u0131nt\u0131s\u0131 ya\u015fayabilece\u011fi<\/strong> uyar\u0131s\u0131nda bulundu.<\/p>\n<p><strong>BBC\u2019ye verdi\u011fi \u00f6zel r\u00f6portajda<\/strong> konu\u015fan Zelenskiy, Rusya Devlet Ba\u015fkan\u0131 <strong>Vladimir Putin\u2019in<\/strong>, ABD, \u0130srail ve \u0130ran aras\u0131ndaki \u00e7at\u0131\u015fman\u0131n uzamas\u0131n\u0131 istedi\u011fini s\u00f6yledi.<\/p>\n<p>Zelenskiy\u2019ye g\u00f6re bu durum, <strong>ABD\u2019nin askeri kaynaklar\u0131n\u0131n farkl\u0131 b\u00f6lgelere y\u00f6nelmesine<\/strong> neden olarak Ukrayna\u2019n\u0131n savunma kapasitesini zay\u0131flat\u0131yor.<\/p><div id=\"briti-1486405862\" class=\"briti-icerik\" style=\"margin-top: 5px;margin-bottom: 5px;\"><a href=\"https:\/\/piaryum.com\/services\/\" aria-label=\"piaryum banner\"><img loading=\"lazy\" decoding=\"async\" src=\"https:\/\/by-tv.co.uk\/wp-content\/uploads\/2025\/12\/Gemini_Generated_Image_g5yqr1g5yqr1g5yq.jpg\" alt=\"\"  width=\"2064\" height=\"1152\"   \/><\/a><\/div>\n<h4>\u201cPatriot f\u00fczelerinde a\u00e7\u0131k olacak\u201d<\/h4>\n<p>Zelenskiy, \u00f6zellikle <strong>Patriot hava savunma f\u00fczelerinde kesin bir a\u00e7\u0131k olu\u015faca\u011f\u0131n\u0131<\/strong> belirterek bunun Ukrayna i\u00e7in ciddi bir zorluk olaca\u011f\u0131n\u0131 ifade etti.<\/p>\n<p>ABD\u2019nin ayl\u0131k yakla\u015f\u0131k <strong>60-65 f\u00fcze \u00fcretebildi\u011fini<\/strong> s\u00f6yleyen Zelenskiy, Orta Do\u011fu\u2019daki sava\u015f\u0131n ilk g\u00fcn\u00fcnde <strong>800\u2019den fazla f\u00fczenin kullan\u0131ld\u0131\u011f\u0131n\u0131<\/strong> vurgulad\u0131.<\/p>\n<p>Bu durumun, k\u00fcresel stoklar\u0131n h\u0131zla t\u00fckenmesine yol a\u00e7t\u0131\u011f\u0131n\u0131 belirten Zelenskiy, \u201cBu kaynaklar\u0131n ne zaman t\u00fckenece\u011fi sorusu art\u0131k kritik\u201d dedi.<\/p>\n<h4>Enerji fiyatlar\u0131 Rusya\u2019ya yar\u0131yor<\/h4>\n<p>Zelenskiy, sava\u015f\u0131n bir di\u011fer etkisinin de <strong>enerji fiyatlar\u0131n\u0131 art\u0131rarak Rusya\u2019ya ekonomik avantaj sa\u011flamas\u0131<\/strong> oldu\u011funu s\u00f6yledi.<\/p>\n<p>Ukrayna lideri, \u201cPutin i\u00e7in \u0130ran\u2019daki uzun s\u00fcren bir sava\u015f avantajd\u0131r. Bu hem enerji fiyatlar\u0131n\u0131 y\u00fckseltiyor hem de ABD stoklar\u0131n\u0131 t\u00fcketiyor\u201d ifadelerini kulland\u0131.<\/p>\n<h4>Trump ve Starmer\u2019a \u00e7a\u011fr\u0131<\/h4>\n<p>Zelenskiy, ABD Ba\u015fkan\u0131 <strong>Donald Trump\u2019\u0131n<\/strong> Ukrayna sava\u015f\u0131nda taraf olmak yerine <strong>arabulucu rol\u00fc \u00fcstlenmek istedi\u011fini<\/strong> s\u00f6yledi.<\/p>\n<p>Trump\u2019\u0131n Rusya\u2019y\u0131 \u201crahats\u0131z etmek istemedi\u011fini\u201d \u00f6ne s\u00fcren Zelenskiy, Bat\u0131l\u0131 liderler aras\u0131nda birlik \u00e7a\u011fr\u0131s\u0131 yapt\u0131.<\/p>\n<p>Zelenskiy, Trump ile \u0130ngiltere Ba\u015fbakan\u0131 <strong>Keir Starmer\u2019\u0131n<\/strong> bir araya gelerek <strong>ortak bir tutum belirlemesi gerekti\u011fini<\/strong> ifade etti.<\/p>\n<h4>\u201cOdak Ukrayna olmal\u0131\u201d<\/h4>\n<p>Zelenskiy\u2019nin Londra ziyareti s\u0131ras\u0131nda konu\u015fan Ba\u015fbakan <strong>Keir Starmer<\/strong> ise uluslararas\u0131 g\u00fcndemin Orta Do\u011fu\u2019ya kaymas\u0131na ra\u011fmen <strong>Ukrayna\u2019n\u0131n \u00f6ncelik olmaya devam etmesi gerekti\u011fini<\/strong> vurgulad\u0131.<\/p>\n<p>Zelenskiy, \u0130ngiliz parlamentosunda yapt\u0131\u011f\u0131 konu\u015fmada ise <strong>Rusya ve \u0130ran\u2019\u0131 \u201cnefret \u00fczerinden kurulan rejimler\u201d<\/strong> olarak nitelendirerek, bu t\u00fcr y\u00f6netimlerin ba\u015far\u0131l\u0131 olmamas\u0131 gerekti\u011fini s\u00f6yledi.<\/p>\n<div id=\"briti-1644510635\" class=\"briti-icerikten-sonra_2\" style=\"margin-top: 25px;margin-bottom: 25px;\"><a href=\"https:\/\/wa.me\/message\/NDZLLIOQT4H3O1\" aria-label=\"bytv reklam banner\"><img loading=\"lazy\" decoding=\"async\" src=\"https:\/\/by-tv.co.uk\/wp-content\/uploads\/2025\/12\/bytv-reklam-banner.jpg\" alt=\"\"  width=\"2376\" height=\"1008\"   \/><\/a><\/div>","protected":false},"excerpt":{"rendered":"<p>Ukrayna Devlet Ba\u015fkan\u0131 Volodimir Zelenskiy, Orta Do\u011fu\u2019daki sava\u015f\u0131n etkisiyle Ukrayna\u2019n\u0131n f\u00fcze s\u0131k\u0131nt\u0131s\u0131 ya\u015fayabilece\u011fi uyar\u0131s\u0131nda bulundu. BBC\u2019ye verdi\u011fi \u00f6zel r\u00f6portajda konu\u015fan Zelenskiy, Rusya Devlet Ba\u015fkan\u0131 Vladimir Putin\u2019in, ABD, \u0130srail ve \u0130ran aras\u0131ndaki \u00e7at\u0131\u015fman\u0131n uzamas\u0131n\u0131 istedi\u011fini s\u00f6yledi. Zelenskiy\u2019ye g\u00f6re bu durum, ABD\u2019nin askeri kaynaklar\u0131n\u0131n farkl\u0131 b\u00f6lgelere y\u00f6nelmesine neden olarak Ukrayna\u2019n\u0131n savunma kapasitesini zay\u0131flat\u0131yor. \u201cPatriot f\u00fczelerinde a\u00e7\u0131k olacak\u201d Zelenskiy, \u00f6zellikle Patriot hava savunma f\u00fczelerinde kesin bir a\u00e7\u0131k olu\u015faca\u011f\u0131n\u0131 belirterek bunun Ukrayna i\u00e7in ciddi bir zorluk olaca\u011f\u0131n\u0131 ifade etti. ABD\u2019nin ayl\u0131k yakla\u015f\u0131k 60-65 f\u00fcze \u00fcretebildi\u011fini s\u00f6yleyen Zelenskiy, Orta Do\u011fu\u2019daki sava\u015f\u0131n ilk g\u00fcn\u00fcnde 800\u2019den fazla f\u00fczenin kullan\u0131ld\u0131\u011f\u0131n\u0131 vurgulad\u0131. Bu durumun, k\u00fcresel stoklar\u0131n h\u0131zla t\u00fckenmesine yol [&hellip;]<\/p>\n","protected":false},"author":11,"featured_media":28882,"comment_status":"open","ping_status":"open","sticky":false,"template":"","format":"standard","meta":{"ngg_post_thumbnail":0,"footnotes":""},"categories":[5269,11],"tags":[],"class_list":["post-37697","post","type-post","status-publish","format-standard","has-post-thumbnail","hentry","category-birlesik-krallik","category-dunya"],"_links":{"self":[{"href":"https:\/\/by-tv.co.uk\/en\/wp-json\/wp\/v2\/posts\/37697","targetHints":{"allow":["GET"]}}],"collection":[{"href":"https:\/\/by-tv.co.uk\/en\/wp-json\/wp\/v2\/posts"}],"about":[{"href":"https:\/\/by-tv.co.uk\/en\/wp-json\/wp\/v2\/types\/post"}],"author":[{"embeddable":true,"href":"https:\/\/by-tv.co.uk\/en\/wp-json\/wp\/v2\/users\/11"}],"replies":[{"embeddable":true,"href":"https:\/\/by-tv.co.uk\/en\/wp-json\/wp\/v2\/comments?post=37697"}],"version-history":[{"count":1,"href":"https:\/\/by-tv.co.uk\/en\/wp-json\/wp\/v2\/posts\/37697\/revisions"}],"predecessor-version":[{"id":37704,"href":"https:\/\/by-tv.co.uk\/en\/wp-json\/wp\/v2\/posts\/37697\/revisions\/37704"}],"wp:featuredmedia":[{"embeddable":true,"href":"https:\/\/by-tv.co.uk\/en\/wp-json\/wp\/v2\/media\/28882"}],"wp:attachment":[{"href":"https:\/\/by-tv.co.uk\/en\/wp-json\/wp\/v2\/media?parent=37697"}],"wp:term":[{"taxonomy":"category","embeddable":true,"href":"https:\/\/by-tv.co.uk\/en\/wp-json\/wp\/v2\/categories?post=37697"},{"taxonomy":"post_tag","embeddable":true,"href":"https:\/\/by-tv.co.uk\/en\/wp-json\/wp\/v2\/tags?post=37697"}],"curies":[{"name":"wp","href":"https:\/\/api.w.org\/{rel}","templated":true}]}}