{"id":37694,"date":"2026-03-17T18:38:30","date_gmt":"2026-03-17T18:38:30","guid":{"rendered":"https:\/\/by-tv.co.uk\/?p=37694"},"modified":"2026-03-17T18:13:00","modified_gmt":"2026-03-17T18:13:00","slug":"eczanelerde-menenjit-asisi-talebinde-patlama","status":"publish","type":"post","link":"https:\/\/by-tv.co.uk\/en\/eczanelerde-menenjit-asisi-talebinde-patlama\/","title":{"rendered":"Eczanelerde menenjit a\u015f\u0131s\u0131 talebinde patlama"},"content":{"rendered":"<div id=\"model-response-message-contentr_164d73d64732d468\" class=\"markdown markdown-main-panel stronger enable-updated-hr-color\" dir=\"ltr\" aria-live=\"polite\" aria-busy=\"false\">\n<h4 data-path-to-node=\"1\"><b data-path-to-node=\"1\" data-index-in-node=\"0\">Eczanelerde benzeri g\u00f6r\u00fclmemi\u015f yo\u011funluk<\/b><\/h4>\n<p data-path-to-node=\"2\">\u0130ngiltere\u2019nin <b data-path-to-node=\"2\" data-index-in-node=\"14\">Kent<\/b> b\u00f6lgesinde iki gencin hayat\u0131n\u0131 kaybetmesine yol a\u00e7an menenjit salg\u0131n\u0131, \u00fclke genelindeki eczanelerde b\u00fcy\u00fck bir yo\u011funlu\u011fa neden oldu. Ulusal Eczac\u0131l\u0131k Derne\u011fi (<b data-path-to-node=\"2\" data-index-in-node=\"177\">NPA<\/b>) taraf\u0131ndan yap\u0131lan ara\u015ft\u0131rmaya g\u00f6re, eczanelerin <b data-path-to-node=\"2\" data-index-in-node=\"231\">%87<\/b>&#8216;si endi\u015feli ebeveynlerin a\u015f\u0131 taleplerinde ola\u011fan\u00fcst\u00fc bir art\u0131\u015f bildirdi. Baz\u0131 eczanelerin Sal\u0131 sabah\u0131 sadece birka\u00e7 saat i\u00e7inde 40\u2019a yak\u0131n talep ald\u0131\u011f\u0131 \u00f6\u011frenildi.<\/p>\n<p data-path-to-node=\"3\"><b data-path-to-node=\"3\" data-index-in-node=\"0\">The Guardian<\/b> gazetesinin haberine g\u00f6re, salg\u0131na neden olan <b data-path-to-node=\"3\" data-index-in-node=\"59\">Menenjit B<\/b> su\u015fu, Birle\u015fik Krall\u0131k\u2019ta yaln\u0131zca <b data-path-to-node=\"3\" data-index-in-node=\"105\">2015<\/b> y\u0131l\u0131ndan sonra do\u011fan \u00e7ocuklara \u00fccretsiz a\u015f\u0131 olarak sunuluyor. Bu durum, \u00fcniversite \u00e7a\u011f\u0131ndaki gen\u00e7lerin ve <b data-path-to-node=\"3\" data-index-in-node=\"216\">2015<\/b> \u00f6ncesi do\u011fanlar\u0131n b\u00fcy\u00fck bir k\u0131sm\u0131n\u0131n ba\u011f\u0131\u015f\u0131kl\u0131k korumas\u0131na sahip olmad\u0131\u011f\u0131n\u0131 ortaya koyuyor. Eczane zinciri <b data-path-to-node=\"3\" data-index-in-node=\"328\">Boots<\/b>&#8216;ta iki dozluk a\u015f\u0131 setinin maliyeti ise <b data-path-to-node=\"3\" data-index-in-node=\"373\">220 sterlin<\/b> olarak a\u00e7\u0131kland\u0131.<\/p>\n<h4 data-path-to-node=\"4\"><b data-path-to-node=\"4\" data-index-in-node=\"0\">Uzmanlar: &#8220;Acele etmeyin&#8221;<\/b><\/h4>\n<p data-path-to-node=\"5\">Salg\u0131n pani\u011fi b\u00fcy\u00fcrken t\u0131p d\u00fcnyas\u0131ndan itidalli olma \u00e7a\u011fr\u0131s\u0131 geldi. <b data-path-to-node=\"5\" data-index-in-node=\"68\">Bristol \u00dcniversitesi<\/b>&#8216;nden a\u015f\u0131 uzman\u0131 <b data-path-to-node=\"5\" data-index-in-node=\"105\">Prof. Adam Finn<\/b>, ailelerin \u00e7ocuklar\u0131 i\u00e7in \u00f6zel a\u015f\u0131 sat\u0131n almakta acele etmemeleri gerekti\u011fini vurgulad\u0131. <b data-path-to-node=\"5\" data-index-in-node=\"210\">Finn<\/b>, mevcut a\u015f\u0131lar\u0131n t\u00fcm <b data-path-to-node=\"5\" data-index-in-node=\"236\">B<\/b> su\u015flar\u0131n\u0131 kapsamad\u0131\u011f\u0131n\u0131 ve ba\u011f\u0131\u015f\u0131kl\u0131k olu\u015fmas\u0131n\u0131n haftalar s\u00fcrebilece\u011fini belirterek, &#8220;Bu t\u00fcr bir salg\u0131nda koordineli bir yan\u0131t \u00e7ok daha de\u011ferlidir. Kamu sa\u011fl\u0131\u011f\u0131 makamlar\u0131 do\u011fru a\u015f\u0131y\u0131 do\u011fru ki\u015filere ula\u015ft\u0131racakt\u0131r&#8221; dedi.<\/p><div id=\"briti-2593890602\" class=\"briti-icerik\" style=\"margin-top: 5px;margin-bottom: 5px;\"><a href=\"https:\/\/piaryum.com\/services\/\" aria-label=\"piaryum banner\"><img loading=\"lazy\" decoding=\"async\" src=\"https:\/\/by-tv.co.uk\/wp-content\/uploads\/2025\/12\/Gemini_Generated_Image_g5yqr1g5yqr1g5yq.jpg\" alt=\"\"  width=\"2064\" height=\"1152\"   \/><\/a><\/div>\n<h4 data-path-to-node=\"6\"><b data-path-to-node=\"6\" data-index-in-node=\"0\">\u00dcniversiteler ve h\u00fck\u00fcmete \u00e7a\u011fr\u0131<\/b><\/h4>\n<p data-path-to-node=\"7\">Ulusal \u00d6\u011frenci Birli\u011fi (<b data-path-to-node=\"7\" data-index-in-node=\"24\">NUS<\/b>) Ba\u015fkan\u0131 <b data-path-to-node=\"7\" data-index-in-node=\"37\">Amira Campbell<\/b>, menenjit fark\u0131ndal\u0131\u011f\u0131n\u0131n yetersiz oldu\u011funu savunarak, hayati \u00f6nem ta\u015f\u0131yan bu a\u015f\u0131lar\u0131n <b data-path-to-node=\"7\" data-index-in-node=\"139\">NHS<\/b> taraf\u0131ndan gen\u00e7lere \u00fccretsiz sunulmas\u0131 gerekti\u011fini s\u00f6yledi. <b data-path-to-node=\"7\" data-index-in-node=\"203\">Campbell<\/b>, \u00fcniversitelerin de \u00f6\u011frencilerini korumak i\u00e7in inisiyatif almas\u0131 gerekti\u011fini kaydetti.<\/p>\n<p data-path-to-node=\"8\">Oxford A\u015f\u0131 Grubu Direkt\u00f6r\u00fc <b data-path-to-node=\"8\" data-index-in-node=\"27\">Prof. Sir Andrew Pollard<\/b> ise <b data-path-to-node=\"8\" data-index-in-node=\"56\">MenACWY<\/b> a\u015f\u0131lar\u0131n\u0131n gen\u00e7ler aras\u0131nda yayg\u0131n tutulmas\u0131n\u0131n \u00f6nemine dikkat \u00e7ekti. <b data-path-to-node=\"8\" data-index-in-node=\"134\">Pollard<\/b>, bu a\u015f\u0131daki d\u00fc\u015f\u00fc\u015f\u00fcn di\u011fer menenjit t\u00fcrlerinin geri d\u00f6nmesine kap\u0131 aralayabilece\u011fi konusunda uyar\u0131da bulundu. Kent&#8217;teki salg\u0131nla ilgili kamu sa\u011fl\u0131\u011f\u0131 ekiplerinin b\u00f6lgedeki riskli gruplara y\u00f6nelik \u00e7al\u0131\u015fmalar\u0131 devam ediyor.<\/p>\n<\/div>\n<div id=\"briti-2245569255\" class=\"briti-icerikten-sonra_2\" style=\"margin-top: 25px;margin-bottom: 25px;\"><a href=\"https:\/\/wa.me\/message\/NDZLLIOQT4H3O1\" aria-label=\"bytv reklam banner\"><img loading=\"lazy\" decoding=\"async\" src=\"https:\/\/by-tv.co.uk\/wp-content\/uploads\/2025\/12\/bytv-reklam-banner.jpg\" alt=\"\"  width=\"2376\" height=\"1008\"   \/><\/a><\/div>","protected":false},"excerpt":{"rendered":"<p>Eczanelerde benzeri g\u00f6r\u00fclmemi\u015f yo\u011funluk \u0130ngiltere\u2019nin Kent b\u00f6lgesinde iki gencin hayat\u0131n\u0131 kaybetmesine yol a\u00e7an menenjit salg\u0131n\u0131, \u00fclke genelindeki eczanelerde b\u00fcy\u00fck bir yo\u011funlu\u011fa neden oldu. Ulusal Eczac\u0131l\u0131k Derne\u011fi (NPA) taraf\u0131ndan yap\u0131lan ara\u015ft\u0131rmaya g\u00f6re, eczanelerin %87&#8216;si endi\u015feli ebeveynlerin a\u015f\u0131 taleplerinde ola\u011fan\u00fcst\u00fc bir art\u0131\u015f bildirdi. Baz\u0131 eczanelerin Sal\u0131 sabah\u0131 sadece birka\u00e7 saat i\u00e7inde 40\u2019a yak\u0131n talep ald\u0131\u011f\u0131 \u00f6\u011frenildi. The Guardian gazetesinin haberine g\u00f6re, salg\u0131na neden olan Menenjit B su\u015fu, Birle\u015fik Krall\u0131k\u2019ta yaln\u0131zca 2015 y\u0131l\u0131ndan sonra do\u011fan \u00e7ocuklara \u00fccretsiz a\u015f\u0131 olarak sunuluyor. Bu durum, \u00fcniversite \u00e7a\u011f\u0131ndaki gen\u00e7lerin ve 2015 \u00f6ncesi do\u011fanlar\u0131n b\u00fcy\u00fck bir k\u0131sm\u0131n\u0131n ba\u011f\u0131\u015f\u0131kl\u0131k korumas\u0131na sahip olmad\u0131\u011f\u0131n\u0131 ortaya koyuyor. Eczane zinciri Boots&#8216;ta iki dozluk [&hellip;]<\/p>\n","protected":false},"author":11,"featured_media":23199,"comment_status":"open","ping_status":"open","sticky":false,"template":"","format":"standard","meta":{"ngg_post_thumbnail":0,"footnotes":""},"categories":[5269,15,13],"tags":[],"class_list":["post-37694","post","type-post","status-publish","format-standard","has-post-thumbnail","hentry","category-birlesik-krallik","category-ingiltere","category-saglik"],"_links":{"self":[{"href":"https:\/\/by-tv.co.uk\/en\/wp-json\/wp\/v2\/posts\/37694","targetHints":{"allow":["GET"]}}],"collection":[{"href":"https:\/\/by-tv.co.uk\/en\/wp-json\/wp\/v2\/posts"}],"about":[{"href":"https:\/\/by-tv.co.uk\/en\/wp-json\/wp\/v2\/types\/post"}],"author":[{"embeddable":true,"href":"https:\/\/by-tv.co.uk\/en\/wp-json\/wp\/v2\/users\/11"}],"replies":[{"embeddable":true,"href":"https:\/\/by-tv.co.uk\/en\/wp-json\/wp\/v2\/comments?post=37694"}],"version-history":[{"count":2,"href":"https:\/\/by-tv.co.uk\/en\/wp-json\/wp\/v2\/posts\/37694\/revisions"}],"predecessor-version":[{"id":37696,"href":"https:\/\/by-tv.co.uk\/en\/wp-json\/wp\/v2\/posts\/37694\/revisions\/37696"}],"wp:featuredmedia":[{"embeddable":true,"href":"https:\/\/by-tv.co.uk\/en\/wp-json\/wp\/v2\/media\/23199"}],"wp:attachment":[{"href":"https:\/\/by-tv.co.uk\/en\/wp-json\/wp\/v2\/media?parent=37694"}],"wp:term":[{"taxonomy":"category","embeddable":true,"href":"https:\/\/by-tv.co.uk\/en\/wp-json\/wp\/v2\/categories?post=37694"},{"taxonomy":"post_tag","embeddable":true,"href":"https:\/\/by-tv.co.uk\/en\/wp-json\/wp\/v2\/tags?post=37694"}],"curies":[{"name":"wp","href":"https:\/\/api.w.org\/{rel}","templated":true}]}}