{"id":37661,"date":"2026-03-17T10:48:25","date_gmt":"2026-03-17T10:48:25","guid":{"rendered":"https:\/\/by-tv.co.uk\/?p=37661"},"modified":"2026-03-17T09:36:17","modified_gmt":"2026-03-17T09:36:17","slug":"ingilterede-bahar-havasi-geri-donuyor","status":"publish","type":"post","link":"https:\/\/by-tv.co.uk\/en\/ingilterede-bahar-havasi-geri-donuyor\/","title":{"rendered":"\u0130ngiltere\u2019de bahar havas\u0131 geri d\u00f6n\u00fcyor"},"content":{"rendered":"<p>\u0130ngiltere genelinde bu hafta s\u0131cakl\u0131klar\u0131n y\u00fckselmesiyle birlikte <strong>bahar havas\u0131n\u0131n yeniden etkili olmas\u0131<\/strong> bekleniyor.<\/p>\n<p><strong>BBC\u2019nin haberine g\u00f6re<\/strong>, hafta ortas\u0131nda s\u0131cakl\u0131klar\u0131n <strong>20 dereceye yakla\u015fabilece\u011fi<\/strong> ve y\u0131l\u0131n \u015fu ana kadarki <strong>en s\u0131cak g\u00fcn\u00fcn\u00fcn ya\u015fanabilece\u011fi<\/strong> tahmin ediliyor.<\/p>\n<p>Son g\u00fcnlerde etkili olan so\u011fuk hava ve yer yer g\u00f6r\u00fclen kar ya\u011f\u0131\u015f\u0131n\u0131n ard\u0131ndan, <strong>Akdeniz \u00fczerinden gelen daha s\u0131cak hava ak\u0131m\u0131<\/strong> \u00fclke genelinde hissedilecek.<\/p><div id=\"briti-1632625717\" class=\"briti-icerik\" style=\"margin-top: 5px;margin-bottom: 5px;\"><a href=\"https:\/\/piaryum.com\/services\/\" aria-label=\"piaryum banner\"><img loading=\"lazy\" decoding=\"async\" src=\"https:\/\/by-tv.co.uk\/wp-content\/uploads\/2025\/12\/Gemini_Generated_Image_g5yqr1g5yqr1g5yq.jpg\" alt=\"\"  width=\"2064\" height=\"1152\"   \/><\/a><\/div>\n<h4>S\u0131cakl\u0131klar mevsim normallerinin \u00fczerine \u00e7\u0131kacak<\/h4>\n<p>\u00c7ar\u015famba g\u00fcn\u00fc \u00f6zellikle <strong>\u0130ngiltere ve Galler\u2019de s\u0131cakl\u0131klar\u0131n orta ve y\u00fcksek \u201cteen\u201d de\u011ferlerine (15-19\u00b0C)<\/strong> ula\u015fmas\u0131 bekleniyor.<\/p>\n<p>Baz\u0131 b\u00f6lgelerde s\u0131cakl\u0131klar\u0131n <strong>mevsim normallerinin 6-7 derece \u00fczerine \u00e7\u0131kaca\u011f\u0131<\/strong> \u00f6ng\u00f6r\u00fcl\u00fcrken, <strong>Midlands, kuzeybat\u0131 \u0130ngiltere ve kuzeybat\u0131 Galler\u2019de 20 dereceye yak\u0131n de\u011ferler<\/strong> g\u00f6r\u00fclebilir.<\/p>\n<p>Bu de\u011ferler, Mart ay\u0131 ba\u015f\u0131nda Londra\u2019da \u00f6l\u00e7\u00fclen <strong>19,2\u00b0C\u2019lik y\u0131l\u0131n en y\u00fcksek s\u0131cakl\u0131\u011f\u0131n\u0131 a\u015fabilir<\/strong>.<\/p>\n<p>Galler\u2019de ise daha \u00f6nce <strong>5 Mart\u2019ta kaydedilen 17,8\u00b0C\u2019lik rekorun<\/strong> ge\u00e7ilmesi bekleniyor.<\/p>\n<h4>G\u00fcne\u015fli ve \u00e7o\u011funlukla kuru hava<\/h4>\n<p>Hafta boyunca hava genel olarak <strong>kuru ve g\u00fcne\u015fli<\/strong> olacak. Sal\u0131 g\u00fcn\u00fc Kuzey \u0130rlanda ve \u0130sko\u00e7ya\u2019n\u0131n bat\u0131s\u0131nda ya\u011fmur g\u00f6r\u00fclse de, g\u00fcn\u00fcn ilerleyen saatlerinde <strong>\u0130ngiltere ve Galler\u2019de g\u00fcne\u015fli hava etkisini art\u0131racak<\/strong>.<\/p>\n<p>Y\u00fcksek bas\u0131n\u00e7 sisteminin etkisiyle haftan\u0131n geri kalan\u0131nda <strong>ya\u011f\u0131\u015f ihtimali d\u00fc\u015f\u00fck<\/strong> olacak.<\/p>\n<p>Baz\u0131 kuzey b\u00f6lgelerde bulutlu hava g\u00f6r\u00fclse de, \u00fclkenin b\u00fcy\u00fck b\u00f6l\u00fcm\u00fcnde <strong>g\u00fcne\u015fli bir hava<\/strong> bekleniyor.<\/p>\n<h4>G\u00fcnd\u00fczler geceleri ge\u00e7meye ba\u015fl\u0131yor<\/h4>\n<p>S\u0131cak hava dalgas\u0131, ayn\u0131 zamanda <strong>ilkbahar ekinoksu haftas\u0131na<\/strong> denk geliyor. Bu d\u00f6nemde <strong>g\u00fcnd\u00fcz ve gece s\u00fcreleri e\u015fitlenirken<\/strong>, hafta ortas\u0131ndan itibaren <strong>g\u00fcnd\u00fczler gecelerden daha uzun olmaya ba\u015flayacak<\/strong>.<\/p>\n<p>Hafta sonuna do\u011fru s\u0131cakl\u0131klar\u0131n birka\u00e7 derece d\u00fc\u015fmesi bekleniyor ancak <strong>mevsim normallerinin \u00fczerinde kalmaya devam edece\u011fi<\/strong> tahmin ediliyor.<\/p>\n<div id=\"briti-374257711\" class=\"briti-icerikten-sonra_2\" style=\"margin-top: 25px;margin-bottom: 25px;\"><a href=\"https:\/\/wa.me\/message\/NDZLLIOQT4H3O1\" aria-label=\"bytv reklam banner\"><img loading=\"lazy\" decoding=\"async\" src=\"https:\/\/by-tv.co.uk\/wp-content\/uploads\/2025\/12\/bytv-reklam-banner.jpg\" alt=\"\"  width=\"2376\" height=\"1008\"   \/><\/a><\/div>","protected":false},"excerpt":{"rendered":"<p>\u0130ngiltere genelinde bu hafta s\u0131cakl\u0131klar\u0131n y\u00fckselmesiyle birlikte bahar havas\u0131n\u0131n yeniden etkili olmas\u0131 bekleniyor. BBC\u2019nin haberine g\u00f6re, hafta ortas\u0131nda s\u0131cakl\u0131klar\u0131n 20 dereceye yakla\u015fabilece\u011fi ve y\u0131l\u0131n \u015fu ana kadarki en s\u0131cak g\u00fcn\u00fcn\u00fcn ya\u015fanabilece\u011fi tahmin ediliyor. Son g\u00fcnlerde etkili olan so\u011fuk hava ve yer yer g\u00f6r\u00fclen kar ya\u011f\u0131\u015f\u0131n\u0131n ard\u0131ndan, Akdeniz \u00fczerinden gelen daha s\u0131cak hava ak\u0131m\u0131 \u00fclke genelinde hissedilecek. S\u0131cakl\u0131klar mevsim normallerinin \u00fczerine \u00e7\u0131kacak \u00c7ar\u015famba g\u00fcn\u00fc \u00f6zellikle \u0130ngiltere ve Galler\u2019de s\u0131cakl\u0131klar\u0131n orta ve y\u00fcksek \u201cteen\u201d de\u011ferlerine (15-19\u00b0C) ula\u015fmas\u0131 bekleniyor. Baz\u0131 b\u00f6lgelerde s\u0131cakl\u0131klar\u0131n mevsim normallerinin 6-7 derece \u00fczerine \u00e7\u0131kaca\u011f\u0131 \u00f6ng\u00f6r\u00fcl\u00fcrken, Midlands, kuzeybat\u0131 \u0130ngiltere ve kuzeybat\u0131 Galler\u2019de 20 dereceye yak\u0131n de\u011ferler g\u00f6r\u00fclebilir. Bu de\u011ferler, Mart [&hellip;]<\/p>\n","protected":false},"author":11,"featured_media":16403,"comment_status":"open","ping_status":"open","sticky":false,"template":"","format":"standard","meta":{"ngg_post_thumbnail":0,"footnotes":""},"categories":[5269,5377,15],"tags":[],"class_list":["post-37661","post","type-post","status-publish","format-standard","has-post-thumbnail","hentry","category-birlesik-krallik","category-hava-durumu","category-ingiltere"],"_links":{"self":[{"href":"https:\/\/by-tv.co.uk\/en\/wp-json\/wp\/v2\/posts\/37661","targetHints":{"allow":["GET"]}}],"collection":[{"href":"https:\/\/by-tv.co.uk\/en\/wp-json\/wp\/v2\/posts"}],"about":[{"href":"https:\/\/by-tv.co.uk\/en\/wp-json\/wp\/v2\/types\/post"}],"author":[{"embeddable":true,"href":"https:\/\/by-tv.co.uk\/en\/wp-json\/wp\/v2\/users\/11"}],"replies":[{"embeddable":true,"href":"https:\/\/by-tv.co.uk\/en\/wp-json\/wp\/v2\/comments?post=37661"}],"version-history":[{"count":2,"href":"https:\/\/by-tv.co.uk\/en\/wp-json\/wp\/v2\/posts\/37661\/revisions"}],"predecessor-version":[{"id":37663,"href":"https:\/\/by-tv.co.uk\/en\/wp-json\/wp\/v2\/posts\/37661\/revisions\/37663"}],"wp:featuredmedia":[{"embeddable":true,"href":"https:\/\/by-tv.co.uk\/en\/wp-json\/wp\/v2\/media\/16403"}],"wp:attachment":[{"href":"https:\/\/by-tv.co.uk\/en\/wp-json\/wp\/v2\/media?parent=37661"}],"wp:term":[{"taxonomy":"category","embeddable":true,"href":"https:\/\/by-tv.co.uk\/en\/wp-json\/wp\/v2\/categories?post=37661"},{"taxonomy":"post_tag","embeddable":true,"href":"https:\/\/by-tv.co.uk\/en\/wp-json\/wp\/v2\/tags?post=37661"}],"curies":[{"name":"wp","href":"https:\/\/api.w.org\/{rel}","templated":true}]}}