{"id":37636,"date":"2026-03-16T17:48:43","date_gmt":"2026-03-16T17:48:43","guid":{"rendered":"https:\/\/by-tv.co.uk\/?p=37636"},"modified":"2026-03-16T16:19:49","modified_gmt":"2026-03-16T16:19:49","slug":"ilr-reformu-yerlesim-suresi-10-yila-cikiyor","status":"publish","type":"post","link":"https:\/\/by-tv.co.uk\/en\/ilr-reformu-yerlesim-suresi-10-yila-cikiyor\/","title":{"rendered":"ILR Reformu: Yerle\u015fim S\u00fcresi 10 Y\u0131la \u00c7\u0131k\u0131yor"},"content":{"rendered":"<h4>Reformun Kapsam\u0131 ve Yeni Model<\/h4>\n<p>Parlamento K\u00fct\u00fcphanesi&#8217;nin analizine g\u00f6re May\u0131s 2025&#8217;te yay\u0131mlanan G\u00f6\u00e7menlik Beyaz Kitab\u0131 ile \u015fekillenen reform mevcut kurallara g\u00f6re yerle\u015fim hakk\u0131 kazanmay\u0131 bekleyen yakla\u015f\u0131k 2,2 milyon ki\u015fiyi etkileyecek. H\u00fck\u00fcmetin modeli ba\u015fvuru sahiplerinin \u0130ngilizce yeterlili\u011fi, gelir d\u00fczeyi, topluma entegrasyon ve g\u00f6\u00e7menlik kurallar\u0131na uyum gibi kriterlere g\u00f6re de\u011ferlendirilmesini \u00f6ng\u00f6r\u00fcyor. \u0130\u00e7i\u015fleri Bakanl\u0131\u011f\u0131 mevcut kurallar alt\u0131nda 2026-2030 aras\u0131nda 1,6 milyon ki\u015finin ILR alaca\u011f\u0131n\u0131 \u00f6ng\u00f6r\u00fcyor ve bu rakam\u0131 s\u00fcrd\u00fcr\u00fclebilir olmayan olarak nitelendiriyor.<\/p>\n<h4>Kim Nas\u0131l Etkilenecek?<\/h4>\n<p>Migration Observatory&#8217;nin de\u011ferlendirmesine g\u00f6re y\u00fcksek gelirli profesyoneller \u00fc\u00e7 y\u0131lda yerle\u015fim hakk\u0131 kazanabilecekken orta vas\u0131fl\u0131 i\u015flerde \u00e7al\u0131\u015fanlar 15 y\u0131la kadar bekleyecek. M\u00fclteciler i\u00e7in s\u00fcre 20 y\u0131la, yasad\u0131\u015f\u0131 giri\u015f yapanlar i\u00e7in 30 y\u0131la kadar \u00e7\u0131kabilecek. \u0130ngilizce yeterlilik seviyesi B1&#8217;den B2&#8217;ye y\u00fckseltilecek ve asgari gelir \u015fart\u0131 olarak y\u0131ll\u0131k 12.570 sterlin kan\u0131tlanmas\u0131 istenecek. G\u00f6n\u00fcll\u00fcl\u00fck faaliyetleri y\u00fcr\u00fctenler be\u015f ila yedi y\u0131lda yerle\u015fim kazanabilecek. Mevcut ILR sahiplerinin haklar\u0131 de\u011fi\u015fmeyecek ancak hen\u00fcz yerle\u015fim almam\u0131\u015f herkes yeni kurallara tabi olacak. \u00c7ocuklar dahil 430-520 bin ki\u015fi ge\u00e7ici vizelerle yerle\u015fim yolunda.<\/p>\n<h4>Parlamento Komisyonu Uyar\u0131s\u0131<\/h4>\n<p>\u0130\u00e7i\u015fleri Komisyonu 5.700&#8217;den fazla yaz\u0131l\u0131 ba\u015fvuru ald\u0131ktan sonra h\u00fck\u00fcmeti uyard\u0131. Electronic Immigration Network&#8217;\u00fcn aktard\u0131\u011f\u0131na g\u00f6re komisyon de\u011fi\u015fikliklerin aceleye getirilmemesini ve d\u00fczg\u00fcn bir ge\u00e7i\u015f plan\u0131 sunulmas\u0131n\u0131 istedi. Komisyon 2021 \u00f6ncesinde gelenlerin muaf tutulmas\u0131n\u0131 ve savunmas\u0131z gruplar i\u00e7in \u00f6zel korumalar sa\u011flanmas\u0131n\u0131 \u00f6nerdi. Raporda &#8220;\u0130\u00e7i\u015fleri Bakanl\u0131\u011f\u0131 bu \u00f6l\u00e7ekteki de\u011fi\u015fiklikleri Nisan 2026&#8217;dan tam uygulayabilecek durumda de\u011fildir&#8221; ifadesi dikkat \u00e7ekti.<\/p><div id=\"briti-984367808\" class=\"briti-icerik\" style=\"margin-top: 5px;margin-bottom: 5px;\"><a href=\"https:\/\/piaryum.com\/services\/\" aria-label=\"piaryum banner\"><img loading=\"lazy\" decoding=\"async\" src=\"https:\/\/by-tv.co.uk\/wp-content\/uploads\/2025\/12\/Gemini_Generated_Image_g5yqr1g5yqr1g5yq.jpg\" alt=\"\"  width=\"2064\" height=\"1152\"   \/><\/a><\/div>\n<h4>Yar\u0131nki Tart\u0131\u015fma ve Dilek\u00e7eler<\/h4>\n<p>Westminster Hall&#8217;da 17 Mart Sal\u0131 g\u00fcn\u00fc g\u00f6\u00e7menlik reformlar\u0131 tart\u0131\u015f\u0131lacak. Pete Wishart MP taraf\u0131ndan a\u00e7\u0131lacak oturumda 232 bin imzal\u0131 ve 241 bin imzal\u0131 iki ayr\u0131 dilek\u00e7e ele al\u0131nacak. \u0130lk dilek\u00e7e mevcut 5 y\u0131ll\u0131k s\u00fcrenin korunmas\u0131n\u0131, ikincisi ILR sahiplerinin sosyal yard\u0131mlara eri\u015fiminin k\u0131s\u0131tlanmas\u0131n\u0131 talep ediyor. Mevcut ILR sahipleri \u00e7al\u0131\u015fma, sosyal yard\u0131m ve konut konular\u0131nda \u0130ngiliz vatanda\u015flar\u0131yla neredeyse ayn\u0131 haklara sahip ancak reform kapsam\u0131nda bu haklar\u0131n yaln\u0131zca vatanda\u015fl\u0131k alanlara tan\u0131nmas\u0131 da tart\u0131\u015f\u0131l\u0131yor.<\/p>\n<div id=\"briti-3573498771\" class=\"briti-icerikten-sonra_2\" style=\"margin-top: 25px;margin-bottom: 25px;\"><a href=\"https:\/\/wa.me\/message\/NDZLLIOQT4H3O1\" aria-label=\"bytv reklam banner\"><img loading=\"lazy\" decoding=\"async\" src=\"https:\/\/by-tv.co.uk\/wp-content\/uploads\/2025\/12\/bytv-reklam-banner.jpg\" alt=\"\"  width=\"2376\" height=\"1008\"   \/><\/a><\/div>","protected":false},"excerpt":{"rendered":"<p>Reformun Kapsam\u0131 ve Yeni Model Parlamento K\u00fct\u00fcphanesi&#8217;nin analizine g\u00f6re May\u0131s 2025&#8217;te yay\u0131mlanan G\u00f6\u00e7menlik Beyaz Kitab\u0131 ile \u015fekillenen reform mevcut kurallara g\u00f6re yerle\u015fim hakk\u0131 kazanmay\u0131 bekleyen yakla\u015f\u0131k 2,2 milyon ki\u015fiyi etkileyecek. H\u00fck\u00fcmetin modeli ba\u015fvuru sahiplerinin \u0130ngilizce yeterlili\u011fi, gelir d\u00fczeyi, topluma entegrasyon ve g\u00f6\u00e7menlik kurallar\u0131na uyum gibi kriterlere g\u00f6re de\u011ferlendirilmesini \u00f6ng\u00f6r\u00fcyor. \u0130\u00e7i\u015fleri Bakanl\u0131\u011f\u0131 mevcut kurallar alt\u0131nda 2026-2030 aras\u0131nda 1,6 milyon ki\u015finin ILR alaca\u011f\u0131n\u0131 \u00f6ng\u00f6r\u00fcyor ve bu rakam\u0131 s\u00fcrd\u00fcr\u00fclebilir olmayan olarak nitelendiriyor. Kim Nas\u0131l Etkilenecek? Migration Observatory&#8217;nin de\u011ferlendirmesine g\u00f6re y\u00fcksek gelirli profesyoneller \u00fc\u00e7 y\u0131lda yerle\u015fim hakk\u0131 kazanabilecekken orta vas\u0131fl\u0131 i\u015flerde \u00e7al\u0131\u015fanlar 15 y\u0131la kadar bekleyecek. M\u00fclteciler i\u00e7in s\u00fcre 20 y\u0131la, yasad\u0131\u015f\u0131 giri\u015f yapanlar [&hellip;]<\/p>\n","protected":false},"author":11,"featured_media":36807,"comment_status":"open","ping_status":"open","sticky":false,"template":"","format":"standard","meta":{"ngg_post_thumbnail":0,"footnotes":""},"categories":[5269,15],"tags":[],"class_list":["post-37636","post","type-post","status-publish","format-standard","has-post-thumbnail","hentry","category-birlesik-krallik","category-ingiltere"],"_links":{"self":[{"href":"https:\/\/by-tv.co.uk\/en\/wp-json\/wp\/v2\/posts\/37636","targetHints":{"allow":["GET"]}}],"collection":[{"href":"https:\/\/by-tv.co.uk\/en\/wp-json\/wp\/v2\/posts"}],"about":[{"href":"https:\/\/by-tv.co.uk\/en\/wp-json\/wp\/v2\/types\/post"}],"author":[{"embeddable":true,"href":"https:\/\/by-tv.co.uk\/en\/wp-json\/wp\/v2\/users\/11"}],"replies":[{"embeddable":true,"href":"https:\/\/by-tv.co.uk\/en\/wp-json\/wp\/v2\/comments?post=37636"}],"version-history":[{"count":1,"href":"https:\/\/by-tv.co.uk\/en\/wp-json\/wp\/v2\/posts\/37636\/revisions"}],"predecessor-version":[{"id":37637,"href":"https:\/\/by-tv.co.uk\/en\/wp-json\/wp\/v2\/posts\/37636\/revisions\/37637"}],"wp:featuredmedia":[{"embeddable":true,"href":"https:\/\/by-tv.co.uk\/en\/wp-json\/wp\/v2\/media\/36807"}],"wp:attachment":[{"href":"https:\/\/by-tv.co.uk\/en\/wp-json\/wp\/v2\/media?parent=37636"}],"wp:term":[{"taxonomy":"category","embeddable":true,"href":"https:\/\/by-tv.co.uk\/en\/wp-json\/wp\/v2\/categories?post=37636"},{"taxonomy":"post_tag","embeddable":true,"href":"https:\/\/by-tv.co.uk\/en\/wp-json\/wp\/v2\/tags?post=37636"}],"curies":[{"name":"wp","href":"https:\/\/api.w.org\/{rel}","templated":true}]}}