{"id":37558,"date":"2026-03-14T12:38:56","date_gmt":"2026-03-14T12:38:56","guid":{"rendered":"https:\/\/by-tv.co.uk\/?p=37558"},"modified":"2026-03-13T21:48:31","modified_gmt":"2026-03-13T21:48:31","slug":"reevesden-isinma-yakiti-kullananlara-destek","status":"publish","type":"post","link":"https:\/\/by-tv.co.uk\/en\/reevesden-isinma-yakiti-kullananlara-destek\/","title":{"rendered":"Reeves\u2019den Is\u0131nma Yak\u0131t\u0131 Kullananlara Destek"},"content":{"rendered":"<div id=\"model-response-message-contentr_f2715bfae8bd9729\" class=\"markdown markdown-main-panel stronger enable-updated-hr-color\" dir=\"ltr\" aria-live=\"polite\" aria-busy=\"false\">\n<h4 data-path-to-node=\"1\"><b data-path-to-node=\"1\" data-index-in-node=\"0\">Dar Gelirli Ailelere Maddi Yard\u0131m Yolda<\/b><\/h4>\n<p data-path-to-node=\"2\">Birle\u015fik Krall\u0131k Maliye Bakan\u0131 <b data-path-to-node=\"2\" data-index-in-node=\"31\">Rachel Reeves<\/b>, Orta Do\u011fu\u2019daki \u00e7at\u0131\u015fmalar\u0131n ard\u0131ndan fiyatlar\u0131 h\u0131zla y\u00fckselen \u0131s\u0131nma yak\u0131t\u0131 i\u00e7in yeni bir destek program\u0131 ba\u015flat\u0131laca\u011f\u0131n\u0131 duyurdu. H\u00fck\u00fcmet, \u00f6zellikle \u015febeke gaz\u0131na eri\u015fimi olmayan ve k\u0131rsal b\u00f6lgelerde ya\u015fayan dar gelirli vatanda\u015flar\u0131n ma\u011fduriyetini gidermeyi planl\u0131yor.<\/p>\n<p data-path-to-node=\"3\">The Guardian\u2019\u0131n haberine g\u00f6re yard\u0131m paketi, \u00f6n\u00fcm\u00fczdeki hafta resmen a\u00e7\u0131klanacak ve \u0130ngiltere genelindeki yerel belediyeler arac\u0131l\u0131\u011f\u0131yla da\u011f\u0131t\u0131lacak. <b data-path-to-node=\"3\" data-index-in-node=\"150\">Kriz ve Dayan\u0131kl\u0131l\u0131k Fonu<\/b> b\u00fcnyesinde y\u00fcr\u00fct\u00fclecek olan bu program kapsam\u0131nda; \u0130sko\u00e7ya, Galler ve Kuzey \u0130rlanda\u2019daki y\u00f6netimlere de gerekli finansman aktar\u0131lacak. Birle\u015fik Krall\u0131k genelinde yakla\u015f\u0131k <b data-path-to-node=\"3\" data-index-in-node=\"347\">1,7 milyon<\/b> hane \u0131s\u0131nma yak\u0131t\u0131 kullan\u0131yor.<\/p>\n<h4 data-path-to-node=\"4\"><b data-path-to-node=\"4\" data-index-in-node=\"0\">Akaryak\u0131t Fiyatlar\u0131 Kontrolden \u00c7\u0131kt\u0131<\/b><\/h4>\n<p data-path-to-node=\"5\">Is\u0131nma yak\u0131t\u0131 kullanan haneler, enerji tavan fiyat uygulamas\u0131 d\u0131\u015f\u0131nda kald\u0131\u011f\u0131 i\u00e7in piyasadaki sert dalgalanmalarla kar\u015f\u0131 kar\u015f\u0131ya kald\u0131. Orta Do\u011fu&#8217;daki gerilim sonras\u0131 petrol tanklar\u0131n\u0131 doldurma maliyetlerinin baz\u0131 b\u00f6lgelerde <b data-path-to-node=\"5\" data-index-in-node=\"225\">\u00fc\u00e7 kat\u0131na<\/b> \u00e7\u0131kt\u0131\u011f\u0131 bildirildi. \u00d6zellikle Kuzey \u0130rlanda&#8217;da halk\u0131n b\u00fcy\u00fck \u00e7o\u011funlu\u011fu \u0131s\u0131nma ihtiyac\u0131 i\u00e7in bu yak\u0131ta ba\u011f\u0131ml\u0131 durumda.<\/p><div id=\"briti-4026277367\" class=\"briti-icerik\" style=\"margin-top: 5px;margin-bottom: 5px;\"><a href=\"https:\/\/piaryum.com\/services\/\" aria-label=\"piaryum banner\"><img loading=\"lazy\" decoding=\"async\" src=\"https:\/\/by-tv.co.uk\/wp-content\/uploads\/2025\/12\/Gemini_Generated_Image_g5yqr1g5yqr1g5yq.jpg\" alt=\"\"  width=\"2064\" height=\"1152\"   \/><\/a><\/div>\n<p data-path-to-node=\"6\">Maliye Bakan\u0131 <b data-path-to-node=\"6\" data-index-in-node=\"14\">Rachel Reeves<\/b>, finans sekreteri <b data-path-to-node=\"6\" data-index-in-node=\"46\">Spencer Livermore<\/b>&#8216;u sorunu \u00e7\u00f6zmek i\u00e7in milletvekilleriyle koordine olmas\u0131 amac\u0131yla g\u00f6revlendirdi. H\u00fck\u00fcmet, <b data-path-to-node=\"6\" data-index-in-node=\"153\">1 Nisan<\/b>&#8216;da y\u00fcr\u00fcrl\u00fc\u011fe girecek <b data-path-to-node=\"6\" data-index-in-node=\"182\">1 milyar sterlinlik<\/b> fonu, bu t\u00fcr enerji krizlerini hafifletmek i\u00e7in stratejik bir ara\u00e7 olarak kullanmay\u0131 hedefliyor.<\/p>\n<h4 data-path-to-node=\"7\"><b data-path-to-node=\"7\" data-index-in-node=\"0\">Vurgunculu\u011fa Kar\u015f\u0131 Denetim S\u0131k\u0131la\u015f\u0131yor<\/b><\/h4>\n<p data-path-to-node=\"8\">H\u00fck\u00fcmet, bir yandan hane halk\u0131na nakdi yard\u0131m planlarken di\u011fer yandan perakende sekt\u00f6r\u00fcndeki fiyat art\u0131\u015flar\u0131n\u0131 mercek alt\u0131na ald\u0131. Rekabet ve Piyasalar Kurumu (<b data-path-to-node=\"8\" data-index-in-node=\"160\">CMA<\/b>), k\u00fcresel krizi f\u0131rsata \u00e7evirerek fahi\u015f fiyat uygulayan \u015firketlere kar\u015f\u0131 uyar\u0131ld\u0131.<\/p>\n<p data-path-to-node=\"9\">Hazine yetkilileri, \u0131s\u0131nma yak\u0131t\u0131n\u0131n pe\u015fin \u00f6deme zorunlulu\u011fu nedeniyle aile b\u00fct\u00e7elerinde b\u00fcy\u00fck bir gedik a\u00e7t\u0131\u011f\u0131n\u0131 ifade etti. Yeni destek paketiyle birlikte, en savunmas\u0131z hanelerin k\u0131\u015f aylar\u0131n\u0131 daha az mali y\u00fckle ge\u00e7irmesi ama\u00e7lan\u0131yor. Bakanl\u0131k, fiyat \u015feffafl\u0131\u011f\u0131n\u0131 art\u0131rmak i\u00e7in dijital takip sistemlerini de devreye sokacak.<\/p>\n<\/div>\n<div id=\"briti-4250194047\" class=\"briti-icerikten-sonra_2\" style=\"margin-top: 25px;margin-bottom: 25px;\"><a href=\"https:\/\/wa.me\/message\/NDZLLIOQT4H3O1\" aria-label=\"bytv reklam banner\"><img loading=\"lazy\" decoding=\"async\" src=\"https:\/\/by-tv.co.uk\/wp-content\/uploads\/2025\/12\/bytv-reklam-banner.jpg\" alt=\"\"  width=\"2376\" height=\"1008\"   \/><\/a><\/div>","protected":false},"excerpt":{"rendered":"<p>Dar Gelirli Ailelere Maddi Yard\u0131m Yolda Birle\u015fik Krall\u0131k Maliye Bakan\u0131 Rachel Reeves, Orta Do\u011fu\u2019daki \u00e7at\u0131\u015fmalar\u0131n ard\u0131ndan fiyatlar\u0131 h\u0131zla y\u00fckselen \u0131s\u0131nma yak\u0131t\u0131 i\u00e7in yeni bir destek program\u0131 ba\u015flat\u0131laca\u011f\u0131n\u0131 duyurdu. H\u00fck\u00fcmet, \u00f6zellikle \u015febeke gaz\u0131na eri\u015fimi olmayan ve k\u0131rsal b\u00f6lgelerde ya\u015fayan dar gelirli vatanda\u015flar\u0131n ma\u011fduriyetini gidermeyi planl\u0131yor. The Guardian\u2019\u0131n haberine g\u00f6re yard\u0131m paketi, \u00f6n\u00fcm\u00fczdeki hafta resmen a\u00e7\u0131klanacak ve \u0130ngiltere genelindeki yerel belediyeler arac\u0131l\u0131\u011f\u0131yla da\u011f\u0131t\u0131lacak. Kriz ve Dayan\u0131kl\u0131l\u0131k Fonu b\u00fcnyesinde y\u00fcr\u00fct\u00fclecek olan bu program kapsam\u0131nda; \u0130sko\u00e7ya, Galler ve Kuzey \u0130rlanda\u2019daki y\u00f6netimlere de gerekli finansman aktar\u0131lacak. Birle\u015fik Krall\u0131k genelinde yakla\u015f\u0131k 1,7 milyon hane \u0131s\u0131nma yak\u0131t\u0131 kullan\u0131yor. Akaryak\u0131t Fiyatlar\u0131 Kontrolden \u00c7\u0131kt\u0131 Is\u0131nma yak\u0131t\u0131 kullanan haneler, enerji [&hellip;]<\/p>\n","protected":false},"author":11,"featured_media":34533,"comment_status":"open","ping_status":"open","sticky":false,"template":"","format":"standard","meta":{"ngg_post_thumbnail":0,"footnotes":""},"categories":[5269,1272,15],"tags":[],"class_list":["post-37558","post","type-post","status-publish","format-standard","has-post-thumbnail","hentry","category-birlesik-krallik","category-ekonomi","category-ingiltere"],"_links":{"self":[{"href":"https:\/\/by-tv.co.uk\/en\/wp-json\/wp\/v2\/posts\/37558","targetHints":{"allow":["GET"]}}],"collection":[{"href":"https:\/\/by-tv.co.uk\/en\/wp-json\/wp\/v2\/posts"}],"about":[{"href":"https:\/\/by-tv.co.uk\/en\/wp-json\/wp\/v2\/types\/post"}],"author":[{"embeddable":true,"href":"https:\/\/by-tv.co.uk\/en\/wp-json\/wp\/v2\/users\/11"}],"replies":[{"embeddable":true,"href":"https:\/\/by-tv.co.uk\/en\/wp-json\/wp\/v2\/comments?post=37558"}],"version-history":[{"count":1,"href":"https:\/\/by-tv.co.uk\/en\/wp-json\/wp\/v2\/posts\/37558\/revisions"}],"predecessor-version":[{"id":37559,"href":"https:\/\/by-tv.co.uk\/en\/wp-json\/wp\/v2\/posts\/37558\/revisions\/37559"}],"wp:featuredmedia":[{"embeddable":true,"href":"https:\/\/by-tv.co.uk\/en\/wp-json\/wp\/v2\/media\/34533"}],"wp:attachment":[{"href":"https:\/\/by-tv.co.uk\/en\/wp-json\/wp\/v2\/media?parent=37558"}],"wp:term":[{"taxonomy":"category","embeddable":true,"href":"https:\/\/by-tv.co.uk\/en\/wp-json\/wp\/v2\/categories?post=37558"},{"taxonomy":"post_tag","embeddable":true,"href":"https:\/\/by-tv.co.uk\/en\/wp-json\/wp\/v2\/tags?post=37558"}],"curies":[{"name":"wp","href":"https:\/\/api.w.org\/{rel}","templated":true}]}}