{"id":37551,"date":"2026-03-13T19:38:27","date_gmt":"2026-03-13T19:38:27","guid":{"rendered":"https:\/\/by-tv.co.uk\/?p=37551"},"modified":"2026-03-13T21:50:03","modified_gmt":"2026-03-13T21:50:03","slug":"ingiltereden-philomena-yasasina-destek","status":"publish","type":"post","link":"https:\/\/by-tv.co.uk\/en\/ingiltereden-philomena-yasasina-destek\/","title":{"rendered":"\u0130ngiltere\u2019den \u2018Philomena Yasas\u0131\u2019na destek"},"content":{"rendered":"<p>\u0130ngiltere h\u00fck\u00fcmeti, <strong>\u0130rlanda\u2019daki \u201canne ve bebek evleri\u201d skandal\u0131ndan sa\u011f kurtulan ki\u015filerin sosyal yard\u0131mlar\u0131n\u0131 kesme plan\u0131ndan vazge\u00e7ti.<\/strong> Ba\u015fbakan <strong>Keir Starmer<\/strong>, kampanyac\u0131lar\u0131n bask\u0131s\u0131n\u0131n ard\u0131ndan \u201cPhilomena Yasas\u0131\u201d olarak bilinen d\u00fczenlemeye destek verdi.<\/p>\n<p><strong>The Guardian\u2019\u0131n haberine g\u00f6re<\/strong>, s\u00f6z konusu yasa, \u0130rlanda h\u00fck\u00fcmetinin tazminat program\u0131ndan \u00f6deme alan ki\u015filerin \u0130ngiltere\u2019deki sosyal yard\u0131mlar\u0131n\u0131 kaybetmemesini g\u00fcvence alt\u0131na almay\u0131 ama\u00e7l\u0131yor.<\/p>\n<p>Karar, <strong>\u0130ngiltere\u2019de ya\u015fayan yakla\u015f\u0131k 13 bin ma\u011fdurun<\/strong> sosyal yard\u0131mlar\u0131n\u0131 kaybetme riskini ortadan kald\u0131rd\u0131.<\/p><div id=\"briti-3704844737\" class=\"briti-icerik\" style=\"margin-top: 5px;margin-bottom: 5px;\"><a href=\"https:\/\/piaryum.com\/services\/\" aria-label=\"piaryum banner\"><img loading=\"lazy\" decoding=\"async\" src=\"https:\/\/by-tv.co.uk\/wp-content\/uploads\/2025\/12\/Gemini_Generated_Image_g5yqr1g5yqr1g5yq.jpg\" alt=\"\"  width=\"2064\" height=\"1152\"   \/><\/a><\/div>\n<h4>Tazminat alanlar yard\u0131mlar\u0131n\u0131 kaybetmeyecek<\/h4>\n<p>\u0130rlanda h\u00fck\u00fcmeti taraf\u0131ndan y\u00fcr\u00fct\u00fclen tazminat program\u0131 kapsam\u0131nda ma\u011fdurlara <strong>5 bin ile 125 bin avro<\/strong> aras\u0131nda \u00f6deme yap\u0131labiliyor. Ancak bu \u00f6demeler, \u0130ngiltere\u2019de gelir durumuna g\u00f6re verilen <strong>Universal Credit, Pension Credit ve sosyal bak\u0131m destekleri<\/strong> gibi yard\u0131mlar\u0131n kesilmesine yol a\u00e7abilecek \u015fekilde de\u011ferlendiriliyordu.<\/p>\n<p>Bu nedenle baz\u0131 yerel y\u00f6netimler, tazminat alan ki\u015filere g\u00f6nderdikleri mektuplarda <strong>konut yard\u0131m\u0131 gibi desteklerin kesilebilece\u011fini<\/strong> bildirmi\u015fti. Bu durum baz\u0131 ma\u011fdurlar\u0131n tazminat tekliflerini kabul etmekten \u00e7ekinmesine yol a\u00e7t\u0131.<\/p>\n<p>\u0130ngiltere ve \u0130rlanda h\u00fck\u00fcmetleri ortak a\u00e7\u0131klamada ma\u011fdurlar\u0131n ya\u015fad\u0131\u011f\u0131 ac\u0131y\u0131 kabul ederek \u015fu ifadeleri kulland\u0131:<\/p>\n<p>\u201cBu olaylar\u0131n ya\u015fam boyu etkisini g\u00f6z \u00f6n\u00fcnde bulundurarak, \u0130ngiltere bug\u00fcn \u0130rlanda\u2019n\u0131n anne ve bebek evleri tazminat program\u0131 kapsam\u0131nda yap\u0131lan \u00f6demeleri sosyal yard\u0131m hesaplamalar\u0131ndan muaf tutmay\u0131 kabul etmi\u015ftir.\u201d<\/p>\n<h4>Karar \u0130ngiltere\u2013\u0130rlanda zirvesinde al\u0131nd\u0131<\/h4>\n<p>Karar\u0131n, <strong>Ba\u015fbakan Keir Starmer ile \u0130rlanda Ba\u015fbakan\u0131 (Taoiseach) Miche\u00e1l Martin<\/strong> aras\u0131nda yap\u0131lan \u0130ngiltere\u2013\u0130rlanda zirvesinin ard\u0131ndan duyuruldu\u011fu bildirildi.<\/p>\n<p>D\u00fczenleme, parlamentoda <strong>\u0130\u015f\u00e7i Partili milletvekili Liam Conlon<\/strong> taraf\u0131ndan g\u00fcndeme getirilen ve \u201cPhilomena Yasas\u0131\u201d olarak bilinen giri\u015fimin ard\u0131ndan destek kazand\u0131. Kampanyaya oyuncular <strong>Siobh\u00e1n McSweeney<\/strong> ve <strong>Steve Coogan<\/strong> da destek verdi.<\/p>\n<p>Conlon, geli\u015fmeyi memnuniyetle kar\u015f\u0131lad\u0131\u011f\u0131n\u0131 belirterek, konunun yaln\u0131zca tazminat meselesi olmad\u0131\u011f\u0131n\u0131 s\u00f6yledi. Conlon, \u201cBu ayn\u0131 zamanda y\u0131llarca kad\u0131nlar ve \u00e7ocuklar\u0131n\u0131n \u00fczerinde haks\u0131z yere ta\u015f\u0131nan damga ve utan\u00e7la y\u00fczle\u015fmek ve hayatta kalan binlerce ki\u015fiye hak ettikleri sayg\u0131y\u0131 g\u00f6stermekle ilgili\u201d dedi.<\/p>\n<h4>Philomena Lee: \u201cTan\u0131ma ve adalet \u00f6nemli\u201d<\/h4>\n<p>Anne ve bebek evlerinden sa\u011f kurtulan <strong>Philomena Lee<\/strong>, hi\u00e7bir paran\u0131n ya\u015fanan ac\u0131y\u0131 geri getiremeyece\u011fini ancak tan\u0131nma ve hesap verebilirli\u011fin \u00f6nemli oldu\u011funu vurgulad\u0131.<\/p>\n<p>Lee, \u201cHak ettikleri tazminat\u0131 kabul ettikleri i\u00e7in hi\u00e7bir ma\u011fdur cezaland\u0131r\u0131lmamal\u0131\u201d dedi.<\/p>\n<p>Lee\u2019nin, do\u011fumdan sonra o\u011flundan zorla ayr\u0131lmas\u0131 ve y\u0131llar sonra onu arama hik\u00e2yesi, <strong>Steve Coogan ve Judi Dench\u2019in oynad\u0131\u011f\u0131 Oscar adayl\u0131\u011f\u0131 alan \u201cPhilomena\u201d filmine<\/strong> ilham olmu\u015ftu.<\/p>\n<h4>On binlerce kad\u0131n ve \u00e7ocuk etkilendi<\/h4>\n<p>\u0130rlanda\u2019daki anne ve bebek evleri, \u00e7o\u011funlukla <strong>rahibeler taraf\u0131ndan i\u015fletilen kurumlar<\/strong> olarak 1922 ile 1998 y\u0131llar\u0131 aras\u0131nda faaliyet g\u00f6sterdi.<\/p>\n<p>2021\u2019de yay\u0131mlanan resmi soru\u015fturma raporuna g\u00f6re bu kurumlarda <strong>yakla\u015f\u0131k 56 bin kad\u0131n ve 57 bin \u00e7ocuk<\/strong> bulundu. Raporda k\u00f6t\u00fc muamele, ihmal ve y\u00fcksek bebek \u00f6l\u00fcm oranlar\u0131 detayl\u0131 \u015fekilde ortaya kondu.<\/p>\n<p>\u0130rlanda h\u00fck\u00fcmetinin tazminat program\u0131 ise <strong>2024 y\u0131l\u0131nda \u00f6demelere ba\u015flam\u0131\u015ft\u0131.<\/strong> Yeni karar, \u0130ngiltere\u2019de ya\u015fayan ma\u011fdurlar\u0131n da bu \u00f6demelerden <strong>sosyal haklar\u0131n\u0131 kaybetmeden yararlanmas\u0131n\u0131<\/strong> sa\u011flayacak.<\/p>\n<div id=\"briti-2046461704\" class=\"briti-icerikten-sonra_2\" style=\"margin-top: 25px;margin-bottom: 25px;\"><a href=\"https:\/\/wa.me\/message\/NDZLLIOQT4H3O1\" aria-label=\"bytv reklam banner\"><img loading=\"lazy\" decoding=\"async\" src=\"https:\/\/by-tv.co.uk\/wp-content\/uploads\/2025\/12\/bytv-reklam-banner.jpg\" alt=\"\"  width=\"2376\" height=\"1008\"   \/><\/a><\/div>","protected":false},"excerpt":{"rendered":"<p>\u0130ngiltere h\u00fck\u00fcmeti, \u0130rlanda\u2019daki \u201canne ve bebek evleri\u201d skandal\u0131ndan sa\u011f kurtulan ki\u015filerin sosyal yard\u0131mlar\u0131n\u0131 kesme plan\u0131ndan vazge\u00e7ti. Ba\u015fbakan Keir Starmer, kampanyac\u0131lar\u0131n bask\u0131s\u0131n\u0131n ard\u0131ndan \u201cPhilomena Yasas\u0131\u201d olarak bilinen d\u00fczenlemeye destek verdi. The Guardian\u2019\u0131n haberine g\u00f6re, s\u00f6z konusu yasa, \u0130rlanda h\u00fck\u00fcmetinin tazminat program\u0131ndan \u00f6deme alan ki\u015filerin \u0130ngiltere\u2019deki sosyal yard\u0131mlar\u0131n\u0131 kaybetmemesini g\u00fcvence alt\u0131na almay\u0131 ama\u00e7l\u0131yor. Karar, \u0130ngiltere\u2019de ya\u015fayan yakla\u015f\u0131k 13 bin ma\u011fdurun sosyal yard\u0131mlar\u0131n\u0131 kaybetme riskini ortadan kald\u0131rd\u0131. Tazminat alanlar yard\u0131mlar\u0131n\u0131 kaybetmeyecek \u0130rlanda h\u00fck\u00fcmeti taraf\u0131ndan y\u00fcr\u00fct\u00fclen tazminat program\u0131 kapsam\u0131nda ma\u011fdurlara 5 bin ile 125 bin avro aras\u0131nda \u00f6deme yap\u0131labiliyor. Ancak bu \u00f6demeler, \u0130ngiltere\u2019de gelir durumuna g\u00f6re verilen Universal Credit, Pension Credit ve sosyal bak\u0131m [&hellip;]<\/p>\n","protected":false},"author":11,"featured_media":37556,"comment_status":"open","ping_status":"open","sticky":false,"template":"","format":"standard","meta":{"ngg_post_thumbnail":0,"footnotes":""},"categories":[5269,15],"tags":[],"class_list":["post-37551","post","type-post","status-publish","format-standard","has-post-thumbnail","hentry","category-birlesik-krallik","category-ingiltere"],"_links":{"self":[{"href":"https:\/\/by-tv.co.uk\/en\/wp-json\/wp\/v2\/posts\/37551","targetHints":{"allow":["GET"]}}],"collection":[{"href":"https:\/\/by-tv.co.uk\/en\/wp-json\/wp\/v2\/posts"}],"about":[{"href":"https:\/\/by-tv.co.uk\/en\/wp-json\/wp\/v2\/types\/post"}],"author":[{"embeddable":true,"href":"https:\/\/by-tv.co.uk\/en\/wp-json\/wp\/v2\/users\/11"}],"replies":[{"embeddable":true,"href":"https:\/\/by-tv.co.uk\/en\/wp-json\/wp\/v2\/comments?post=37551"}],"version-history":[{"count":1,"href":"https:\/\/by-tv.co.uk\/en\/wp-json\/wp\/v2\/posts\/37551\/revisions"}],"predecessor-version":[{"id":37557,"href":"https:\/\/by-tv.co.uk\/en\/wp-json\/wp\/v2\/posts\/37551\/revisions\/37557"}],"wp:featuredmedia":[{"embeddable":true,"href":"https:\/\/by-tv.co.uk\/en\/wp-json\/wp\/v2\/media\/37556"}],"wp:attachment":[{"href":"https:\/\/by-tv.co.uk\/en\/wp-json\/wp\/v2\/media?parent=37551"}],"wp:term":[{"taxonomy":"category","embeddable":true,"href":"https:\/\/by-tv.co.uk\/en\/wp-json\/wp\/v2\/categories?post=37551"},{"taxonomy":"post_tag","embeddable":true,"href":"https:\/\/by-tv.co.uk\/en\/wp-json\/wp\/v2\/tags?post=37551"}],"curies":[{"name":"wp","href":"https:\/\/api.w.org\/{rel}","templated":true}]}}