{"id":37548,"date":"2026-03-13T18:58:13","date_gmt":"2026-03-13T18:58:13","guid":{"rendered":"https:\/\/by-tv.co.uk\/?p=37548"},"modified":"2026-03-13T15:50:42","modified_gmt":"2026-03-13T15:50:42","slug":"londra-yuksek-mahkemesinde-akilli-gozluk-skandali","status":"publish","type":"post","link":"https:\/\/by-tv.co.uk\/en\/londra-yuksek-mahkemesinde-akilli-gozluk-skandali\/","title":{"rendered":"Londra Y\u00fcksek Mahkemesi&#8217;nde Ak\u0131ll\u0131 G\u00f6zl\u00fck Skandal\u0131"},"content":{"rendered":"<div id=\"model-response-message-contentr_bf0ecb55460e771e\" class=\"markdown markdown-main-panel stronger enable-updated-hr-color\" dir=\"ltr\" aria-live=\"polite\" aria-busy=\"false\">\n<h4 data-path-to-node=\"1\"><b data-path-to-node=\"1\" data-index-in-node=\"0\">Mahkemede Teknolojiyle Yan\u0131ltma Giri\u015fimi<\/b><\/h4>\n<p data-path-to-node=\"2\">Londra&#8217;daki <b data-path-to-node=\"2\" data-index-in-node=\"12\">Y\u00fcksek Mahkeme<\/b>&#8216;de g\u00f6r\u00fclen bir davada, davac\u0131 <b data-path-to-node=\"2\" data-index-in-node=\"57\">Laimonas Jak\u0161tys<\/b>&#8216;in ifade verdi\u011fi s\u0131rada <b data-path-to-node=\"2\" data-index-in-node=\"98\">ak\u0131ll\u0131 g\u00f6zl\u00fck<\/b> arac\u0131l\u0131\u011f\u0131yla d\u0131\u015far\u0131dan y\u00f6nlendirildi\u011fi tespit edildi. Duru\u015fma s\u0131ras\u0131nda Jak\u0161tys&#8217;in sorulara yan\u0131t vermeden \u00f6nce ola\u011fand\u0131\u015f\u0131 duraksamalar yapmas\u0131 mahkeme heyetinin dikkatini \u00e7ekti.<\/p>\n<p data-path-to-node=\"3\"><b data-path-to-node=\"3\" data-index-in-node=\"0\">The Guardian<\/b>\u2019\u0131n haberine g\u00f6re, savunma avukat\u0131 <b data-path-to-node=\"3\" data-index-in-node=\"47\">Sarah Walker<\/b>, m\u00fcvekkilinin ifadesi s\u0131ras\u0131nda bir parazit sesi duydu\u011funu belirterek yarg\u0131\u00e7tan m\u00fcdahale talep etti. \u0130flas yarg\u0131c\u0131 <b data-path-to-node=\"3\" data-index-in-node=\"175\">Raquel Agnello KC<\/b>, Jak\u0161tys&#8217;ten g\u00f6zl\u00fcklerini \u00e7\u0131karmas\u0131n\u0131 istedi. G\u00f6zl\u00fckler \u00e7\u0131kt\u0131ktan k\u0131sa bir s\u00fcre sonra Jak\u0161tys&#8217;in ceketindeki cep telefonundan birinin konu\u015fma sesi duyulmaya ba\u015fland\u0131.<\/p>\n<h4 data-path-to-node=\"4\"><b data-path-to-node=\"4\" data-index-in-node=\"0\">ChatGPT Bahanesi \u0130nand\u0131r\u0131c\u0131 Bulunmad\u0131<\/b><\/h4>\n<p data-path-to-node=\"5\">Olay\u0131n ard\u0131ndan sorgulanan <b data-path-to-node=\"5\" data-index-in-node=\"27\">Laimonas Jak\u0161tys<\/b>, telefonundan gelen sesin <b data-path-to-node=\"5\" data-index-in-node=\"70\">ChatGPT<\/b> uygulamas\u0131ndan kaynakland\u0131\u011f\u0131n\u0131 iddia etti. Ancak <b data-path-to-node=\"5\" data-index-in-node=\"127\">Yarg\u0131\u00e7 Agnello<\/b>, bu savunmay\u0131 inand\u0131r\u0131c\u0131l\u0131ktan uzak bularak reddetti. Kararda, ak\u0131ll\u0131 g\u00f6zl\u00fcklerin duru\u015fma s\u0131ras\u0131nda telefona ba\u011fl\u0131 oldu\u011fu ve g\u00f6zl\u00fckler \u00e7\u0131kar\u0131lana kadar sesin d\u0131\u015far\u0131 verilmedi\u011fi sonucuna var\u0131ld\u0131.<\/p><div id=\"briti-1603635483\" class=\"briti-icerik\" style=\"margin-top: 5px;margin-bottom: 5px;\"><a href=\"https:\/\/piaryum.com\/services\/\" aria-label=\"piaryum banner\"><img loading=\"lazy\" decoding=\"async\" src=\"https:\/\/by-tv.co.uk\/wp-content\/uploads\/2025\/12\/Gemini_Generated_Image_g5yqr1g5yqr1g5yq.jpg\" alt=\"\"  width=\"2064\" height=\"1152\"   \/><\/a><\/div>\n<p data-path-to-node=\"6\">Yarg\u0131\u00e7, davac\u0131n\u0131n ak\u0131ll\u0131 g\u00f6zl\u00fck kullan\u0131m\u0131n\u0131 reddederek yalan s\u00f6yledi\u011fine ve tan\u0131k ifadelerinin ba\u015fkalar\u0131 taraf\u0131ndan haz\u0131rland\u0131\u011f\u0131na h\u00fckmetti. Jak\u0161tys&#8217;in sundu\u011fu t\u00fcm kan\u0131tlar <b data-path-to-node=\"6\" data-index-in-node=\"173\">&#8220;g\u00fcvenilmez ve ger\u00e7ek d\u0131\u015f\u0131&#8221;<\/b> kabul edilerek dava reddedildi.<\/p>\n<h4 data-path-to-node=\"7\"><b data-path-to-node=\"7\" data-index-in-node=\"0\">Hukuk D\u00fcnyas\u0131nda Yeni Bir Tehdit<\/b><\/h4>\n<p data-path-to-node=\"8\">Savunma avukat\u0131 <b data-path-to-node=\"8\" data-index-in-node=\"16\">Sarah Walker<\/b>, bu durumun meslek hayat\u0131nda bir ilk oldu\u011funu belirtti. Walker, teknolojik geli\u015fmelerle birlikte hukuk\u00e7ular\u0131n \u00f6n\u00fcm\u00fczdeki y\u0131llarda bu t\u00fcr yan\u0131ltma giri\u015fimleriyle \u00e7ok daha s\u0131k kar\u015f\u0131la\u015fabilece\u011fi uyar\u0131s\u0131nda bulundu.<\/p>\n<p data-path-to-node=\"9\">\u0130fadenin d\u0131\u015far\u0131dan kim taraf\u0131ndan y\u00f6nlendirildi\u011fi netle\u015fmese de, duru\u015fmay\u0131 video ba\u011flant\u0131s\u0131yla izleyen tek ki\u015fi olan bir Litvanyal\u0131 avukat\u0131n ba\u011flant\u0131s\u0131 yarg\u0131\u00e7 talimat\u0131yla sonland\u0131r\u0131ld\u0131. Mahkeme, Jak\u0161tys ve \u015firketi <b data-path-to-node=\"9\" data-index-in-node=\"214\">UAB Business Enterprise<\/b> taraf\u0131ndan a\u00e7\u0131lan davada daval\u0131 taraf\u0131 hakl\u0131 buldu.<\/p>\n<\/div>\n<div id=\"briti-4177112682\" class=\"briti-icerikten-sonra_2\" style=\"margin-top: 25px;margin-bottom: 25px;\"><a href=\"https:\/\/wa.me\/message\/NDZLLIOQT4H3O1\" aria-label=\"bytv reklam banner\"><img loading=\"lazy\" decoding=\"async\" src=\"https:\/\/by-tv.co.uk\/wp-content\/uploads\/2025\/12\/bytv-reklam-banner.jpg\" alt=\"\"  width=\"2376\" height=\"1008\"   \/><\/a><\/div>","protected":false},"excerpt":{"rendered":"<p>Mahkemede Teknolojiyle Yan\u0131ltma Giri\u015fimi Londra&#8217;daki Y\u00fcksek Mahkeme&#8216;de g\u00f6r\u00fclen bir davada, davac\u0131 Laimonas Jak\u0161tys&#8216;in ifade verdi\u011fi s\u0131rada ak\u0131ll\u0131 g\u00f6zl\u00fck arac\u0131l\u0131\u011f\u0131yla d\u0131\u015far\u0131dan y\u00f6nlendirildi\u011fi tespit edildi. Duru\u015fma s\u0131ras\u0131nda Jak\u0161tys&#8217;in sorulara yan\u0131t vermeden \u00f6nce ola\u011fand\u0131\u015f\u0131 duraksamalar yapmas\u0131 mahkeme heyetinin dikkatini \u00e7ekti. The Guardian\u2019\u0131n haberine g\u00f6re, savunma avukat\u0131 Sarah Walker, m\u00fcvekkilinin ifadesi s\u0131ras\u0131nda bir parazit sesi duydu\u011funu belirterek yarg\u0131\u00e7tan m\u00fcdahale talep etti. \u0130flas yarg\u0131c\u0131 Raquel Agnello KC, Jak\u0161tys&#8217;ten g\u00f6zl\u00fcklerini \u00e7\u0131karmas\u0131n\u0131 istedi. G\u00f6zl\u00fckler \u00e7\u0131kt\u0131ktan k\u0131sa bir s\u00fcre sonra Jak\u0161tys&#8217;in ceketindeki cep telefonundan birinin konu\u015fma sesi duyulmaya ba\u015fland\u0131. ChatGPT Bahanesi \u0130nand\u0131r\u0131c\u0131 Bulunmad\u0131 Olay\u0131n ard\u0131ndan sorgulanan Laimonas Jak\u0161tys, telefonundan gelen sesin ChatGPT uygulamas\u0131ndan kaynakland\u0131\u011f\u0131n\u0131 iddia etti. Ancak Yarg\u0131\u00e7 [&hellip;]<\/p>\n","protected":false},"author":11,"featured_media":36367,"comment_status":"open","ping_status":"open","sticky":false,"template":"","format":"standard","meta":{"ngg_post_thumbnail":0,"footnotes":""},"categories":[5269,15],"tags":[],"class_list":["post-37548","post","type-post","status-publish","format-standard","has-post-thumbnail","hentry","category-birlesik-krallik","category-ingiltere"],"_links":{"self":[{"href":"https:\/\/by-tv.co.uk\/en\/wp-json\/wp\/v2\/posts\/37548","targetHints":{"allow":["GET"]}}],"collection":[{"href":"https:\/\/by-tv.co.uk\/en\/wp-json\/wp\/v2\/posts"}],"about":[{"href":"https:\/\/by-tv.co.uk\/en\/wp-json\/wp\/v2\/types\/post"}],"author":[{"embeddable":true,"href":"https:\/\/by-tv.co.uk\/en\/wp-json\/wp\/v2\/users\/11"}],"replies":[{"embeddable":true,"href":"https:\/\/by-tv.co.uk\/en\/wp-json\/wp\/v2\/comments?post=37548"}],"version-history":[{"count":1,"href":"https:\/\/by-tv.co.uk\/en\/wp-json\/wp\/v2\/posts\/37548\/revisions"}],"predecessor-version":[{"id":37549,"href":"https:\/\/by-tv.co.uk\/en\/wp-json\/wp\/v2\/posts\/37548\/revisions\/37549"}],"wp:featuredmedia":[{"embeddable":true,"href":"https:\/\/by-tv.co.uk\/en\/wp-json\/wp\/v2\/media\/36367"}],"wp:attachment":[{"href":"https:\/\/by-tv.co.uk\/en\/wp-json\/wp\/v2\/media?parent=37548"}],"wp:term":[{"taxonomy":"category","embeddable":true,"href":"https:\/\/by-tv.co.uk\/en\/wp-json\/wp\/v2\/categories?post=37548"},{"taxonomy":"post_tag","embeddable":true,"href":"https:\/\/by-tv.co.uk\/en\/wp-json\/wp\/v2\/tags?post=37548"}],"curies":[{"name":"wp","href":"https:\/\/api.w.org\/{rel}","templated":true}]}}