{"id":37545,"date":"2026-03-13T18:28:10","date_gmt":"2026-03-13T18:28:10","guid":{"rendered":"https:\/\/by-tv.co.uk\/?p=37545"},"modified":"2026-03-13T15:46:44","modified_gmt":"2026-03-13T15:46:44","slug":"glasgow-central-istasyonu-yanindaki-bina-yikiliyor","status":"publish","type":"post","link":"https:\/\/by-tv.co.uk\/en\/glasgow-central-istasyonu-yanindaki-bina-yikiliyor\/","title":{"rendered":"Glasgow Central \u0130stasyonu Yan\u0131ndaki Bina Y\u0131k\u0131l\u0131yor"},"content":{"rendered":"<div id=\"model-response-message-contentr_c5614c7a721ad439\" class=\"markdown markdown-main-panel stronger enable-updated-hr-color\" dir=\"ltr\" aria-live=\"polite\" aria-busy=\"false\">\n<h4 data-path-to-node=\"1\"><b data-path-to-node=\"1\" data-index-in-node=\"0\">Tarihi Union Corner binas\u0131nda y\u0131k\u0131m s\u00fcreci<\/b><\/h4>\n<p data-path-to-node=\"2\">Glasgow Central \u0130stasyonu&#8217;nun biti\u015fi\u011finde bulunan tescilli Victoria d\u00f6nemi binas\u0131 <b data-path-to-node=\"2\" data-index-in-node=\"113\">Union Corner<\/b>, yang\u0131n sonras\u0131 kullan\u0131lamaz hale geldi. <b data-path-to-node=\"2\" data-index-in-node=\"0\">BBC Scotland<\/b>\u2019\u0131n haberine g\u00f6re, <b data-path-to-node=\"2\" data-index-in-node=\"167\">Glasgow \u015eehir Konseyi<\/b>&nbsp;binan\u0131n statik yap\u0131s\u0131n\u0131n &#8220;\u00f6l\u00fcmc\u00fcl \u015fekilde bozuldu\u011funu&#8221; ve &#8220;son derece tehlikeli&#8221; oldu\u011funu a\u00e7\u0131klad\u0131. Cuma sabah\u0131 ba\u015flayan \u00e7al\u0131\u015fmalarda ekipler, ilk olarak havada as\u0131l\u0131 kalan baca y\u0131\u011f\u0131n\u0131n\u0131 s\u00f6kmeye odakland\u0131.<\/p>\n<p data-path-to-node=\"3\"><b data-path-to-node=\"3\" data-index-in-node=\"0\">Glasgow \u015eehir Konseyi<\/b> bina standartlar\u0131 ekibinden <b data-path-to-node=\"3\" data-index-in-node=\"50\">Raymond Barlow<\/b>, y\u0131k\u0131m s\u00fcrecinin haftalarca s\u00fcrebilece\u011fini belirtti. Barlow, \u00f6ncelikle en tehlikeli k\u0131s\u0131mlar\u0131n temizlenece\u011fini, bu sayede istasyona eri\u015fimin g\u00fcvenli hale getirilerek ana giri\u015fin tekrar hizmete a\u00e7\u0131lmas\u0131n\u0131n hedeflendi\u011fini vurgulad\u0131.<\/p>\n<h4 data-path-to-node=\"4\"><b data-path-to-node=\"4\" data-index-in-node=\"0\">Vape d\u00fckkan\u0131ndaki vergi borcu detay\u0131<\/b><\/h4>\n<p data-path-to-node=\"5\">Yang\u0131n\u0131n ba\u015flad\u0131\u011f\u0131 elektronik sigara (vape) d\u00fckkan\u0131n\u0131n kirac\u0131s\u0131 olan <b data-path-to-node=\"5\" data-index-in-node=\"69\">Junaid Retail Limited<\/b> \u015firketinin, belediyeye olan i\u015fletme vergilerini \u00f6demedi\u011fi ortaya \u00e7\u0131kt\u0131. <b data-path-to-node=\"5\" data-index-in-node=\"163\">A\u011fustos 2024<\/b>&#8216;ten bu yana kay\u0131tl\u0131 kirac\u0131 olan \u015firketin, bor\u00e7lar\u0131 nedeniyle bir icra servisi taraf\u0131ndan takip edildi\u011fi \u00f6\u011frenildi. M\u00fclk sahibi <b data-path-to-node=\"5\" data-index-in-node=\"303\">Afton Estates Limited<\/b>, kirac\u0131lar\u0131n binadan ayr\u0131ld\u0131\u011f\u0131na dair iddialar\u0131 yalanlayarak d\u00fckkan\u0131n hala i\u015fletildi\u011fini teyit etti.<\/p><div id=\"briti-3102347140\" class=\"briti-icerik\" style=\"margin-top: 5px;margin-bottom: 5px;\"><a href=\"https:\/\/piaryum.com\/services\/\" aria-label=\"piaryum banner\"><img loading=\"lazy\" decoding=\"async\" src=\"https:\/\/by-tv.co.uk\/wp-content\/uploads\/2025\/12\/Gemini_Generated_Image_g5yqr1g5yqr1g5yq.jpg\" alt=\"\"  width=\"2064\" height=\"1152\"   \/><\/a><\/div>\n<p data-path-to-node=\"6\">\u0130sko\u00e7ya Ba\u015fbakan\u0131 <b data-path-to-node=\"6\" data-index-in-node=\"18\">John Swinney<\/b>, yang\u0131ndan etkilenen yerel i\u015fletmelere y\u00f6nelik finansal destek planlar\u0131n\u0131n yak\u0131nda a\u00e7\u0131klanaca\u011f\u0131n\u0131 duyurdu. Swinney ayr\u0131ca, elektronik sigara d\u00fckkanlar\u0131na y\u00f6nelik daha s\u0131k\u0131 d\u00fczenlemelerin g\u00fcndemde oldu\u011funu belirtti.<\/p>\n<h4 data-path-to-node=\"7\"><b data-path-to-node=\"7\" data-index-in-node=\"0\">\u0130stasyonun gelece\u011fi ve kamula\u015ft\u0131rma se\u00e7ene\u011fi<\/b><\/h4>\n<p data-path-to-node=\"8\">Yang\u0131n nedeniyle kapat\u0131lan <b data-path-to-node=\"8\" data-index-in-node=\"27\">Glasgow Central \u0130stasyonu<\/b>&#8216;nda baz\u0131 seferler yeniden ba\u015flasa da ana giri\u015f hala kapal\u0131 tutuluyor. Konsey lideri <b data-path-to-node=\"8\" data-index-in-node=\"137\">Susan Aitken<\/b>, m\u00fclk\u00fcn \u00e7ok say\u0131da sahibi oldu\u011funu ve yenileme s\u00fcrecinin t\u0131kanmamas\u0131 i\u00e7in &#8220;zorunlu sat\u0131n alma emri&#8221; (<b data-path-to-node=\"8\" data-index-in-node=\"251\">CPO<\/b>) se\u00e7ene\u011finin de\u011ferlendirilebilece\u011fini s\u00f6yledi.<\/p>\n<p data-path-to-node=\"9\">Alan temizlendikten sonra b\u00f6lgenin nas\u0131l de\u011ferlendirilece\u011fi hen\u00fcz netlik kazanmad\u0131. <b data-path-to-node=\"9\" data-index-in-node=\"84\">Aitken<\/b>, b\u00f6lgeye be\u015f y\u0131ld\u0131zl\u0131 bir otel yap\u0131lmas\u0131n\u0131n cazip bir se\u00e7enek oldu\u011funu ifade etse de konsey hen\u00fcz kesinle\u015fmi\u015f bir plan olmad\u0131\u011f\u0131n\u0131 a\u00e7\u0131klad\u0131.<\/p>\n<\/div>\n<div id=\"briti-3903245624\" class=\"briti-icerikten-sonra_2\" style=\"margin-top: 25px;margin-bottom: 25px;\"><a href=\"https:\/\/wa.me\/message\/NDZLLIOQT4H3O1\" aria-label=\"bytv reklam banner\"><img loading=\"lazy\" decoding=\"async\" src=\"https:\/\/by-tv.co.uk\/wp-content\/uploads\/2025\/12\/bytv-reklam-banner.jpg\" alt=\"\"  width=\"2376\" height=\"1008\"   \/><\/a><\/div>","protected":false},"excerpt":{"rendered":"<p>Tarihi Union Corner binas\u0131nda y\u0131k\u0131m s\u00fcreci Glasgow Central \u0130stasyonu&#8217;nun biti\u015fi\u011finde bulunan tescilli Victoria d\u00f6nemi binas\u0131 Union Corner, yang\u0131n sonras\u0131 kullan\u0131lamaz hale geldi. BBC Scotland\u2019\u0131n haberine g\u00f6re, Glasgow \u015eehir Konseyi&nbsp;binan\u0131n statik yap\u0131s\u0131n\u0131n &#8220;\u00f6l\u00fcmc\u00fcl \u015fekilde bozuldu\u011funu&#8221; ve &#8220;son derece tehlikeli&#8221; oldu\u011funu a\u00e7\u0131klad\u0131. Cuma sabah\u0131 ba\u015flayan \u00e7al\u0131\u015fmalarda ekipler, ilk olarak havada as\u0131l\u0131 kalan baca y\u0131\u011f\u0131n\u0131n\u0131 s\u00f6kmeye odakland\u0131. Glasgow \u015eehir Konseyi bina standartlar\u0131 ekibinden Raymond Barlow, y\u0131k\u0131m s\u00fcrecinin haftalarca s\u00fcrebilece\u011fini belirtti. Barlow, \u00f6ncelikle en tehlikeli k\u0131s\u0131mlar\u0131n temizlenece\u011fini, bu sayede istasyona eri\u015fimin g\u00fcvenli hale getirilerek ana giri\u015fin tekrar hizmete a\u00e7\u0131lmas\u0131n\u0131n hedeflendi\u011fini vurgulad\u0131. Vape d\u00fckkan\u0131ndaki vergi borcu detay\u0131 Yang\u0131n\u0131n ba\u015flad\u0131\u011f\u0131 elektronik sigara (vape) d\u00fckkan\u0131n\u0131n kirac\u0131s\u0131 olan [&hellip;]<\/p>\n","protected":false},"author":11,"featured_media":37281,"comment_status":"open","ping_status":"open","sticky":false,"template":"","format":"standard","meta":{"ngg_post_thumbnail":0,"footnotes":""},"categories":[5269],"tags":[],"class_list":["post-37545","post","type-post","status-publish","format-standard","has-post-thumbnail","hentry","category-birlesik-krallik"],"_links":{"self":[{"href":"https:\/\/by-tv.co.uk\/en\/wp-json\/wp\/v2\/posts\/37545","targetHints":{"allow":["GET"]}}],"collection":[{"href":"https:\/\/by-tv.co.uk\/en\/wp-json\/wp\/v2\/posts"}],"about":[{"href":"https:\/\/by-tv.co.uk\/en\/wp-json\/wp\/v2\/types\/post"}],"author":[{"embeddable":true,"href":"https:\/\/by-tv.co.uk\/en\/wp-json\/wp\/v2\/users\/11"}],"replies":[{"embeddable":true,"href":"https:\/\/by-tv.co.uk\/en\/wp-json\/wp\/v2\/comments?post=37545"}],"version-history":[{"count":2,"href":"https:\/\/by-tv.co.uk\/en\/wp-json\/wp\/v2\/posts\/37545\/revisions"}],"predecessor-version":[{"id":37547,"href":"https:\/\/by-tv.co.uk\/en\/wp-json\/wp\/v2\/posts\/37545\/revisions\/37547"}],"wp:featuredmedia":[{"embeddable":true,"href":"https:\/\/by-tv.co.uk\/en\/wp-json\/wp\/v2\/media\/37281"}],"wp:attachment":[{"href":"https:\/\/by-tv.co.uk\/en\/wp-json\/wp\/v2\/media?parent=37545"}],"wp:term":[{"taxonomy":"category","embeddable":true,"href":"https:\/\/by-tv.co.uk\/en\/wp-json\/wp\/v2\/categories?post=37545"},{"taxonomy":"post_tag","embeddable":true,"href":"https:\/\/by-tv.co.uk\/en\/wp-json\/wp\/v2\/tags?post=37545"}],"curies":[{"name":"wp","href":"https:\/\/api.w.org\/{rel}","templated":true}]}}