{"id":37503,"date":"2026-03-13T09:18:02","date_gmt":"2026-03-13T09:18:02","guid":{"rendered":"https:\/\/by-tv.co.uk\/?p=37503"},"modified":"2026-03-13T09:25:28","modified_gmt":"2026-03-13T09:25:28","slug":"miliband-enerji-sirketlerinin-firsatciligina-gecit-yok","status":"publish","type":"post","link":"https:\/\/by-tv.co.uk\/en\/miliband-enerji-sirketlerinin-firsatciligina-gecit-yok\/","title":{"rendered":"Miliband: Enerji \u015eirketlerinin F\u0131rsat\u00e7\u0131l\u0131\u011f\u0131na Ge\u00e7it Yok"},"content":{"rendered":"<div id=\"model-response-message-contentr_969e79ebde75e8ea\" class=\"markdown markdown-main-panel enable-updated-hr-color\" dir=\"ltr\" aria-live=\"polite\" aria-busy=\"false\">\n<h4 data-path-to-node=\"1\"><b data-path-to-node=\"1\" data-index-in-node=\"0\">Fahi\u015f fiyat art\u0131\u015flar\u0131na kar\u015f\u0131 denetim<\/b><\/h4>\n<p data-path-to-node=\"2\">Birle\u015fik Krall\u0131k Enerji G\u00fcvenli\u011fi ve Net S\u0131f\u0131r Bakan\u0131 <b data-path-to-node=\"2\" data-index-in-node=\"54\">Ed Miliband<\/b>, enerji \u015firketlerinin y\u00fckselen petrol fiyatlar\u0131n\u0131 f\u0131rsat bilerek haks\u0131z kazan\u00e7 sa\u011flamas\u0131na m\u00fcsamaha g\u00f6stermeyeceklerini belirtti.<\/p>\n<p data-path-to-node=\"3\"><b data-path-to-node=\"3\" data-index-in-node=\"0\">BBC<\/b>&#8216;nin haberine g\u00f6re <b data-path-to-node=\"3\" data-index-in-node=\"22\">Miliband<\/b>, akaryak\u0131t istasyonlar\u0131ndaki &#8220;soyguna&#8221; dur demek i\u00e7in rekabet kurumunun her an m\u00fcdahaleye haz\u0131r oldu\u011funu ifade etti. Orta Do\u011fu&#8217;daki \u00e7at\u0131\u015fmalar nedeniyle f\u0131rlayan petrol fiyatlar\u0131n\u0131n hane halk\u0131 faturalar\u0131na yans\u0131mas\u0131, \u00f6zellikle \u0131s\u0131nma yak\u0131t\u0131 kullanan evlerde b\u00fcy\u00fck bir endi\u015fe yaratm\u0131\u015f durumda.<\/p>\n<h4 data-path-to-node=\"4\"><b data-path-to-node=\"4\" data-index-in-node=\"0\">Net s\u0131f\u0131r stratejisi ve enerji g\u00fcvenli\u011fi<\/b><\/h4>\n<p data-path-to-node=\"5\">Bakan <b data-path-to-node=\"5\" data-index-in-node=\"6\">Miliband<\/b>, enerji krizine \u00e7\u00f6z\u00fcm olarak sunulan Kuzey Denizi&#8217;nde yeni petrol arama faaliyetlerine kar\u015f\u0131 \u00e7\u0131kt\u0131. Birle\u015fik Krall\u0131k&#8217;\u0131n &#8220;fosil yak\u0131t h\u0131z treninden&#8221; inmesi gerekti\u011fini savunan <b data-path-to-node=\"5\" data-index-in-node=\"190\">Miliband<\/b>, \u00e7\u00f6z\u00fcm\u00fcn yerli ve temiz enerji kaynaklar\u0131nda oldu\u011funu vurgulad\u0131.<\/p><div id=\"briti-966506476\" class=\"briti-icerik\" style=\"margin-top: 5px;margin-bottom: 5px;\"><a href=\"https:\/\/piaryum.com\/services\/\" aria-label=\"piaryum banner\"><img loading=\"lazy\" decoding=\"async\" src=\"https:\/\/by-tv.co.uk\/wp-content\/uploads\/2025\/12\/Gemini_Generated_Image_g5yqr1g5yqr1g5yq.jpg\" alt=\"\"  width=\"2064\" height=\"1152\"   \/><\/a><\/div>\n<p data-path-to-node=\"6\">Yeni arama lisanslar\u0131n\u0131n faturalarda <b data-path-to-node=\"6\" data-index-in-node=\"37\">tek bir kuru\u015f<\/b> bile indirim sa\u011flamayaca\u011f\u0131n\u0131 savunan Bakan, h\u00fck\u00fcmetin mevcut sahalarda \u00fcretime devam edece\u011fini ancak yeni ruhsat vermeyece\u011fini yineledi. Ayr\u0131ca n\u00fckleer santral in\u015fas\u0131n\u0131 h\u0131zland\u0131racak yeni bir s\u00fcreci de bug\u00fcn itibar\u0131yla ba\u015flat\u0131yor.<\/p>\n<h4 data-path-to-node=\"7\"><b data-path-to-node=\"7\" data-index-in-node=\"0\">Akaryak\u0131t perakendecileriyle kritik bulu\u015fma<\/b><\/h4>\n<p data-path-to-node=\"8\">Maliye Bakan\u0131 <b data-path-to-node=\"8\" data-index-in-node=\"14\">Rachel Reeves<\/b> ve <b data-path-to-node=\"8\" data-index-in-node=\"31\">Ed Miliband<\/b>, piyasadaki fiyat istikrars\u0131zl\u0131\u011f\u0131n\u0131 g\u00f6r\u00fc\u015fmek \u00fczere akaryak\u0131t perakendecileriyle bir araya gelecek. Rekabet ve Piyasalar Kurumu&#8217;nun (<b data-path-to-node=\"8\" data-index-in-node=\"175\">CMA<\/b>) haks\u0131z fiyat art\u0131\u015flar\u0131 konusunda &#8220;y\u00fcksek alarm&#8221; seviyesinde oldu\u011fu ve firmalara a\u011f\u0131r para cezalar\u0131 uygulama yetkisinin bulundu\u011fu hat\u0131rlat\u0131ld\u0131.<\/p>\n<p data-path-to-node=\"9\">G\u00f6lge Ula\u015ft\u0131rma Bakan\u0131 <b data-path-to-node=\"9\" data-index-in-node=\"23\">Richard Holden<\/b> ise h\u00fck\u00fcmeti hayat pahal\u0131l\u0131\u011f\u0131 kar\u015f\u0131s\u0131nda yetersiz kalmakla su\u00e7lad\u0131. Yak\u0131t vergisindeki dondurma karar\u0131n\u0131n uzat\u0131lmas\u0131 g\u00fcndemdeyken, muhalefet <b data-path-to-node=\"9\" data-index-in-node=\"179\">5 penilik<\/b> vergi art\u0131\u015f\u0131n\u0131n \u00e7al\u0131\u015fan kesimi ve k\u00fc\u00e7\u00fck i\u015fletmeleri ciddi \u015fekilde sarsaca\u011f\u0131 konusunda uyar\u0131da bulundu.<\/p>\n<p data-path-to-node=\"10\">Buna ek olarak, Cuma g\u00fcn\u00fc a\u00e7\u0131klanan resmi veriler Birle\u015fik Krall\u0131k ekonomisinin <b data-path-to-node=\"10\" data-index-in-node=\"80\">Ocak<\/b> ay\u0131nda beklenmedik \u015fekilde b\u00fcy\u00fcme kaydedemedi\u011fini ortaya koydu.<\/p>\n<\/div>\n<div id=\"briti-1684106816\" class=\"briti-icerikten-sonra_2\" style=\"margin-top: 25px;margin-bottom: 25px;\"><a href=\"https:\/\/wa.me\/message\/NDZLLIOQT4H3O1\" aria-label=\"bytv reklam banner\"><img loading=\"lazy\" decoding=\"async\" src=\"https:\/\/by-tv.co.uk\/wp-content\/uploads\/2025\/12\/bytv-reklam-banner.jpg\" alt=\"\"  width=\"2376\" height=\"1008\"   \/><\/a><\/div>","protected":false},"excerpt":{"rendered":"<p>Fahi\u015f fiyat art\u0131\u015flar\u0131na kar\u015f\u0131 denetim Birle\u015fik Krall\u0131k Enerji G\u00fcvenli\u011fi ve Net S\u0131f\u0131r Bakan\u0131 Ed Miliband, enerji \u015firketlerinin y\u00fckselen petrol fiyatlar\u0131n\u0131 f\u0131rsat bilerek haks\u0131z kazan\u00e7 sa\u011flamas\u0131na m\u00fcsamaha g\u00f6stermeyeceklerini belirtti. BBC&#8216;nin haberine g\u00f6re Miliband, akaryak\u0131t istasyonlar\u0131ndaki &#8220;soyguna&#8221; dur demek i\u00e7in rekabet kurumunun her an m\u00fcdahaleye haz\u0131r oldu\u011funu ifade etti. Orta Do\u011fu&#8217;daki \u00e7at\u0131\u015fmalar nedeniyle f\u0131rlayan petrol fiyatlar\u0131n\u0131n hane halk\u0131 faturalar\u0131na yans\u0131mas\u0131, \u00f6zellikle \u0131s\u0131nma yak\u0131t\u0131 kullanan evlerde b\u00fcy\u00fck bir endi\u015fe yaratm\u0131\u015f durumda. Net s\u0131f\u0131r stratejisi ve enerji g\u00fcvenli\u011fi Bakan Miliband, enerji krizine \u00e7\u00f6z\u00fcm olarak sunulan Kuzey Denizi&#8217;nde yeni petrol arama faaliyetlerine kar\u015f\u0131 \u00e7\u0131kt\u0131. Birle\u015fik Krall\u0131k&#8217;\u0131n &#8220;fosil yak\u0131t h\u0131z treninden&#8221; inmesi gerekti\u011fini savunan Miliband, \u00e7\u00f6z\u00fcm\u00fcn [&hellip;]<\/p>\n","protected":false},"author":11,"featured_media":35591,"comment_status":"open","ping_status":"open","sticky":false,"template":"","format":"standard","meta":{"ngg_post_thumbnail":0,"footnotes":""},"categories":[5269,15],"tags":[],"class_list":["post-37503","post","type-post","status-publish","format-standard","has-post-thumbnail","hentry","category-birlesik-krallik","category-ingiltere"],"_links":{"self":[{"href":"https:\/\/by-tv.co.uk\/en\/wp-json\/wp\/v2\/posts\/37503","targetHints":{"allow":["GET"]}}],"collection":[{"href":"https:\/\/by-tv.co.uk\/en\/wp-json\/wp\/v2\/posts"}],"about":[{"href":"https:\/\/by-tv.co.uk\/en\/wp-json\/wp\/v2\/types\/post"}],"author":[{"embeddable":true,"href":"https:\/\/by-tv.co.uk\/en\/wp-json\/wp\/v2\/users\/11"}],"replies":[{"embeddable":true,"href":"https:\/\/by-tv.co.uk\/en\/wp-json\/wp\/v2\/comments?post=37503"}],"version-history":[{"count":2,"href":"https:\/\/by-tv.co.uk\/en\/wp-json\/wp\/v2\/posts\/37503\/revisions"}],"predecessor-version":[{"id":37505,"href":"https:\/\/by-tv.co.uk\/en\/wp-json\/wp\/v2\/posts\/37503\/revisions\/37505"}],"wp:featuredmedia":[{"embeddable":true,"href":"https:\/\/by-tv.co.uk\/en\/wp-json\/wp\/v2\/media\/35591"}],"wp:attachment":[{"href":"https:\/\/by-tv.co.uk\/en\/wp-json\/wp\/v2\/media?parent=37503"}],"wp:term":[{"taxonomy":"category","embeddable":true,"href":"https:\/\/by-tv.co.uk\/en\/wp-json\/wp\/v2\/categories?post=37503"},{"taxonomy":"post_tag","embeddable":true,"href":"https:\/\/by-tv.co.uk\/en\/wp-json\/wp\/v2\/tags?post=37503"}],"curies":[{"name":"wp","href":"https:\/\/api.w.org\/{rel}","templated":true}]}}