{"id":37467,"date":"2026-03-12T13:18:54","date_gmt":"2026-03-12T13:18:54","guid":{"rendered":"https:\/\/by-tv.co.uk\/?p=37467"},"modified":"2026-03-12T09:55:33","modified_gmt":"2026-03-12T09:55:33","slug":"ingilterede-ogrenci-kredileri-icin-resmi-inceleme-baslatildi","status":"publish","type":"post","link":"https:\/\/by-tv.co.uk\/en\/ingilterede-ogrenci-kredileri-icin-resmi-inceleme-baslatildi\/","title":{"rendered":"\u0130ngiltere\u2019de \u00d6\u011frenci Kredileri \u0130\u00e7in Resmi \u0130nceleme Ba\u015flat\u0131ld\u0131"},"content":{"rendered":"<div id=\"model-response-message-contentr_083e4931dfd8597e\" class=\"markdown markdown-main-panel enable-updated-hr-color\" dir=\"ltr\" aria-live=\"off\" aria-busy=\"false\">\n<h4 data-path-to-node=\"1\"><b data-path-to-node=\"1\" data-index-in-node=\"0\">Geri \u00f6deme \u015fartlar\u0131 inceleniyor<\/b><\/h4>\n<p data-path-to-node=\"2\">Birle\u015fik Krall\u0131k\u2019ta Parlamento b\u00fcnyesindeki <b data-path-to-node=\"2\" data-index-in-node=\"44\">Hazine Komitesi<\/b>, \u00f6\u011frenci kredisi geri \u00f6deme \u015fartlar\u0131na y\u00f6nelik &#8220;yayg\u0131n memnuniyetsizlik&#8221; nedeniyle kapsaml\u0131 bir inceleme ba\u015flatt\u0131. Komite, \u00f6zellikle mezunlar\u0131n geri \u00f6deme e\u015fi\u011finin dondurulmas\u0131 karar\u0131n\u0131n adil olup olmad\u0131\u011f\u0131n\u0131 ve bu y\u00fck\u00fcml\u00fcl\u00fcklerin gelir vergisi gibi di\u011fer vergilerle birle\u015fti\u011finde &#8220;makul&#8221; seviyelerde kal\u0131p kalmad\u0131\u011f\u0131n\u0131 ara\u015ft\u0131racak.<\/p>\n<p data-path-to-node=\"3\">BBC\u2019nin haberine g\u00f6re, <b data-path-to-node=\"3\" data-index-in-node=\"23\">Hazine Komitesi<\/b> Ba\u015fkan\u0131 <b data-path-to-node=\"3\" data-index-in-node=\"47\">Dame Meg Hillier<\/b>, y\u00fcksek\u00f6\u011fretime eri\u015fimin geni\u015flemesinin olumlu oldu\u011funu ancak &#8220;oyun s\u00fcrerken kural de\u011fi\u015ftirilmesinin&#8221; mezunlar \u00fczerinde haks\u0131z bir y\u00fck olu\u015fturup olu\u015fturmad\u0131\u011f\u0131n\u0131 sorgulayacaklar\u0131n\u0131 belirtti.<\/p>\n<h4 data-path-to-node=\"4\"><b data-path-to-node=\"4\" data-index-in-node=\"0\">Mezunlar artan bor\u00e7 y\u00fck\u00fcnden \u015fik\u00e2yet\u00e7i<\/b><\/h4>\n<p data-path-to-node=\"5\">\u0130ncelemenin merkezinde, Eyl\u00fcl 2012 ile Temmuz 2023 aras\u0131nda \u0130ngiltere&#8217;de verilen <b data-path-to-node=\"5\" data-index-in-node=\"81\">Plan 2<\/b> kredileri yer al\u0131yor. Maliye Bakan\u0131 <b data-path-to-node=\"5\" data-index-in-node=\"124\">Rachel Reeves<\/b> taraf\u0131ndan kas\u0131m b\u00fct\u00e7esinde a\u00e7\u0131klanan karara g\u00f6re, geri \u00f6deme e\u015fi\u011fi <b data-path-to-node=\"5\" data-index-in-node=\"206\">29.385 sterlin<\/b> seviyesinde 2030 y\u0131l\u0131na kadar sabitlendi. Enflasyon kar\u015f\u0131s\u0131nda dondurulan bu e\u015fik, mezunlar\u0131n \u00e7ok daha erken bor\u00e7 \u00f6demeye ba\u015flamas\u0131 ve maa\u015flar\u0131n\u0131n daha b\u00fcy\u00fck bir k\u0131sm\u0131n\u0131n kesintiye u\u011framas\u0131 anlam\u0131na geliyor.<\/p><div id=\"briti-1036598968\" class=\"briti-icerik\" style=\"margin-top: 5px;margin-bottom: 5px;\"><a href=\"https:\/\/piaryum.com\/services\/\" aria-label=\"piaryum banner\"><img loading=\"lazy\" decoding=\"async\" src=\"https:\/\/by-tv.co.uk\/wp-content\/uploads\/2025\/12\/Gemini_Generated_Image_g5yqr1g5yqr1g5yq.jpg\" alt=\"\"  width=\"2064\" height=\"1152\"   \/><\/a><\/div>\n<p data-path-to-node=\"6\">\u00dcniversite d\u00f6neminde bor\u00e7lar\u0131n &#8220;bir fincan kahve fiyat\u0131na geri \u00f6denece\u011fi&#8221; \u015feklinde tan\u0131t\u0131ld\u0131\u011f\u0131n\u0131 belirten mezunlar, bug\u00fcn kar\u015f\u0131la\u015ft\u0131klar\u0131 tablonun \u00e7ok farkl\u0131 oldu\u011funu ifade ediyor. \u00d6rne\u011fin, 27 ya\u015f\u0131ndaki mezun <b data-path-to-node=\"6\" data-index-in-node=\"209\">Natalie Whittaker<\/b>, ba\u015flang\u0131\u00e7ta <b data-path-to-node=\"6\" data-index-in-node=\"240\">52.000 sterlin<\/b> olan borcunun faizler nedeniyle <b data-path-to-node=\"6\" data-index-in-node=\"287\">75.500 sterline<\/b> y\u00fckseldi\u011fini vurgulayarak, finansal sonu\u00e7lar hakk\u0131nda yeterince bilgilendirilmediklerini savunuyor.<\/p>\n<h4 data-path-to-node=\"7\"><b data-path-to-node=\"7\" data-index-in-node=\"0\">H\u00fck\u00fcmetten &#8216;miras&#8217; savunmas\u0131<\/b><\/h4>\n<p data-path-to-node=\"8\">Eski Ba\u015fbakan Yard\u0131mc\u0131s\u0131 <b data-path-to-node=\"8\" data-index-in-node=\"25\">Sir Nick Clegg<\/b>, mevcut har\u00e7 sistemini bir &#8220;kaos&#8221; olarak nitelendirirken, E\u011fitim Bakanl\u0131\u011f\u0131 (<b data-path-to-node=\"8\" data-index-in-node=\"116\">DfE<\/b>) ise mevcut sistemi \u00f6nceki h\u00fck\u00fcmetten devrald\u0131klar\u0131n\u0131 belirtti. Bakanl\u0131k yetkilileri, geri \u00f6deme e\u015fi\u011finin dondurulmas\u0131n\u0131n &#8220;vergi m\u00fckelleflerini ve \u00f6\u011frencileri korumay\u0131&#8221; ama\u00e7lad\u0131\u011f\u0131n\u0131 ve d\u00fc\u015f\u00fck gelirli mezunlar\u0131n korundu\u011funu iddia ediyor.<\/p>\n<p data-path-to-node=\"9\"><b data-path-to-node=\"9\" data-index-in-node=\"0\">Hazine Komitesi<\/b>, sistem hakk\u0131ndaki g\u00f6r\u00fc\u015flerini payla\u015fmalar\u0131 i\u00e7in 16 ya\u015f\u0131ndan b\u00fcy\u00fck herkesi \u00e7evrimi\u00e7i bir ankete kat\u0131lmaya davet etti. \u0130nceleme sonucunda haz\u0131rlanacak raporun, Birle\u015fik Krall\u0131k h\u00fck\u00fcmetine sistemde reform yap\u0131lmas\u0131 konusunda tavsiyeler sunmas\u0131 bekleniyor.<\/p>\n<\/div>\n<div id=\"briti-2710148911\" class=\"briti-icerikten-sonra_2\" style=\"margin-top: 25px;margin-bottom: 25px;\"><a href=\"https:\/\/wa.me\/message\/NDZLLIOQT4H3O1\" aria-label=\"bytv reklam banner\"><img loading=\"lazy\" decoding=\"async\" src=\"https:\/\/by-tv.co.uk\/wp-content\/uploads\/2025\/12\/bytv-reklam-banner.jpg\" alt=\"\"  width=\"2376\" height=\"1008\"   \/><\/a><\/div>","protected":false},"excerpt":{"rendered":"<p>Geri \u00f6deme \u015fartlar\u0131 inceleniyor Birle\u015fik Krall\u0131k\u2019ta Parlamento b\u00fcnyesindeki Hazine Komitesi, \u00f6\u011frenci kredisi geri \u00f6deme \u015fartlar\u0131na y\u00f6nelik &#8220;yayg\u0131n memnuniyetsizlik&#8221; nedeniyle kapsaml\u0131 bir inceleme ba\u015flatt\u0131. Komite, \u00f6zellikle mezunlar\u0131n geri \u00f6deme e\u015fi\u011finin dondurulmas\u0131 karar\u0131n\u0131n adil olup olmad\u0131\u011f\u0131n\u0131 ve bu y\u00fck\u00fcml\u00fcl\u00fcklerin gelir vergisi gibi di\u011fer vergilerle birle\u015fti\u011finde &#8220;makul&#8221; seviyelerde kal\u0131p kalmad\u0131\u011f\u0131n\u0131 ara\u015ft\u0131racak. BBC\u2019nin haberine g\u00f6re, Hazine Komitesi Ba\u015fkan\u0131 Dame Meg Hillier, y\u00fcksek\u00f6\u011fretime eri\u015fimin geni\u015flemesinin olumlu oldu\u011funu ancak &#8220;oyun s\u00fcrerken kural de\u011fi\u015ftirilmesinin&#8221; mezunlar \u00fczerinde haks\u0131z bir y\u00fck olu\u015fturup olu\u015fturmad\u0131\u011f\u0131n\u0131 sorgulayacaklar\u0131n\u0131 belirtti. Mezunlar artan bor\u00e7 y\u00fck\u00fcnden \u015fik\u00e2yet\u00e7i \u0130ncelemenin merkezinde, Eyl\u00fcl 2012 ile Temmuz 2023 aras\u0131nda \u0130ngiltere&#8217;de verilen Plan 2 kredileri yer al\u0131yor. Maliye Bakan\u0131 Rachel Reeves [&hellip;]<\/p>\n","protected":false},"author":11,"featured_media":34426,"comment_status":"open","ping_status":"open","sticky":false,"template":"","format":"standard","meta":{"ngg_post_thumbnail":0,"footnotes":""},"categories":[5269,1519,15],"tags":[],"class_list":["post-37467","post","type-post","status-publish","format-standard","has-post-thumbnail","hentry","category-birlesik-krallik","category-egitim","category-ingiltere"],"_links":{"self":[{"href":"https:\/\/by-tv.co.uk\/en\/wp-json\/wp\/v2\/posts\/37467","targetHints":{"allow":["GET"]}}],"collection":[{"href":"https:\/\/by-tv.co.uk\/en\/wp-json\/wp\/v2\/posts"}],"about":[{"href":"https:\/\/by-tv.co.uk\/en\/wp-json\/wp\/v2\/types\/post"}],"author":[{"embeddable":true,"href":"https:\/\/by-tv.co.uk\/en\/wp-json\/wp\/v2\/users\/11"}],"replies":[{"embeddable":true,"href":"https:\/\/by-tv.co.uk\/en\/wp-json\/wp\/v2\/comments?post=37467"}],"version-history":[{"count":1,"href":"https:\/\/by-tv.co.uk\/en\/wp-json\/wp\/v2\/posts\/37467\/revisions"}],"predecessor-version":[{"id":37468,"href":"https:\/\/by-tv.co.uk\/en\/wp-json\/wp\/v2\/posts\/37467\/revisions\/37468"}],"wp:featuredmedia":[{"embeddable":true,"href":"https:\/\/by-tv.co.uk\/en\/wp-json\/wp\/v2\/media\/34426"}],"wp:attachment":[{"href":"https:\/\/by-tv.co.uk\/en\/wp-json\/wp\/v2\/media?parent=37467"}],"wp:term":[{"taxonomy":"category","embeddable":true,"href":"https:\/\/by-tv.co.uk\/en\/wp-json\/wp\/v2\/categories?post=37467"},{"taxonomy":"post_tag","embeddable":true,"href":"https:\/\/by-tv.co.uk\/en\/wp-json\/wp\/v2\/tags?post=37467"}],"curies":[{"name":"wp","href":"https:\/\/api.w.org\/{rel}","templated":true}]}}