{"id":37371,"date":"2026-03-10T16:24:29","date_gmt":"2026-03-10T16:24:29","guid":{"rendered":"https:\/\/by-tv.co.uk\/?p=37371"},"modified":"2026-03-10T17:52:20","modified_gmt":"2026-03-10T17:52:20","slug":"home-officeten-ankara-anlasmasi-basvurulari-icin-aciklama","status":"publish","type":"post","link":"https:\/\/by-tv.co.uk\/en\/home-officeten-ankara-anlasmasi-basvurulari-icin-aciklama\/","title":{"rendered":"Home Office\u2019ten Ankara Anla\u015fmas\u0131 ba\u015fvurular\u0131 i\u00e7in a\u00e7\u0131klama"},"content":{"rendered":"<p>Birle\u015fik Krall\u0131k \u0130\u00e7i\u015fleri Bakanl\u0131\u011f\u0131\u2019na ba\u011fl\u0131 <strong>UK Visas and Immigration (UKVI),<\/strong> Ankara Anla\u015fmas\u0131 (ECAA) kapsam\u0131nda yap\u0131lan s\u00fcresiz oturum ba\u015fvurular\u0131n de\u011ferlendirilmesinin durduruldu\u011fu veya sistematik bi\u00e7imde yava\u015flat\u0131ld\u0131\u011f\u0131 iddialar\u0131n\u0131 reddetti.<\/p>\n<p><strong>Redstone Solicitors<\/strong> kurucusu <strong>Av. Ya\u015far Do\u011fan,<\/strong> Ankara Anla\u015fmas\u0131 kapsam\u0131nda yap\u0131lan <strong>s\u00fcre uzatma ba\u015fvurular\u0131nda (further leave to remain)<\/strong> son d\u00f6nemde ya\u015fanan gecikmelerle ilgili resmi bilgi almak amac\u0131yla Home Office\u2019e <strong>Bilgi Edinme \u00d6zg\u00fcrl\u00fc\u011f\u00fc Yasas\u0131 (Freedom of Information Act)<\/strong> kapsam\u0131nda ba\u015fvuruda bulundu.<\/p>\n<p>Home Office\u2019in <strong>10 Mart 2026 tarihli resmi yan\u0131t\u0131nda,<\/strong> Ankara Anla\u015fmas\u0131 ba\u015fvurular\u0131n\u0131n de\u011ferlendirilmesinde <strong>planl\u0131 bir ask\u0131ya alma veya yava\u015flatma uygulanmad\u0131\u011f\u0131<\/strong> ifade edildi.<\/p><div id=\"briti-725613915\" class=\"briti-icerik\" style=\"margin-top: 5px;margin-bottom: 5px;\"><a href=\"https:\/\/piaryum.com\/services\/\" aria-label=\"piaryum banner\"><img loading=\"lazy\" decoding=\"async\" src=\"https:\/\/by-tv.co.uk\/wp-content\/uploads\/2025\/12\/Gemini_Generated_Image_g5yqr1g5yqr1g5yq.jpg\" alt=\"\"  width=\"2064\" height=\"1152\"   \/><\/a><\/div>\n<p><img loading=\"lazy\" decoding=\"async\" class=\"alignnone size-full wp-image-37380\" src=\"https:\/\/by-tv.co.uk\/wp-content\/uploads\/2026\/03\/letter.png\" alt=\"\" width=\"980\" height=\"667\" title=\"\"><\/p>\n<h4>Home Office: Ba\u015fvurular ask\u0131ya al\u0131nmad\u0131<\/h4>\n<p>Home Office taraf\u0131ndan g\u00f6nderilen yan\u0131tta, <strong>\u201cT\u00fcrk ECAA ba\u015fvurular\u0131n\u0131n de\u011ferlendirilmesinde bir ask\u0131ya alma bulunmamaktad\u0131r\u201d<\/strong> denildi.<\/p>\n<p>Bakanl\u0131k ayr\u0131ca baz\u0131 ba\u015fvurular\u0131n neden daha uzun s\u00fcrebildi\u011fine ili\u015fkin a\u00e7\u0131klama yapt\u0131. Buna g\u00f6re karar s\u00fcre\u00e7leri ba\u015fvurunun i\u00e7eri\u011fine g\u00f6re de\u011fi\u015febiliyor.<\/p>\n<p>Yan\u0131tta \u015fu ifadeler yer ald\u0131:<\/p>\n<p>\u201cKarar s\u00fcreleri ba\u015fvurunun bireysel ko\u015fullar\u0131na ba\u011fl\u0131 olarak de\u011fi\u015febilir. <strong>Ba\u015fvurunun karma\u015f\u0131kl\u0131\u011f\u0131, ek belge talepleri, di\u011fer devlet kurumlar\u0131yla yap\u0131lmas\u0131 gereken kontroller ve ba\u015fvuruda belirtilen i\u015fletmelere ili\u015fkin detayl\u0131 incelemeler<\/strong> s\u00fcrecin uzamas\u0131na neden olabilir.\u201d<\/p>\n<p>Home Office ayr\u0131ca <strong>karma\u015f\u0131k olmayan ba\u015fvurularda normal servis standartlar\u0131n\u0131n uygulanmaya devam etti\u011fini<\/strong> vurgulad\u0131.<\/p>\n<p><img loading=\"lazy\" decoding=\"async\" class=\"alignnone size-full wp-image-37373\" src=\"https:\/\/by-tv.co.uk\/wp-content\/uploads\/2026\/03\/6a731ea4-d7d4-44e8-803d-f00698476146.jpg\" alt=\"\" width=\"1600\" height=\"1066\" title=\"\"><\/p>\n<h4>Resmi bilgi talebi yap\u0131ld\u0131<\/h4>\n<p>Av. Ya\u015far Do\u011fan, son d\u00f6nemde Ankara Anla\u015fmas\u0131 ba\u015fvurular\u0131nda kararlar\u0131n gecikti\u011fine dair yayg\u0131n bir alg\u0131 olu\u015ftu\u011funu belirterek konuyla ilgili resmi a\u00e7\u0131klama talep ettiklerini s\u00f6yledi.<\/p>\n<p>Do\u011fan, yapt\u0131\u011f\u0131 de\u011ferlendirmede \u015fu ifadeleri kulland\u0131:<\/p>\n<p>\u201cBir s\u00fcredir Ankara Anla\u015fmas\u0131 ba\u015fvurular\u0131n\u0131n karara ba\u011flanmas\u0131nda gecikmeler ya\u015fand\u0131\u011f\u0131 g\u00f6r\u00fcl\u00fcyor. Bu durum, ba\u015fvurular\u0131n de\u011ferlendirilmesinin durduruldu\u011fu veya yava\u015flat\u0131ld\u0131\u011f\u0131 y\u00f6n\u00fcnde bir alg\u0131 olu\u015fturdu. Tahminlerde bulunmak yerine <strong>yasal mekanizmalar\u0131 kullanarak Home Office\u2019ten resmi bilgi talep ettik.\u201d<\/strong><\/p>\n<p>Home Office\u2019in verdi\u011fi yan\u0131t\u0131n, ba\u015fvurular\u0131n tamamen durduruldu\u011fu y\u00f6n\u00fcndeki iddialar\u0131 do\u011frulamad\u0131\u011f\u0131n\u0131 belirten Do\u011fan, baz\u0131 dosyalarda gecikmenin <strong>ek inceleme ve kontrol s\u00fcre\u00e7lerinden kaynaklanabilece\u011fini<\/strong> ifade etti.<\/p>\n<h4>G\u00f6\u00e7 sisteminde reform tart\u0131\u015fmalar\u0131 s\u00fcr\u00fcyor<\/h4>\n<p><strong>\u00d6te yandan Birle\u015fik Krall\u0131k\u2019ta g\u00f6\u00e7 sistemiyle ilgili kapsaml\u0131 reformlar da g\u00fcndemde.H\u00fck\u00fcmet s\u00fcresiz oturum (Indefinite Leave to Remain \u2013 ILR) i\u00e7in gerekli ba\u015fvuru s\u00fcresini be\u015f y\u0131ldan 10 y\u0131la \u00e7\u0131karacak d\u00fczenlemeyi sonbaharda Parlamento\u2019ya getirmeyi planl\u0131yor.<\/strong><\/p>\n<p><strong>S\u00f6z konusu plan\u0131n \u00f6zellikle son y\u0131llarda \u00e7al\u0131\u015fma ve e\u011fitim vizeleriyle \u00fclkeye gelen g\u00f6\u00e7menleri etkileyebilece\u011fi belirtiliyor. Ancak d\u00fczenleme hen\u00fcz yasala\u015fm\u0131\u015f de\u011fil ve nihai kapsam\u0131n\u0131n Parlamento s\u00fcrecinde netle\u015fmesi bekleniyor.<\/strong><\/p>\n<div id=\"briti-1851554621\" class=\"briti-icerikten-sonra_2\" style=\"margin-top: 25px;margin-bottom: 25px;\"><a href=\"https:\/\/wa.me\/message\/NDZLLIOQT4H3O1\" aria-label=\"bytv reklam banner\"><img loading=\"lazy\" decoding=\"async\" src=\"https:\/\/by-tv.co.uk\/wp-content\/uploads\/2025\/12\/bytv-reklam-banner.jpg\" alt=\"\"  width=\"2376\" height=\"1008\"   \/><\/a><\/div>","protected":false},"excerpt":{"rendered":"<p>Birle\u015fik Krall\u0131k \u0130\u00e7i\u015fleri Bakanl\u0131\u011f\u0131\u2019na ba\u011fl\u0131 UK Visas and Immigration (UKVI), Ankara Anla\u015fmas\u0131 (ECAA) kapsam\u0131nda yap\u0131lan s\u00fcresiz oturum ba\u015fvurular\u0131n de\u011ferlendirilmesinin durduruldu\u011fu veya sistematik bi\u00e7imde yava\u015flat\u0131ld\u0131\u011f\u0131 iddialar\u0131n\u0131 reddetti. Redstone Solicitors kurucusu Av. Ya\u015far Do\u011fan, Ankara Anla\u015fmas\u0131 kapsam\u0131nda yap\u0131lan s\u00fcre uzatma ba\u015fvurular\u0131nda (further leave to remain) son d\u00f6nemde ya\u015fanan gecikmelerle ilgili resmi bilgi almak amac\u0131yla Home Office\u2019e Bilgi Edinme \u00d6zg\u00fcrl\u00fc\u011f\u00fc Yasas\u0131 (Freedom of Information Act) kapsam\u0131nda ba\u015fvuruda bulundu. Home Office\u2019in 10 Mart 2026 tarihli resmi yan\u0131t\u0131nda, Ankara Anla\u015fmas\u0131 ba\u015fvurular\u0131n\u0131n de\u011ferlendirilmesinde planl\u0131 bir ask\u0131ya alma veya yava\u015flatma uygulanmad\u0131\u011f\u0131 ifade edildi. Home Office: Ba\u015fvurular ask\u0131ya al\u0131nmad\u0131 Home Office taraf\u0131ndan g\u00f6nderilen yan\u0131tta, \u201cT\u00fcrk ECAA ba\u015fvurular\u0131n\u0131n de\u011ferlendirilmesinde [&hellip;]<\/p>\n","protected":false},"author":11,"featured_media":37372,"comment_status":"open","ping_status":"open","sticky":false,"template":"","format":"standard","meta":{"ngg_post_thumbnail":0,"footnotes":""},"categories":[5269,1995],"tags":[],"class_list":["post-37371","post","type-post","status-publish","format-standard","has-post-thumbnail","hentry","category-birlesik-krallik","category-turkiye-ingiltere"],"_links":{"self":[{"href":"https:\/\/by-tv.co.uk\/en\/wp-json\/wp\/v2\/posts\/37371","targetHints":{"allow":["GET"]}}],"collection":[{"href":"https:\/\/by-tv.co.uk\/en\/wp-json\/wp\/v2\/posts"}],"about":[{"href":"https:\/\/by-tv.co.uk\/en\/wp-json\/wp\/v2\/types\/post"}],"author":[{"embeddable":true,"href":"https:\/\/by-tv.co.uk\/en\/wp-json\/wp\/v2\/users\/11"}],"replies":[{"embeddable":true,"href":"https:\/\/by-tv.co.uk\/en\/wp-json\/wp\/v2\/comments?post=37371"}],"version-history":[{"count":5,"href":"https:\/\/by-tv.co.uk\/en\/wp-json\/wp\/v2\/posts\/37371\/revisions"}],"predecessor-version":[{"id":37381,"href":"https:\/\/by-tv.co.uk\/en\/wp-json\/wp\/v2\/posts\/37371\/revisions\/37381"}],"wp:featuredmedia":[{"embeddable":true,"href":"https:\/\/by-tv.co.uk\/en\/wp-json\/wp\/v2\/media\/37372"}],"wp:attachment":[{"href":"https:\/\/by-tv.co.uk\/en\/wp-json\/wp\/v2\/media?parent=37371"}],"wp:term":[{"taxonomy":"category","embeddable":true,"href":"https:\/\/by-tv.co.uk\/en\/wp-json\/wp\/v2\/categories?post=37371"},{"taxonomy":"post_tag","embeddable":true,"href":"https:\/\/by-tv.co.uk\/en\/wp-json\/wp\/v2\/tags?post=37371"}],"curies":[{"name":"wp","href":"https:\/\/api.w.org\/{rel}","templated":true}]}}