{"id":37355,"date":"2026-03-10T17:08:18","date_gmt":"2026-03-10T17:08:18","guid":{"rendered":"https:\/\/by-tv.co.uk\/?p=37355"},"modified":"2026-03-10T12:47:24","modified_gmt":"2026-03-10T12:47:24","slug":"rachel-reeves-orta-dogu-savasi-enflasyonu-artirabilir","status":"publish","type":"post","link":"https:\/\/by-tv.co.uk\/en\/rachel-reeves-orta-dogu-savasi-enflasyonu-artirabilir\/","title":{"rendered":"Rachel Reeves: Orta Do\u011fu sava\u015f\u0131 enflasyonu art\u0131rabilir"},"content":{"rendered":"<p>Birle\u015fik Krall\u0131k Hazine Bakan\u0131 <strong>Rachel Reeves<\/strong>, ABD ile \u0130ran aras\u0131ndaki sava\u015f\u0131n <strong>\u00fclkede enflasyonun yeniden y\u00fckselmesine yol a\u00e7abilece\u011fini<\/strong> s\u00f6yledi.<\/p>\n<p>Reeves, enerji fiyatlar\u0131nda ya\u015fanabilecek art\u0131\u015f\u0131n <strong>hane halk\u0131 \u00fczerindeki mali bask\u0131y\u0131 art\u0131rabilece\u011fini<\/strong> belirterek, en iyi \u00e7\u00f6z\u00fcm\u00fcn <strong>gerilimin h\u0131zla d\u00fc\u015f\u00fcr\u00fclmesi<\/strong> oldu\u011funu ifade etti.<\/p>\n<h4>Enerji fiyatlar\u0131 endi\u015fesi<\/h4>\n<p>Hazine Bakan\u0131, petrol ve enerji piyasalar\u0131nda ya\u015fanan dalgalanmalar\u0131n <strong>fiyatlar\u0131n y\u00fckselmesine neden olabilece\u011fini<\/strong> s\u00f6yledi.<\/p><div id=\"briti-565110082\" class=\"briti-icerik\" style=\"margin-top: 5px;margin-bottom: 5px;\"><a href=\"https:\/\/piaryum.com\/services\/\" aria-label=\"piaryum banner\"><img loading=\"lazy\" decoding=\"async\" src=\"https:\/\/by-tv.co.uk\/wp-content\/uploads\/2025\/12\/Gemini_Generated_Image_g5yqr1g5yqr1g5yq.jpg\" alt=\"\"  width=\"2064\" height=\"1152\"   \/><\/a><\/div>\n<p>Ancak Reeves, olas\u0131 fiyat art\u0131\u015flar\u0131na kar\u015f\u0131 <strong>yeni bir destek paketi a\u00e7\u0131klamad\u0131<\/strong>. Ayr\u0131ca h\u00fck\u00fcmetin <strong>Eyl\u00fcl ay\u0131nda planlanan yak\u0131t vergisine 5 peni zam yap\u0131lmas\u0131 plan\u0131n\u0131 da geri \u00e7ekmeyece\u011fini<\/strong> belirtti.<\/p>\n<h4>Ya\u015fam maliyeti bask\u0131s\u0131 artabilir<\/h4>\n<p>Ekonomistler, Orta Do\u011fu\u2019daki sava\u015f\u0131n <strong>petrol fiyatlar\u0131n\u0131 y\u00fckseltmesi durumunda<\/strong>, bunun <strong>akaryak\u0131t fiyatlar\u0131ndan enerji faturalar\u0131na kadar bir\u00e7ok alanda maliyetleri art\u0131rabilece\u011fini<\/strong> s\u00f6yl\u00fcyor.<\/p>\n<p>H\u00fck\u00fcmet yetkilileri ise geli\u015fmeleri yak\u0131ndan izlediklerini ve <strong>gerekirse hane halk\u0131n\u0131 desteklemek i\u00e7in ad\u0131m atmaya haz\u0131r olduklar\u0131n\u0131<\/strong> belirtti.<\/p>\n<div id=\"briti-390324220\" class=\"briti-icerikten-sonra_2\" style=\"margin-top: 25px;margin-bottom: 25px;\"><a href=\"https:\/\/wa.me\/message\/NDZLLIOQT4H3O1\" aria-label=\"bytv reklam banner\"><img loading=\"lazy\" decoding=\"async\" src=\"https:\/\/by-tv.co.uk\/wp-content\/uploads\/2025\/12\/bytv-reklam-banner.jpg\" alt=\"\"  width=\"2376\" height=\"1008\"   \/><\/a><\/div>","protected":false},"excerpt":{"rendered":"<p>Birle\u015fik Krall\u0131k Hazine Bakan\u0131 Rachel Reeves, ABD ile \u0130ran aras\u0131ndaki sava\u015f\u0131n \u00fclkede enflasyonun yeniden y\u00fckselmesine yol a\u00e7abilece\u011fini s\u00f6yledi. Reeves, enerji fiyatlar\u0131nda ya\u015fanabilecek art\u0131\u015f\u0131n hane halk\u0131 \u00fczerindeki mali bask\u0131y\u0131 art\u0131rabilece\u011fini belirterek, en iyi \u00e7\u00f6z\u00fcm\u00fcn gerilimin h\u0131zla d\u00fc\u015f\u00fcr\u00fclmesi oldu\u011funu ifade etti. Enerji fiyatlar\u0131 endi\u015fesi Hazine Bakan\u0131, petrol ve enerji piyasalar\u0131nda ya\u015fanan dalgalanmalar\u0131n fiyatlar\u0131n y\u00fckselmesine neden olabilece\u011fini s\u00f6yledi. Ancak Reeves, olas\u0131 fiyat art\u0131\u015flar\u0131na kar\u015f\u0131 yeni bir destek paketi a\u00e7\u0131klamad\u0131. Ayr\u0131ca h\u00fck\u00fcmetin Eyl\u00fcl ay\u0131nda planlanan yak\u0131t vergisine 5 peni zam yap\u0131lmas\u0131 plan\u0131n\u0131 da geri \u00e7ekmeyece\u011fini belirtti. Ya\u015fam maliyeti bask\u0131s\u0131 artabilir Ekonomistler, Orta Do\u011fu\u2019daki sava\u015f\u0131n petrol fiyatlar\u0131n\u0131 y\u00fckseltmesi durumunda, bunun akaryak\u0131t fiyatlar\u0131ndan enerji faturalar\u0131na kadar [&hellip;]<\/p>\n","protected":false},"author":11,"featured_media":34533,"comment_status":"open","ping_status":"open","sticky":false,"template":"","format":"standard","meta":{"ngg_post_thumbnail":0,"footnotes":""},"categories":[5269,1272,15],"tags":[],"class_list":["post-37355","post","type-post","status-publish","format-standard","has-post-thumbnail","hentry","category-birlesik-krallik","category-ekonomi","category-ingiltere"],"_links":{"self":[{"href":"https:\/\/by-tv.co.uk\/en\/wp-json\/wp\/v2\/posts\/37355","targetHints":{"allow":["GET"]}}],"collection":[{"href":"https:\/\/by-tv.co.uk\/en\/wp-json\/wp\/v2\/posts"}],"about":[{"href":"https:\/\/by-tv.co.uk\/en\/wp-json\/wp\/v2\/types\/post"}],"author":[{"embeddable":true,"href":"https:\/\/by-tv.co.uk\/en\/wp-json\/wp\/v2\/users\/11"}],"replies":[{"embeddable":true,"href":"https:\/\/by-tv.co.uk\/en\/wp-json\/wp\/v2\/comments?post=37355"}],"version-history":[{"count":1,"href":"https:\/\/by-tv.co.uk\/en\/wp-json\/wp\/v2\/posts\/37355\/revisions"}],"predecessor-version":[{"id":37356,"href":"https:\/\/by-tv.co.uk\/en\/wp-json\/wp\/v2\/posts\/37355\/revisions\/37356"}],"wp:featuredmedia":[{"embeddable":true,"href":"https:\/\/by-tv.co.uk\/en\/wp-json\/wp\/v2\/media\/34533"}],"wp:attachment":[{"href":"https:\/\/by-tv.co.uk\/en\/wp-json\/wp\/v2\/media?parent=37355"}],"wp:term":[{"taxonomy":"category","embeddable":true,"href":"https:\/\/by-tv.co.uk\/en\/wp-json\/wp\/v2\/categories?post=37355"},{"taxonomy":"post_tag","embeddable":true,"href":"https:\/\/by-tv.co.uk\/en\/wp-json\/wp\/v2\/tags?post=37355"}],"curies":[{"name":"wp","href":"https:\/\/api.w.org\/{rel}","templated":true}]}}