{"id":37352,"date":"2026-03-10T16:18:17","date_gmt":"2026-03-10T16:18:17","guid":{"rendered":"https:\/\/by-tv.co.uk\/?p=37352"},"modified":"2026-03-10T12:44:37","modified_gmt":"2026-03-10T12:44:37","slug":"ingiltere-dogu-akdenize-destek-gemisi-gonderiyor","status":"publish","type":"post","link":"https:\/\/by-tv.co.uk\/en\/ingiltere-dogu-akdenize-destek-gemisi-gonderiyor\/","title":{"rendered":"\u0130ngiltere Do\u011fu Akdeniz&#8217;e Destek Gemisi G\u00f6nderiyor"},"content":{"rendered":"<div id=\"model-response-message-contentr_2eff16ebe8c994f2\" class=\"markdown markdown-main-panel enable-updated-hr-color\" dir=\"ltr\" aria-live=\"off\" aria-busy=\"false\">\n<h4 data-path-to-node=\"1\"><b data-path-to-node=\"1\" data-index-in-node=\"0\">Vatanda\u015flar\u0131n Tahliyesi \u0130\u00e7in \u00d6nlem Al\u0131n\u0131yor<\/b><\/h4>\n<p data-path-to-node=\"2\">\u0130ngiltere <b data-path-to-node=\"2\" data-index-in-node=\"10\">Savunma Bakanl\u0131\u011f\u0131<\/b>, Orta Do\u011fu&#8217;daki \u0130ngiliz vatanda\u015flar\u0131na ihtiya\u00e7 duyulmas\u0131 halinde destek sa\u011flamak \u00fczere bir deniz destek gemisini &#8220;y\u00fcksek haz\u0131rl\u0131k&#8221; durumuna getirdi\u011fini do\u011frulad\u0131. T\u0131bbi tesisler ve havac\u0131l\u0131k platformuyla donat\u0131lm\u0131\u015f olan <b data-path-to-node=\"2\" data-index-in-node=\"248\">RFA Lyme Bay<\/b>, olas\u0131 tahliye operasyonlar\u0131nda ve t\u0131bbi m\u00fcdahalelerde kritik bir rol oynayabilecek kapasiteye sahip.<\/p>\n<p data-path-to-node=\"3\"><b data-path-to-node=\"3\" data-index-in-node=\"0\">BBC<\/b>&#8216;nin haberine g\u00f6re, \u015fu anda <b data-path-to-node=\"3\" data-index-in-node=\"31\">Cebelitar\u0131k<\/b>&#8216;ta bulunan gemi hen\u00fcz resmi bir g\u00f6rev emri almad\u0131; ancak bakanl\u0131k bu de\u011fi\u015fikli\u011fin tamamen ihtiyati bir tedbir oldu\u011funu vurgulad\u0131. H\u00fck\u00fcmet, b\u00f6lgedeki krizin derinle\u015fmesi ihtimaline kar\u015f\u0131 askeri varl\u0131klar\u0131n\u0131 stratejik noktalara konumland\u0131rmaya devam ediyor.<\/p>\n<h4 data-path-to-node=\"4\"><b data-path-to-node=\"4\" data-index-in-node=\"0\">Akdeniz\u2019de Askeri Hareketlilik Art\u0131yor<\/b><\/h4>\n<p data-path-to-node=\"5\">\u0130ngiltere halihaz\u0131rda b\u00f6lgeye <b data-path-to-node=\"5\" data-index-in-node=\"30\">HMS Dragon<\/b> sava\u015f gemisini sevk ediyor. Savunma Bakan\u0131 <b data-path-to-node=\"5\" data-index-in-node=\"84\">John Healey<\/b>, geminin \u00f6n\u00fcm\u00fczdeki birka\u00e7 g\u00fcn i\u00e7inde <b data-path-to-node=\"5\" data-index-in-node=\"134\">Portsmouth<\/b>\u2019tan ayr\u0131laca\u011f\u0131n\u0131 a\u00e7\u0131klad\u0131. B\u00f6lgeye ayr\u0131ca drone savar kabiliyetine sahip \u00fc\u00e7 <b data-path-to-node=\"5\" data-index-in-node=\"221\">Wildcat<\/b> helikopteri ve bir <b data-path-to-node=\"5\" data-index-in-node=\"248\">Merlin<\/b> helikopteri de ula\u015ft\u0131.<\/p><div id=\"briti-1425325493\" class=\"briti-icerik\" style=\"margin-top: 5px;margin-bottom: 5px;\"><a href=\"https:\/\/piaryum.com\/services\/\" aria-label=\"piaryum banner\"><img loading=\"lazy\" decoding=\"async\" src=\"https:\/\/by-tv.co.uk\/wp-content\/uploads\/2025\/12\/Gemini_Generated_Image_g5yqr1g5yqr1g5yq.jpg\" alt=\"\"  width=\"2064\" height=\"1152\"   \/><\/a><\/div>\n<p data-path-to-node=\"6\"><b data-path-to-node=\"6\" data-index-in-node=\"0\">John Healey<\/b>, <b data-path-to-node=\"6\" data-index-in-node=\"13\">Avam Kamaras\u0131<\/b>&#8216;nda yapt\u0131\u011f\u0131 konu\u015fmada, \u0130ngiliz <b data-path-to-node=\"6\" data-index-in-node=\"58\">Kraliyet Hava Kuvvetleri (RAF)<\/b> b\u00fcnyesindeki <b data-path-to-node=\"6\" data-index-in-node=\"102\">Typhoon<\/b> jetlerinin \u00dcrd\u00fcn ve Bahreyn \u00fczerinde \u0130ran&#8217;a ait iki insans\u0131z hava arac\u0131n\u0131 etkisiz hale getirdi\u011fini belirtti. Bakan, b\u00f6lgede \u015fu ana kadar <b data-path-to-node=\"6\" data-index-in-node=\"247\">37.000<\/b> \u0130ngiliz vatanda\u015f\u0131n\u0131n tahliye edildi\u011fini, <b data-path-to-node=\"6\" data-index-in-node=\"295\">170.000<\/b> ki\u015finin ise halen b\u00f6lgede bulundu\u011funu bildirdi.<\/p>\n<h4 data-path-to-node=\"7\"><b data-path-to-node=\"7\" data-index-in-node=\"0\">Siyasi Tart\u0131\u015fmalar ve Ele\u015ftiriler<\/b><\/h4>\n<p data-path-to-node=\"8\">H\u00fck\u00fcmetin krize m\u00fcdahale h\u0131z\u0131, muhalefet taraf\u0131ndan &#8220;yetersiz&#8221; oldu\u011fu gerek\u00e7esiyle ele\u015ftiriliyor. Muhafazak\u00e2r Parti lideri <b data-path-to-node=\"8\" data-index-in-node=\"123\">Kemi Badenoch<\/b>, h\u00fck\u00fcmetin ad\u0131mlar\u0131n\u0131 &#8220;zay\u0131fl\u0131k yans\u0131tmak&#8221; olarak nitelendirdi. <b data-path-to-node=\"8\" data-index-in-node=\"201\">Badenoch<\/b>, askeri \u00fcslerin bulundu\u011fu \u00fclkelerin bile \u0130ngiltere&#8217;den daha fazla yard\u0131m bekledi\u011fini savundu.<\/p>\n<p data-path-to-node=\"9\">\u0130ngiltere\u2019nin en b\u00fcy\u00fck u\u00e7ak gemilerinden biri olan <b data-path-to-node=\"9\" data-index-in-node=\"51\">HMS Prince of Wales<\/b> de y\u00fcksek haz\u0131rl\u0131k durumuna ge\u00e7irildi. M\u00fcrettebata be\u015f g\u00fcn i\u00e7inde denize a\u00e7\u0131lmaya haz\u0131r olmalar\u0131 talimat\u0131 verilirken, geminin \u00f6ncelikli rotas\u0131n\u0131n halen <b data-path-to-node=\"9\" data-index-in-node=\"223\">Kuzey Atlantik<\/b> oldu\u011fu belirtiliyor.<\/p>\n<\/div>\n<div id=\"briti-79125073\" class=\"briti-icerikten-sonra_2\" style=\"margin-top: 25px;margin-bottom: 25px;\"><a href=\"https:\/\/wa.me\/message\/NDZLLIOQT4H3O1\" aria-label=\"bytv reklam banner\"><img loading=\"lazy\" decoding=\"async\" src=\"https:\/\/by-tv.co.uk\/wp-content\/uploads\/2025\/12\/bytv-reklam-banner.jpg\" alt=\"\"  width=\"2376\" height=\"1008\"   \/><\/a><\/div>","protected":false},"excerpt":{"rendered":"<p>Vatanda\u015flar\u0131n Tahliyesi \u0130\u00e7in \u00d6nlem Al\u0131n\u0131yor \u0130ngiltere Savunma Bakanl\u0131\u011f\u0131, Orta Do\u011fu&#8217;daki \u0130ngiliz vatanda\u015flar\u0131na ihtiya\u00e7 duyulmas\u0131 halinde destek sa\u011flamak \u00fczere bir deniz destek gemisini &#8220;y\u00fcksek haz\u0131rl\u0131k&#8221; durumuna getirdi\u011fini do\u011frulad\u0131. T\u0131bbi tesisler ve havac\u0131l\u0131k platformuyla donat\u0131lm\u0131\u015f olan RFA Lyme Bay, olas\u0131 tahliye operasyonlar\u0131nda ve t\u0131bbi m\u00fcdahalelerde kritik bir rol oynayabilecek kapasiteye sahip. BBC&#8216;nin haberine g\u00f6re, \u015fu anda Cebelitar\u0131k&#8216;ta bulunan gemi hen\u00fcz resmi bir g\u00f6rev emri almad\u0131; ancak bakanl\u0131k bu de\u011fi\u015fikli\u011fin tamamen ihtiyati bir tedbir oldu\u011funu vurgulad\u0131. H\u00fck\u00fcmet, b\u00f6lgedeki krizin derinle\u015fmesi ihtimaline kar\u015f\u0131 askeri varl\u0131klar\u0131n\u0131 stratejik noktalara konumland\u0131rmaya devam ediyor. Akdeniz\u2019de Askeri Hareketlilik Art\u0131yor \u0130ngiltere halihaz\u0131rda b\u00f6lgeye HMS Dragon sava\u015f gemisini sevk ediyor. Savunma [&hellip;]<\/p>\n","protected":false},"author":11,"featured_media":37353,"comment_status":"open","ping_status":"open","sticky":false,"template":"","format":"standard","meta":{"ngg_post_thumbnail":0,"footnotes":""},"categories":[5269,15],"tags":[],"class_list":["post-37352","post","type-post","status-publish","format-standard","has-post-thumbnail","hentry","category-birlesik-krallik","category-ingiltere"],"_links":{"self":[{"href":"https:\/\/by-tv.co.uk\/en\/wp-json\/wp\/v2\/posts\/37352","targetHints":{"allow":["GET"]}}],"collection":[{"href":"https:\/\/by-tv.co.uk\/en\/wp-json\/wp\/v2\/posts"}],"about":[{"href":"https:\/\/by-tv.co.uk\/en\/wp-json\/wp\/v2\/types\/post"}],"author":[{"embeddable":true,"href":"https:\/\/by-tv.co.uk\/en\/wp-json\/wp\/v2\/users\/11"}],"replies":[{"embeddable":true,"href":"https:\/\/by-tv.co.uk\/en\/wp-json\/wp\/v2\/comments?post=37352"}],"version-history":[{"count":2,"href":"https:\/\/by-tv.co.uk\/en\/wp-json\/wp\/v2\/posts\/37352\/revisions"}],"predecessor-version":[{"id":37370,"href":"https:\/\/by-tv.co.uk\/en\/wp-json\/wp\/v2\/posts\/37352\/revisions\/37370"}],"wp:featuredmedia":[{"embeddable":true,"href":"https:\/\/by-tv.co.uk\/en\/wp-json\/wp\/v2\/media\/37353"}],"wp:attachment":[{"href":"https:\/\/by-tv.co.uk\/en\/wp-json\/wp\/v2\/media?parent=37352"}],"wp:term":[{"taxonomy":"category","embeddable":true,"href":"https:\/\/by-tv.co.uk\/en\/wp-json\/wp\/v2\/categories?post=37352"},{"taxonomy":"post_tag","embeddable":true,"href":"https:\/\/by-tv.co.uk\/en\/wp-json\/wp\/v2\/tags?post=37352"}],"curies":[{"name":"wp","href":"https:\/\/api.w.org\/{rel}","templated":true}]}}