{"id":37319,"date":"2026-03-09T19:00:13","date_gmt":"2026-03-09T19:00:13","guid":{"rendered":"https:\/\/by-tv.co.uk\/?p=37319"},"modified":"2026-03-09T17:36:21","modified_gmt":"2026-03-09T17:36:21","slug":"birlesik-krallikta-kanser-olumlerinde-tarihi-dusus","status":"publish","type":"post","link":"https:\/\/by-tv.co.uk\/en\/birlesik-krallikta-kanser-olumlerinde-tarihi-dusus\/","title":{"rendered":"Birle\u015fik Krall\u0131k\u2019ta Kanser \u00d6l\u00fcmlerinde Tarihi D\u00fc\u015f\u00fc\u015f"},"content":{"rendered":"<div id=\"model-response-message-contentr_9df260c860f25d32\" class=\"markdown markdown-main-panel stronger enable-updated-hr-color\" dir=\"ltr\" aria-live=\"polite\" aria-busy=\"false\">\n<h4 data-path-to-node=\"1\"><b data-path-to-node=\"1\" data-index-in-node=\"0\">Kanser \u00d6l\u00fcmlerinde Y\u00fczde 29\u2019luk Gerileme<\/b><\/h4>\n<p data-path-to-node=\"2\">Birle\u015fik Krall\u0131k\u2019ta kansere ba\u011fl\u0131 \u00f6l\u00fcm oranlar\u0131, kay\u0131tlar\u0131n tutulmaya ba\u015flanmas\u0131ndan bu yana en d\u00fc\u015f\u00fck seviyesine ula\u015ft\u0131. <b data-path-to-node=\"2\" data-index-in-node=\"121\">Sky News<\/b> taraf\u0131ndan aktar\u0131lan verilere g\u00f6re, her <b data-path-to-node=\"2\" data-index-in-node=\"170\">100 bin<\/b> ki\u015fiden yakla\u015f\u0131k <b data-path-to-node=\"2\" data-index-in-node=\"195\">247<\/b>\u2019sinin kanser nedeniyle hayat\u0131n\u0131 kaybetti\u011fi tahmin ediliyor. Bu rakam, \u00f6l\u00fcmlerin zirve yapt\u0131\u011f\u0131 <b data-path-to-node=\"2\" data-index-in-node=\"293\">1989<\/b> y\u0131l\u0131ndaki her <b data-path-to-node=\"2\" data-index-in-node=\"312\">100 bin<\/b> ki\u015fide <b data-path-to-node=\"2\" data-index-in-node=\"327\">355<\/b> vakaya k\u0131yasla <b data-path-to-node=\"2\" data-index-in-node=\"346\">%29<\/b>&#8216;luk bir d\u00fc\u015f\u00fc\u015f anlam\u0131na geliyor.<\/p>\n<h4 data-path-to-node=\"3\"><b data-path-to-node=\"3\" data-index-in-node=\"0\">Mide ve Akci\u011fer Kanserinde B\u00fcy\u00fck Ba\u015far\u0131<\/b><\/h4>\n<p data-path-to-node=\"4\">Son on y\u0131ll\u0131k s\u00fcre\u00e7te (2012-2024) belirli kanser t\u00fcrlerinde \u00e7arp\u0131c\u0131 iyile\u015fmeler g\u00f6zlemlendi. Veriler, <b data-path-to-node=\"4\" data-index-in-node=\"102\">mide kanseri<\/b> \u00f6l\u00fcmlerinin <b data-path-to-node=\"4\" data-index-in-node=\"127\">%34<\/b>, <b data-path-to-node=\"4\" data-index-in-node=\"132\">akci\u011fer kanseri<\/b> \u00f6l\u00fcmlerinin <b data-path-to-node=\"4\" data-index-in-node=\"160\">%22<\/b> ve <b data-path-to-node=\"4\" data-index-in-node=\"167\">yumurtal\u0131k kanseri<\/b> oranlar\u0131n\u0131n <b data-path-to-node=\"4\" data-index-in-node=\"198\">%19<\/b> oran\u0131nda d\u00fc\u015ft\u00fc\u011f\u00fcn\u00fc g\u00f6steriyor. Ayr\u0131ca <b data-path-to-node=\"4\" data-index-in-node=\"240\">ba\u011f\u0131rsak kanserinde %6<\/b>, <b data-path-to-node=\"4\" data-index-in-node=\"264\">meme kanserinde %14<\/b> ve <b data-path-to-node=\"4\" data-index-in-node=\"287\">l\u00f6semide %9<\/b> oran\u0131nda azalma kaydedildi. <b data-path-to-node=\"4\" data-index-in-node=\"327\">Prostat kanseri<\/b> \u00f6l\u00fcmleri de daha etkili tedaviler sayesinde son on y\u0131lda <b data-path-to-node=\"4\" data-index-in-node=\"400\">%11<\/b> geriledi.<\/p>\n<h4 data-path-to-node=\"5\"><b data-path-to-node=\"5\" data-index-in-node=\"0\">Tarama Programlar\u0131 ve HPV A\u015f\u0131s\u0131n\u0131n Etkisi<\/b><\/h4>\n<p data-path-to-node=\"6\"><b data-path-to-node=\"6\" data-index-in-node=\"0\">Rahim a\u011fz\u0131 kanseri<\/b> \u00f6l\u00fcmlerinde <b data-path-to-node=\"6\" data-index-in-node=\"31\">1970<\/b>&#8216;lerden bu yana <b data-path-to-node=\"6\" data-index-in-node=\"51\">%75<\/b> gibi devasa bir d\u00fc\u015f\u00fc\u015f ya\u015fanmas\u0131 dikkat \u00e7ekiyor. <b data-path-to-node=\"6\" data-index-in-node=\"103\">NHS<\/b> (Ulusal Sa\u011fl\u0131k Sistemi) taraf\u0131ndan y\u00fcr\u00fct\u00fclen rahim a\u011fz\u0131 tarama programlar\u0131 ve <b data-path-to-node=\"6\" data-index-in-node=\"185\">2008<\/b>&#8216;den bu yana <b data-path-to-node=\"6\" data-index-in-node=\"202\">6,5 milyon<\/b> ki\u015fiye uygulanan <b data-path-to-node=\"6\" data-index-in-node=\"230\">HPV a\u015f\u0131s\u0131<\/b>, bu ba\u015far\u0131n\u0131n temel ta\u015flar\u0131 olarak g\u00f6steriliyor. <b data-path-to-node=\"6\" data-index-in-node=\"289\">Cancer Research UK<\/b> bilim el\u00e7isi <b data-path-to-node=\"6\" data-index-in-node=\"321\">Dr. Sam Godfrey<\/b>, bu rakamlar\u0131n on y\u0131llar s\u00fcren bilimsel at\u0131l\u0131mlar\u0131n, daha hedefli tedavilerin ve \u00f6nleyici a\u015f\u0131lar\u0131n bir sonucu oldu\u011funu belirtti.<\/p><div id=\"briti-680707764\" class=\"briti-icerik\" style=\"margin-top: 5px;margin-bottom: 5px;\"><a href=\"https:\/\/piaryum.com\/services\/\" aria-label=\"piaryum banner\"><img loading=\"lazy\" decoding=\"async\" src=\"https:\/\/by-tv.co.uk\/wp-content\/uploads\/2025\/12\/Gemini_Generated_Image_g5yqr1g5yqr1g5yq.jpg\" alt=\"\"  width=\"2064\" height=\"1152\"   \/><\/a><\/div>\n<h4 data-path-to-node=\"7\"><b data-path-to-node=\"7\" data-index-in-node=\"0\">Baz\u0131 T\u00fcrlerde Art\u0131\u015f Devam Ediyor<\/b><\/h4>\n<p data-path-to-node=\"8\">Genel tablodaki tarihi d\u00fc\u015f\u00fc\u015fe ra\u011fmen, baz\u0131 kanser t\u00fcrlerinde \u00f6l\u00fcm oranlar\u0131 y\u00fckseldi. <b data-path-to-node=\"8\" data-index-in-node=\"85\">Safra kesesi kanseri %29<\/b>, <b data-path-to-node=\"8\" data-index-in-node=\"111\">g\u00f6z kanseri %26<\/b>, <b data-path-to-node=\"8\" data-index-in-node=\"128\">karaci\u011fer kanseri %14<\/b> ve <b data-path-to-node=\"8\" data-index-in-node=\"153\">b\u00f6brek kanseri %5<\/b> oran\u0131nda art\u0131\u015f g\u00f6sterdi. Uzmanlar, n\u00fcfusun b\u00fcy\u00fcmesi ve ya\u015flanmas\u0131 nedeniyle toplam \u00f6l\u00fcm say\u0131s\u0131n\u0131n artmaya devam etti\u011fine dikkat \u00e7ekerek, klinik ara\u015ft\u0131rmalar\u0131n h\u0131zland\u0131r\u0131lmas\u0131 ve sa\u011fl\u0131k personeline daha fazla zaman ayr\u0131lmas\u0131 gerekti\u011fini vurguluyor.<\/p>\n<\/div>\n<div id=\"briti-1535956194\" class=\"briti-icerikten-sonra_2\" style=\"margin-top: 25px;margin-bottom: 25px;\"><a href=\"https:\/\/wa.me\/message\/NDZLLIOQT4H3O1\" aria-label=\"bytv reklam banner\"><img loading=\"lazy\" decoding=\"async\" src=\"https:\/\/by-tv.co.uk\/wp-content\/uploads\/2025\/12\/bytv-reklam-banner.jpg\" alt=\"\"  width=\"2376\" height=\"1008\"   \/><\/a><\/div>","protected":false},"excerpt":{"rendered":"<p>Kanser \u00d6l\u00fcmlerinde Y\u00fczde 29\u2019luk Gerileme Birle\u015fik Krall\u0131k\u2019ta kansere ba\u011fl\u0131 \u00f6l\u00fcm oranlar\u0131, kay\u0131tlar\u0131n tutulmaya ba\u015flanmas\u0131ndan bu yana en d\u00fc\u015f\u00fck seviyesine ula\u015ft\u0131. Sky News taraf\u0131ndan aktar\u0131lan verilere g\u00f6re, her 100 bin ki\u015fiden yakla\u015f\u0131k 247\u2019sinin kanser nedeniyle hayat\u0131n\u0131 kaybetti\u011fi tahmin ediliyor. Bu rakam, \u00f6l\u00fcmlerin zirve yapt\u0131\u011f\u0131 1989 y\u0131l\u0131ndaki her 100 bin ki\u015fide 355 vakaya k\u0131yasla %29&#8216;luk bir d\u00fc\u015f\u00fc\u015f anlam\u0131na geliyor. Mide ve Akci\u011fer Kanserinde B\u00fcy\u00fck Ba\u015far\u0131 Son on y\u0131ll\u0131k s\u00fcre\u00e7te (2012-2024) belirli kanser t\u00fcrlerinde \u00e7arp\u0131c\u0131 iyile\u015fmeler g\u00f6zlemlendi. Veriler, mide kanseri \u00f6l\u00fcmlerinin %34, akci\u011fer kanseri \u00f6l\u00fcmlerinin %22 ve yumurtal\u0131k kanseri oranlar\u0131n\u0131n %19 oran\u0131nda d\u00fc\u015ft\u00fc\u011f\u00fcn\u00fc g\u00f6steriyor. Ayr\u0131ca ba\u011f\u0131rsak kanserinde %6, meme kanserinde %14 ve l\u00f6semide [&hellip;]<\/p>\n","protected":false},"author":11,"featured_media":28838,"comment_status":"open","ping_status":"open","sticky":false,"template":"","format":"standard","meta":{"ngg_post_thumbnail":0,"footnotes":""},"categories":[5269,13],"tags":[],"class_list":["post-37319","post","type-post","status-publish","format-standard","has-post-thumbnail","hentry","category-birlesik-krallik","category-saglik"],"_links":{"self":[{"href":"https:\/\/by-tv.co.uk\/en\/wp-json\/wp\/v2\/posts\/37319","targetHints":{"allow":["GET"]}}],"collection":[{"href":"https:\/\/by-tv.co.uk\/en\/wp-json\/wp\/v2\/posts"}],"about":[{"href":"https:\/\/by-tv.co.uk\/en\/wp-json\/wp\/v2\/types\/post"}],"author":[{"embeddable":true,"href":"https:\/\/by-tv.co.uk\/en\/wp-json\/wp\/v2\/users\/11"}],"replies":[{"embeddable":true,"href":"https:\/\/by-tv.co.uk\/en\/wp-json\/wp\/v2\/comments?post=37319"}],"version-history":[{"count":2,"href":"https:\/\/by-tv.co.uk\/en\/wp-json\/wp\/v2\/posts\/37319\/revisions"}],"predecessor-version":[{"id":37321,"href":"https:\/\/by-tv.co.uk\/en\/wp-json\/wp\/v2\/posts\/37319\/revisions\/37321"}],"wp:featuredmedia":[{"embeddable":true,"href":"https:\/\/by-tv.co.uk\/en\/wp-json\/wp\/v2\/media\/28838"}],"wp:attachment":[{"href":"https:\/\/by-tv.co.uk\/en\/wp-json\/wp\/v2\/media?parent=37319"}],"wp:term":[{"taxonomy":"category","embeddable":true,"href":"https:\/\/by-tv.co.uk\/en\/wp-json\/wp\/v2\/categories?post=37319"},{"taxonomy":"post_tag","embeddable":true,"href":"https:\/\/by-tv.co.uk\/en\/wp-json\/wp\/v2\/tags?post=37319"}],"curies":[{"name":"wp","href":"https:\/\/api.w.org\/{rel}","templated":true}]}}