{"id":37126,"date":"2026-03-04T17:00:50","date_gmt":"2026-03-04T17:00:50","guid":{"rendered":"https:\/\/by-tv.co.uk\/?p=37126"},"modified":"2026-03-04T15:16:34","modified_gmt":"2026-03-04T15:16:34","slug":"ingiltereden-vatandaslarina-tahliye-icin-kayit-olun","status":"publish","type":"post","link":"https:\/\/by-tv.co.uk\/en\/ingiltereden-vatandaslarina-tahliye-icin-kayit-olun\/","title":{"rendered":"\u0130ngiltere\u2019den Vatanda\u015flar\u0131na: Tahliye \u0130\u00e7in Kay\u0131t Olun"},"content":{"rendered":"<div id=\"model-response-message-contentr_a2d2ba8038712c64\" class=\"markdown markdown-main-panel enable-updated-hr-color\" dir=\"ltr\" aria-live=\"polite\" aria-busy=\"false\">\n<h4 data-path-to-node=\"1\"><b data-path-to-node=\"1\" data-index-in-node=\"0\">Starmer\u2019dan ikinci u\u00e7u\u015f m\u00fcjdesi<\/b><\/h4>\n<p data-path-to-node=\"2\"><b data-path-to-node=\"2\" data-index-in-node=\"0\">Ba\u015fbakan<\/b> <b data-path-to-node=\"2\" data-index-in-node=\"9\">Sir Keir Starmer<\/b>, <b data-path-to-node=\"2\" data-index-in-node=\"27\">\u0130ran<\/b>&#8216;daki sava\u015f\u0131n be\u015finci g\u00fcn\u00fcnde b\u00f6lgede mahsur kalan <b data-path-to-node=\"2\" data-index-in-node=\"82\">Birle\u015fik Krall\u0131k<\/b> vatanda\u015flar\u0131n\u0131 tahliye etmek i\u00e7in ikinci bir u\u00e7u\u015f organize edildi\u011fini duyurdu. <b data-path-to-node=\"2\" data-index-in-node=\"178\">Avam Kamaras\u0131<\/b>&#8216;ndaki oturumda konu\u015fan <b data-path-to-node=\"2\" data-index-in-node=\"215\">Starmer<\/b>, <b data-path-to-node=\"2\" data-index-in-node=\"224\">British Airways<\/b>\u2019in ek bir sefer koydu\u011funu belirterek vatanda\u015flar\u0131n g\u00fcvenli d\u00f6n\u00fc\u015f\u00fc i\u00e7in \u00e7al\u0131\u015fmalar\u0131n s\u00fcrd\u00fc\u011f\u00fcn\u00fc ifade etti.<\/p>\n<p data-path-to-node=\"3\"><b data-path-to-node=\"3\" data-index-in-node=\"0\">ITV News<\/b>&#8216;in haberine g\u00f6re, ilk tahliye u\u00e7a\u011f\u0131n\u0131n \u00c7ar\u015famba ak\u015fam\u0131 yerel saatle <b data-path-to-node=\"3\" data-index-in-node=\"77\">19.00<\/b>&#8216;da <b data-path-to-node=\"3\" data-index-in-node=\"86\">Muskat<\/b>&#8216;tan kalkmas\u0131 planlan\u0131yor. <b data-path-to-node=\"3\" data-index-in-node=\"119\">D\u0131\u015fi\u015fleri Bakanl\u0131\u011f\u0131<\/b>, tahliye s\u00fcrecinde \u00f6nceli\u011fin en savunmas\u0131z ki\u015filere verilece\u011fini ve vatanda\u015flar\u0131n yetkililer kendileriyle ileti\u015fime ge\u00e7meden havaliman\u0131na gitmemeleri gerekti\u011fini \u00f6nemle vurgulad\u0131.<\/p>\n<h4 data-path-to-node=\"4\"><b data-path-to-node=\"4\" data-index-in-node=\"0\">Kay\u0131t yapt\u0131rmak zorunlu<\/b><\/h4>\n<p data-path-to-node=\"5\"><b data-path-to-node=\"5\" data-index-in-node=\"0\">\u0130ngiltere D\u0131\u015fi\u015fleri Bakanl\u0131\u011f\u0131<\/b>, b\u00f6lgede yakla\u015f\u0131k <b data-path-to-node=\"5\" data-index-in-node=\"48\">130.000<\/b> \u0130ngiliz vatanda\u015f\u0131n\u0131n varl\u0131\u011f\u0131n\u0131 kaydettirdi\u011fini a\u00e7\u0131klad\u0131. <b data-path-to-node=\"5\" data-index-in-node=\"113\">Birle\u015fik Arap Emirlikleri<\/b>&#8216;nden <b data-path-to-node=\"5\" data-index-in-node=\"144\">Umman<\/b>&#8216;a ge\u00e7en ki\u015filerin de tahliye u\u00e7u\u015flar\u0131nda yer bulabilmek i\u00e7in mutlaka kay\u0131t yapt\u0131rmalar\u0131 istendi.<\/p><div id=\"briti-95443725\" class=\"briti-icerik\" style=\"margin-top: 5px;margin-bottom: 5px;\"><a href=\"https:\/\/piaryum.com\/services\/\" aria-label=\"piaryum banner\"><img loading=\"lazy\" decoding=\"async\" src=\"https:\/\/by-tv.co.uk\/wp-content\/uploads\/2025\/12\/Gemini_Generated_Image_g5yqr1g5yqr1g5yq.jpg\" alt=\"\"  width=\"2064\" height=\"1152\"   \/><\/a><\/div>\n<p data-path-to-node=\"6\">Tahliye u\u00e7u\u015flar\u0131ndan \u0130ngiliz vatanda\u015flar\u0131n\u0131n yan\u0131 s\u0131ra e\u015fleri ve <b data-path-to-node=\"6\" data-index-in-node=\"65\">18<\/b> ya\u015f\u0131ndan k\u00fc\u00e7\u00fck \u00e7ocuklar\u0131 da ge\u00e7erli seyahat belgeleri olmas\u0131 \u015fart\u0131yla yararlanabilecek. \u0130ngiliz vatanda\u015f\u0131 olmayan aile \u00fcyeleri i\u00e7in ge\u00e7erli bir vize veya en az <b data-path-to-node=\"6\" data-index-in-node=\"228\">3<\/b> ayl\u0131k oturum izni \u015fart\u0131 aran\u0131yor.<\/p>\n<h4 data-path-to-node=\"7\"><b data-path-to-node=\"7\" data-index-in-node=\"0\">Hava sahas\u0131 k\u0131s\u0131tlamalar\u0131 s\u00fcr\u00fcyor<\/b><\/h4>\n<p data-path-to-node=\"8\">B\u00f6lgedeki sava\u015f\u0131n yay\u0131lmas\u0131 ve hava sahalar\u0131n\u0131n kapat\u0131lmas\u0131, y\u00fcz binlerce \u0130ngiliz vatanda\u015f\u0131n\u0131n mahsur kalmas\u0131na neden oldu. <b data-path-to-node=\"8\" data-index-in-node=\"124\">D\u0131\u015fi\u015fleri Bakanl\u0131\u011f\u0131<\/b>, ek rotalar olu\u015fturmak i\u00e7in havayolu \u015firketleriyle \u00e7al\u0131\u015fmalar\u0131n s\u00fcrd\u00fc\u011f\u00fcn\u00fc bildirdi.<\/p>\n<p data-path-to-node=\"9\">Etkilenen vatanda\u015flar\u0131n havayolu \u015firketlerinden gelen g\u00fcncellemeleri takip etmeleri ve seyahat \u00f6ncesinde sigorta poli\u00e7elerini g\u00f6zden ge\u00e7irmeleri tavsiye ediliyor.<\/p>\n<\/div>\n<div id=\"briti-2201750131\" class=\"briti-icerikten-sonra_2\" style=\"margin-top: 25px;margin-bottom: 25px;\"><a href=\"https:\/\/wa.me\/message\/NDZLLIOQT4H3O1\" aria-label=\"bytv reklam banner\"><img loading=\"lazy\" decoding=\"async\" src=\"https:\/\/by-tv.co.uk\/wp-content\/uploads\/2025\/12\/bytv-reklam-banner.jpg\" alt=\"\"  width=\"2376\" height=\"1008\"   \/><\/a><\/div>","protected":false},"excerpt":{"rendered":"<p>Starmer\u2019dan ikinci u\u00e7u\u015f m\u00fcjdesi Ba\u015fbakan Sir Keir Starmer, \u0130ran&#8216;daki sava\u015f\u0131n be\u015finci g\u00fcn\u00fcnde b\u00f6lgede mahsur kalan Birle\u015fik Krall\u0131k vatanda\u015flar\u0131n\u0131 tahliye etmek i\u00e7in ikinci bir u\u00e7u\u015f organize edildi\u011fini duyurdu. Avam Kamaras\u0131&#8216;ndaki oturumda konu\u015fan Starmer, British Airways\u2019in ek bir sefer koydu\u011funu belirterek vatanda\u015flar\u0131n g\u00fcvenli d\u00f6n\u00fc\u015f\u00fc i\u00e7in \u00e7al\u0131\u015fmalar\u0131n s\u00fcrd\u00fc\u011f\u00fcn\u00fc ifade etti. ITV News&#8216;in haberine g\u00f6re, ilk tahliye u\u00e7a\u011f\u0131n\u0131n \u00c7ar\u015famba ak\u015fam\u0131 yerel saatle 19.00&#8216;da Muskat&#8216;tan kalkmas\u0131 planlan\u0131yor. D\u0131\u015fi\u015fleri Bakanl\u0131\u011f\u0131, tahliye s\u00fcrecinde \u00f6nceli\u011fin en savunmas\u0131z ki\u015filere verilece\u011fini ve vatanda\u015flar\u0131n yetkililer kendileriyle ileti\u015fime ge\u00e7meden havaliman\u0131na gitmemeleri gerekti\u011fini \u00f6nemle vurgulad\u0131. Kay\u0131t yapt\u0131rmak zorunlu \u0130ngiltere D\u0131\u015fi\u015fleri Bakanl\u0131\u011f\u0131, b\u00f6lgede yakla\u015f\u0131k 130.000 \u0130ngiliz vatanda\u015f\u0131n\u0131n varl\u0131\u011f\u0131n\u0131 kaydettirdi\u011fini a\u00e7\u0131klad\u0131. Birle\u015fik Arap Emirlikleri&#8216;nden Umman&#8216;a [&hellip;]<\/p>\n","protected":false},"author":11,"featured_media":35292,"comment_status":"open","ping_status":"open","sticky":false,"template":"","format":"standard","meta":{"ngg_post_thumbnail":0,"footnotes":""},"categories":[5269,15],"tags":[],"class_list":["post-37126","post","type-post","status-publish","format-standard","has-post-thumbnail","hentry","category-birlesik-krallik","category-ingiltere"],"_links":{"self":[{"href":"https:\/\/by-tv.co.uk\/en\/wp-json\/wp\/v2\/posts\/37126","targetHints":{"allow":["GET"]}}],"collection":[{"href":"https:\/\/by-tv.co.uk\/en\/wp-json\/wp\/v2\/posts"}],"about":[{"href":"https:\/\/by-tv.co.uk\/en\/wp-json\/wp\/v2\/types\/post"}],"author":[{"embeddable":true,"href":"https:\/\/by-tv.co.uk\/en\/wp-json\/wp\/v2\/users\/11"}],"replies":[{"embeddable":true,"href":"https:\/\/by-tv.co.uk\/en\/wp-json\/wp\/v2\/comments?post=37126"}],"version-history":[{"count":1,"href":"https:\/\/by-tv.co.uk\/en\/wp-json\/wp\/v2\/posts\/37126\/revisions"}],"predecessor-version":[{"id":37127,"href":"https:\/\/by-tv.co.uk\/en\/wp-json\/wp\/v2\/posts\/37126\/revisions\/37127"}],"wp:featuredmedia":[{"embeddable":true,"href":"https:\/\/by-tv.co.uk\/en\/wp-json\/wp\/v2\/media\/35292"}],"wp:attachment":[{"href":"https:\/\/by-tv.co.uk\/en\/wp-json\/wp\/v2\/media?parent=37126"}],"wp:term":[{"taxonomy":"category","embeddable":true,"href":"https:\/\/by-tv.co.uk\/en\/wp-json\/wp\/v2\/categories?post=37126"},{"taxonomy":"post_tag","embeddable":true,"href":"https:\/\/by-tv.co.uk\/en\/wp-json\/wp\/v2\/tags?post=37126"}],"curies":[{"name":"wp","href":"https:\/\/api.w.org\/{rel}","templated":true}]}}