{"id":37123,"date":"2026-03-04T15:11:30","date_gmt":"2026-03-04T15:11:30","guid":{"rendered":"https:\/\/by-tv.co.uk\/?p=37123"},"modified":"2026-03-04T15:11:30","modified_gmt":"2026-03-04T15:11:30","slug":"starmerden-trumpa-sert-yanit-ozel-iliski-bu-degil","status":"publish","type":"post","link":"https:\/\/by-tv.co.uk\/en\/starmerden-trumpa-sert-yanit-ozel-iliski-bu-degil\/","title":{"rendered":"Starmer\u2019den Trump\u2019a Sert Yan\u0131t: &#8220;\u00d6zel \u0130li\u015fki Bu De\u011fil&#8221;"},"content":{"rendered":"<div id=\"model-response-message-contentr_3e7b8b8211b75991\" class=\"markdown markdown-main-panel enable-updated-hr-color\" dir=\"ltr\" aria-live=\"polite\" aria-busy=\"false\">\n<p data-path-to-node=\"1\"><b data-path-to-node=\"1\" data-index-in-node=\"0\">Keir Starmer<\/b>\u2019\u0131n <b data-path-to-node=\"1\" data-index-in-node=\"16\">\u0130ran<\/b> \u00e7at\u0131\u015fmas\u0131na y\u00f6nelik tutumu, hem <b data-path-to-node=\"1\" data-index-in-node=\"53\">ABD<\/b> Ba\u015fkan\u0131 <b data-path-to-node=\"1\" data-index-in-node=\"65\">Donald Trump<\/b> hem de \u0130ngiliz muhalefeti taraf\u0131ndan sert ele\u015ftirilerin oda\u011f\u0131na yerle\u015fti. Ba\u015fbakan, Avam Kamaras\u0131&#8217;nda yapt\u0131\u011f\u0131 konu\u015fmada diplomatik ba\u011flar\u0131n s\u0131n\u0131rlar\u0131n\u0131 \u00e7izdi.<\/p>\n<p data-path-to-node=\"2\"><b data-path-to-node=\"2\" data-index-in-node=\"0\">The Guardian<\/b>\u2019\u0131n haberine g\u00f6re, <b data-path-to-node=\"2\" data-index-in-node=\"31\">Keir Starmer<\/b>, mevkida\u015f\u0131 <b data-path-to-node=\"2\" data-index-in-node=\"55\">Donald Trump<\/b>\u2019\u0131n her s\u00f6z\u00fcne ba\u011fl\u0131 kalman\u0131n &#8220;\u00f6zel ili\u015fki&#8221; anlam\u0131na gelmedi\u011fini vurgulad\u0131. Bu a\u00e7\u0131klama, <b data-path-to-node=\"2\" data-index-in-node=\"156\">Trump<\/b>\u2019\u0131n \u0130ngiliz \u00fcslerinin kullan\u0131m\u0131yla ilgili ya\u015fanan kriz sonras\u0131 <b data-path-to-node=\"2\" data-index-in-node=\"224\">Starmer<\/b> i\u00e7in yapt\u0131\u011f\u0131 <b data-path-to-node=\"2\" data-index-in-node=\"245\">\u201cWinston Churchill de\u011fil\u201d<\/b> benzetmesine do\u011frudan bir yan\u0131t olarak nitelendirildi.<\/p>\n<h4 data-path-to-node=\"3\"><b data-path-to-node=\"3\" data-index-in-node=\"0\">Muhalefetten \u00dcs Kullan\u0131m\u0131 Ele\u015ftirisi<\/b><\/h4>\n<p data-path-to-node=\"4\"><b data-path-to-node=\"4\" data-index-in-node=\"0\">Ba\u015fbakanl\u0131k Sorular\u0131 (PMQs)<\/b> oturumunda s\u00f6z alan Ana Muhalefet Lideri <b data-path-to-node=\"4\" data-index-in-node=\"69\">Kemi Badenoch<\/b>, h\u00fck\u00fcmetin kriz y\u00f6netimini hedef ald\u0131. <b data-path-to-node=\"4\" data-index-in-node=\"122\">Badenoch<\/b>, \u0130ngiltere\u2019nin m\u00fcttefikiyle e\u015fg\u00fcd\u00fcml\u00fc hareket etmedi\u011fini savunarak h\u00fck\u00fcmetin stratejisini zay\u0131f buldu\u011funu ifade etti.<\/p><div id=\"briti-431885048\" class=\"briti-icerik\" style=\"margin-top: 5px;margin-bottom: 5px;\"><a href=\"https:\/\/piaryum.com\/services\/\" aria-label=\"piaryum banner\"><img loading=\"lazy\" decoding=\"async\" src=\"https:\/\/by-tv.co.uk\/wp-content\/uploads\/2025\/12\/Gemini_Generated_Image_g5yqr1g5yqr1g5yq.jpg\" alt=\"\"  width=\"2064\" height=\"1152\"   \/><\/a><\/div>\n<p data-path-to-node=\"5\"><b data-path-to-node=\"5\" data-index-in-node=\"0\">Donald Trump<\/b>, <b data-path-to-node=\"5\" data-index-in-node=\"14\">ABD<\/b>\u2019nin \u0130ran\u2019a y\u00f6nelik ilk sald\u0131r\u0131lar\u0131 s\u0131ras\u0131nda \u0130ngiliz askeri \u00fcslerini kullanmas\u0131na izin verilmemesi \u00fczerine <b data-path-to-node=\"5\" data-index-in-node=\"125\">Starmer<\/b> y\u00f6netimine tepki g\u00f6stermi\u015fti. <b data-path-to-node=\"5\" data-index-in-node=\"163\">Starmer<\/b> ise meclis k\u00fcrs\u00fcs\u00fcnden yapt\u0131\u011f\u0131 savunmada, \u0130ngiliz ulusal \u00e7\u0131karlar\u0131n\u0131 koruman\u0131n her \u015feyden \u00f6nemli oldu\u011funu dile getirdi.<\/p>\n<h4 data-path-to-node=\"6\"><b data-path-to-node=\"6\" data-index-in-node=\"0\">Vatanda\u015flar\u0131n G\u00fcvenli\u011fi \u00d6ncelikli<\/b><\/h4>\n<p data-path-to-node=\"7\">Ba\u015fbakan <b data-path-to-node=\"7\" data-index-in-node=\"9\">Starmer<\/b>, diplomatik polemiklerin \u00f6tesinde as\u0131l odak noktas\u0131n\u0131n b\u00f6lgedeki \u0130ngiliz vatanda\u015flar\u0131n\u0131n g\u00fcvenli bir \u015fekilde tahliye edilmesi oldu\u011funu belirtti. <b data-path-to-node=\"7\" data-index-in-node=\"162\">Orta Do\u011fu<\/b>\u2019da t\u0131rmanan gerilim nedeniyle \u0130ngiliz h\u00fck\u00fcmetinin operasyonel haz\u0131rl\u0131klar\u0131n\u0131 bu y\u00f6nde yo\u011funla\u015ft\u0131rd\u0131\u011f\u0131 bildirildi.<\/p>\n<p data-path-to-node=\"8\"><b data-path-to-node=\"8\" data-index-in-node=\"0\">\u00d6zel ili\u015fki<\/b> kavram\u0131n\u0131n k\u00f6r\u00fc k\u00f6r\u00fcne bir ba\u011fl\u0131l\u0131k olmad\u0131\u011f\u0131n\u0131 savunan <b data-path-to-node=\"8\" data-index-in-node=\"67\">Starmer<\/b>, m\u00fcttefiklerle i\u015f birli\u011finin devam edece\u011fini ancak kararlar\u0131n ba\u011f\u0131ms\u0131z bir \u015fekilde \u0130ngiliz halk\u0131n\u0131n g\u00fcvenli\u011fi g\u00f6zetilerek al\u0131naca\u011f\u0131n\u0131 yineledi.<\/p>\n<\/div>\n<div id=\"briti-3538343067\" class=\"briti-icerikten-sonra_2\" style=\"margin-top: 25px;margin-bottom: 25px;\"><a href=\"https:\/\/wa.me\/message\/NDZLLIOQT4H3O1\" aria-label=\"bytv reklam banner\"><img loading=\"lazy\" decoding=\"async\" src=\"https:\/\/by-tv.co.uk\/wp-content\/uploads\/2025\/12\/bytv-reklam-banner.jpg\" alt=\"\"  width=\"2376\" height=\"1008\"   \/><\/a><\/div>","protected":false},"excerpt":{"rendered":"<p>Keir Starmer\u2019\u0131n \u0130ran \u00e7at\u0131\u015fmas\u0131na y\u00f6nelik tutumu, hem ABD Ba\u015fkan\u0131 Donald Trump hem de \u0130ngiliz muhalefeti taraf\u0131ndan sert ele\u015ftirilerin oda\u011f\u0131na yerle\u015fti. Ba\u015fbakan, Avam Kamaras\u0131&#8217;nda yapt\u0131\u011f\u0131 konu\u015fmada diplomatik ba\u011flar\u0131n s\u0131n\u0131rlar\u0131n\u0131 \u00e7izdi. The Guardian\u2019\u0131n haberine g\u00f6re, Keir Starmer, mevkida\u015f\u0131 Donald Trump\u2019\u0131n her s\u00f6z\u00fcne ba\u011fl\u0131 kalman\u0131n &#8220;\u00f6zel ili\u015fki&#8221; anlam\u0131na gelmedi\u011fini vurgulad\u0131. Bu a\u00e7\u0131klama, Trump\u2019\u0131n \u0130ngiliz \u00fcslerinin kullan\u0131m\u0131yla ilgili ya\u015fanan kriz sonras\u0131 Starmer i\u00e7in yapt\u0131\u011f\u0131 \u201cWinston Churchill de\u011fil\u201d benzetmesine do\u011frudan bir yan\u0131t olarak nitelendirildi. Muhalefetten \u00dcs Kullan\u0131m\u0131 Ele\u015ftirisi Ba\u015fbakanl\u0131k Sorular\u0131 (PMQs) oturumunda s\u00f6z alan Ana Muhalefet Lideri Kemi Badenoch, h\u00fck\u00fcmetin kriz y\u00f6netimini hedef ald\u0131. Badenoch, \u0130ngiltere\u2019nin m\u00fcttefikiyle e\u015fg\u00fcd\u00fcml\u00fc hareket etmedi\u011fini savunarak h\u00fck\u00fcmetin stratejisini zay\u0131f buldu\u011funu [&hellip;]<\/p>\n","protected":false},"author":11,"featured_media":35746,"comment_status":"open","ping_status":"open","sticky":false,"template":"","format":"standard","meta":{"ngg_post_thumbnail":0,"footnotes":""},"categories":[5269,11,15],"tags":[],"class_list":["post-37123","post","type-post","status-publish","format-standard","has-post-thumbnail","hentry","category-birlesik-krallik","category-dunya","category-ingiltere"],"_links":{"self":[{"href":"https:\/\/by-tv.co.uk\/en\/wp-json\/wp\/v2\/posts\/37123","targetHints":{"allow":["GET"]}}],"collection":[{"href":"https:\/\/by-tv.co.uk\/en\/wp-json\/wp\/v2\/posts"}],"about":[{"href":"https:\/\/by-tv.co.uk\/en\/wp-json\/wp\/v2\/types\/post"}],"author":[{"embeddable":true,"href":"https:\/\/by-tv.co.uk\/en\/wp-json\/wp\/v2\/users\/11"}],"replies":[{"embeddable":true,"href":"https:\/\/by-tv.co.uk\/en\/wp-json\/wp\/v2\/comments?post=37123"}],"version-history":[{"count":2,"href":"https:\/\/by-tv.co.uk\/en\/wp-json\/wp\/v2\/posts\/37123\/revisions"}],"predecessor-version":[{"id":37125,"href":"https:\/\/by-tv.co.uk\/en\/wp-json\/wp\/v2\/posts\/37123\/revisions\/37125"}],"wp:featuredmedia":[{"embeddable":true,"href":"https:\/\/by-tv.co.uk\/en\/wp-json\/wp\/v2\/media\/35746"}],"wp:attachment":[{"href":"https:\/\/by-tv.co.uk\/en\/wp-json\/wp\/v2\/media?parent=37123"}],"wp:term":[{"taxonomy":"category","embeddable":true,"href":"https:\/\/by-tv.co.uk\/en\/wp-json\/wp\/v2\/categories?post=37123"},{"taxonomy":"post_tag","embeddable":true,"href":"https:\/\/by-tv.co.uk\/en\/wp-json\/wp\/v2\/tags?post=37123"}],"curies":[{"name":"wp","href":"https:\/\/api.w.org\/{rel}","templated":true}]}}