{"id":37117,"date":"2026-03-04T17:18:37","date_gmt":"2026-03-04T17:18:37","guid":{"rendered":"https:\/\/by-tv.co.uk\/?p=37117"},"modified":"2026-03-04T15:01:50","modified_gmt":"2026-03-04T15:01:50","slug":"starmerin-ingiltere-ab-iliskilerini-yenileme-cabasina-elestiri","status":"publish","type":"post","link":"https:\/\/by-tv.co.uk\/en\/starmerin-ingiltere-ab-iliskilerini-yenileme-cabasina-elestiri\/","title":{"rendered":"Starmer\u2019\u0131n \u0130ngiltere-AB \u0130li\u015fkilerini Yenileme \u00c7abas\u0131na Ele\u015ftiri"},"content":{"rendered":"<div id=\"model-response-message-contentr_5fb33bed195da9c6\" class=\"markdown markdown-main-panel enable-updated-hr-color\" dir=\"ltr\" aria-live=\"polite\" aria-busy=\"false\">\n<h4 data-path-to-node=\"1\"><b data-path-to-node=\"1\" data-index-in-node=\"0\">Stratejik \u00f6ncelik eksikli\u011fi uyar\u0131s\u0131<\/b><\/h4>\n<p data-path-to-node=\"2\">Birle\u015fik Krall\u0131k parlamentosunun <b data-path-to-node=\"2\" data-index-in-node=\"33\">D\u0131\u015f \u0130li\u015fkiler Komisyonu<\/b> taraf\u0131ndan haz\u0131rlanan yeni bir rapor, Ba\u015fbakan <b data-path-to-node=\"2\" data-index-in-node=\"104\">Keir Starmer<\/b>\u2019\u0131n Avrupa Birli\u011fi ile ili\u015fkileri yeniden ba\u015flatma (reset) \u00e7abalar\u0131n\u0131 sert bir dille ele\u015ftirdi. <b data-path-to-node=\"2\" data-index-in-node=\"212\">The Guardian<\/b>\u2019\u0131n haberine g\u00f6re milletvekilleri, h\u00fck\u00fcmetin bu giri\u015fimlerinin <b data-path-to-node=\"2\" data-index-in-node=\"287\">&#8220;y\u00f6n, tan\u0131mlama ve itici g\u00fc\u00e7ten yoksun&#8221;<\/b> oldu\u011funu belirtti.<\/p>\n<p data-path-to-node=\"3\">Aylarca s\u00fcren uzman tan\u0131kl\u0131klar\u0131na dayanan rapor, ge\u00e7ti\u011fimiz May\u0131s ay\u0131nda <b data-path-to-node=\"3\" data-index-in-node=\"74\">Lancaster House<\/b>\u2019da ger\u00e7ekle\u015fen Birle\u015fik Krall\u0131k-AB zirvesinin siyasi atmosferi iyile\u015ftirdi\u011fini kabul etse de, somut ad\u0131mlar\u0131n at\u0131lmad\u0131\u011f\u0131na dikkat \u00e7ekti.<\/p>\n<h4 data-path-to-node=\"4\"><b data-path-to-node=\"4\" data-index-in-node=\"0\">Muhafazakar d\u00f6nem sonras\u0131 diplomatik bo\u015fluk<\/b><\/h4>\n<p data-path-to-node=\"5\">Komisyon, Muhafazakar Parti d\u00f6nemindeki gerginliklerin ard\u0131ndan siyasi ili\u015fkilerin <b data-path-to-node=\"5\" data-index-in-node=\"83\">\u00f6nemli \u00f6l\u00e7\u00fcde iyile\u015fti\u011fini<\/b> saptad\u0131. Ancak raporda, <b data-path-to-node=\"5\" data-index-in-node=\"134\">\u0130\u015f\u00e7i Partisi<\/b> h\u00fck\u00fcmetinin AB ile olan yeni d\u00f6neminde hen\u00fcz net bir stratejik \u00f6ncelik belirleyemedi\u011fi vurguland\u0131.<\/p><div id=\"briti-2524117248\" class=\"briti-icerik\" style=\"margin-top: 5px;margin-bottom: 5px;\"><a href=\"https:\/\/piaryum.com\/services\/\" aria-label=\"piaryum banner\"><img loading=\"lazy\" decoding=\"async\" src=\"https:\/\/by-tv.co.uk\/wp-content\/uploads\/2025\/12\/Gemini_Generated_Image_g5yqr1g5yqr1g5yq.jpg\" alt=\"\"  width=\"2064\" height=\"1152\"   \/><\/a><\/div>\n<p data-path-to-node=\"6\">Milletvekilleri, ili\u015fkilerin sadece s\u00f6ylem baz\u0131nda kalmamas\u0131 gerekti\u011fini ifade ederek, h\u00fck\u00fcmeti daha kararl\u0131 ve tan\u0131mlanm\u0131\u015f bir yol haritas\u0131 izlemeye \u00e7a\u011f\u0131rd\u0131. Ba\u015fbakan <b data-path-to-node=\"6\" data-index-in-node=\"168\">Starmer<\/b>&#8216;\u0131n AB ile daha yak\u0131n bir i\u015f birli\u011fi hedefinin, operasyonel bir drive (itici g\u00fc\u00e7) olmadan ba\u015far\u0131ya ula\u015famayaca\u011f\u0131 kaydedildi.<\/p>\n<h4 data-path-to-node=\"7\"><b data-path-to-node=\"7\" data-index-in-node=\"0\">D\u0131\u015f politika ve stratejik hedefler<\/b><\/h4>\n<p data-path-to-node=\"8\">Raporda, Birle\u015fik Krall\u0131k\u2019\u0131n k\u00fcresel arenadaki yerini sa\u011flamla\u015ft\u0131rmas\u0131 i\u00e7in Avrupa ile olan ba\u011flar\u0131n\u0131 yeniden tan\u0131mlamas\u0131n\u0131n kritik \u00f6nemde oldu\u011fu belirtildi. <b data-path-to-node=\"8\" data-index-in-node=\"158\">D\u0131\u015f \u0130li\u015fkiler Komisyonu<\/b>, h\u00fck\u00fcmetin &#8220;reset&#8221; vaadinin alt\u0131n\u0131 dolduracak <b data-path-to-node=\"8\" data-index-in-node=\"228\">stratejik \u00f6nceliklerin<\/b> bir an \u00f6nce netle\u015ftirilmesi gerekti\u011fini raporuna ekledi.<\/p>\n<p data-path-to-node=\"9\">Parlamento \u00fcyeleri, Br\u00fcksel ile olan ili\u015fkilerin sadece siyasi bir nezaket ziyareti boyutunda kalmas\u0131n\u0131n, Birle\u015fik Krall\u0131k\u2019\u0131n uzun vadeli \u00e7\u0131karlar\u0131na hizmet etmeyece\u011fi konusunda uyar\u0131larda bulundu.<\/p>\n<\/div>\n<div id=\"briti-1558999294\" class=\"briti-icerikten-sonra_2\" style=\"margin-top: 25px;margin-bottom: 25px;\"><a href=\"https:\/\/wa.me\/message\/NDZLLIOQT4H3O1\" aria-label=\"bytv reklam banner\"><img loading=\"lazy\" decoding=\"async\" src=\"https:\/\/by-tv.co.uk\/wp-content\/uploads\/2025\/12\/bytv-reklam-banner.jpg\" alt=\"\"  width=\"2376\" height=\"1008\"   \/><\/a><\/div>","protected":false},"excerpt":{"rendered":"<p>Stratejik \u00f6ncelik eksikli\u011fi uyar\u0131s\u0131 Birle\u015fik Krall\u0131k parlamentosunun D\u0131\u015f \u0130li\u015fkiler Komisyonu taraf\u0131ndan haz\u0131rlanan yeni bir rapor, Ba\u015fbakan Keir Starmer\u2019\u0131n Avrupa Birli\u011fi ile ili\u015fkileri yeniden ba\u015flatma (reset) \u00e7abalar\u0131n\u0131 sert bir dille ele\u015ftirdi. The Guardian\u2019\u0131n haberine g\u00f6re milletvekilleri, h\u00fck\u00fcmetin bu giri\u015fimlerinin &#8220;y\u00f6n, tan\u0131mlama ve itici g\u00fc\u00e7ten yoksun&#8221; oldu\u011funu belirtti. Aylarca s\u00fcren uzman tan\u0131kl\u0131klar\u0131na dayanan rapor, ge\u00e7ti\u011fimiz May\u0131s ay\u0131nda Lancaster House\u2019da ger\u00e7ekle\u015fen Birle\u015fik Krall\u0131k-AB zirvesinin siyasi atmosferi iyile\u015ftirdi\u011fini kabul etse de, somut ad\u0131mlar\u0131n at\u0131lmad\u0131\u011f\u0131na dikkat \u00e7ekti. Muhafazakar d\u00f6nem sonras\u0131 diplomatik bo\u015fluk Komisyon, Muhafazakar Parti d\u00f6nemindeki gerginliklerin ard\u0131ndan siyasi ili\u015fkilerin \u00f6nemli \u00f6l\u00e7\u00fcde iyile\u015fti\u011fini saptad\u0131. Ancak raporda, \u0130\u015f\u00e7i Partisi h\u00fck\u00fcmetinin AB ile olan yeni d\u00f6neminde hen\u00fcz [&hellip;]<\/p>\n","protected":false},"author":11,"featured_media":35596,"comment_status":"open","ping_status":"open","sticky":false,"template":"","format":"standard","meta":{"ngg_post_thumbnail":0,"footnotes":""},"categories":[5269,4386],"tags":[],"class_list":["post-37117","post","type-post","status-publish","format-standard","has-post-thumbnail","hentry","category-birlesik-krallik","category-birlesik-kralllik-avrupa-birligi"],"_links":{"self":[{"href":"https:\/\/by-tv.co.uk\/en\/wp-json\/wp\/v2\/posts\/37117","targetHints":{"allow":["GET"]}}],"collection":[{"href":"https:\/\/by-tv.co.uk\/en\/wp-json\/wp\/v2\/posts"}],"about":[{"href":"https:\/\/by-tv.co.uk\/en\/wp-json\/wp\/v2\/types\/post"}],"author":[{"embeddable":true,"href":"https:\/\/by-tv.co.uk\/en\/wp-json\/wp\/v2\/users\/11"}],"replies":[{"embeddable":true,"href":"https:\/\/by-tv.co.uk\/en\/wp-json\/wp\/v2\/comments?post=37117"}],"version-history":[{"count":1,"href":"https:\/\/by-tv.co.uk\/en\/wp-json\/wp\/v2\/posts\/37117\/revisions"}],"predecessor-version":[{"id":37118,"href":"https:\/\/by-tv.co.uk\/en\/wp-json\/wp\/v2\/posts\/37117\/revisions\/37118"}],"wp:featuredmedia":[{"embeddable":true,"href":"https:\/\/by-tv.co.uk\/en\/wp-json\/wp\/v2\/media\/35596"}],"wp:attachment":[{"href":"https:\/\/by-tv.co.uk\/en\/wp-json\/wp\/v2\/media?parent=37117"}],"wp:term":[{"taxonomy":"category","embeddable":true,"href":"https:\/\/by-tv.co.uk\/en\/wp-json\/wp\/v2\/categories?post=37117"},{"taxonomy":"post_tag","embeddable":true,"href":"https:\/\/by-tv.co.uk\/en\/wp-json\/wp\/v2\/tags?post=37117"}],"curies":[{"name":"wp","href":"https:\/\/api.w.org\/{rel}","templated":true}]}}