{"id":37114,"date":"2026-03-04T14:58:59","date_gmt":"2026-03-04T14:58:59","guid":{"rendered":"https:\/\/by-tv.co.uk\/?p=37114"},"modified":"2026-03-04T14:58:59","modified_gmt":"2026-03-04T14:58:59","slug":"avrupa-borsalarinda-iran-kaynakli-baris-umuduyla-yukselis","status":"publish","type":"post","link":"https:\/\/by-tv.co.uk\/en\/avrupa-borsalarinda-iran-kaynakli-baris-umuduyla-yukselis\/","title":{"rendered":"Avrupa Borsalar\u0131nda \u0130ran Kaynakl\u0131 Bar\u0131\u015f Umuduyla Y\u00fckseli\u015f"},"content":{"rendered":"<div id=\"model-response-message-contentr_89701fc55385ee9d\" class=\"markdown markdown-main-panel enable-updated-hr-color\" dir=\"ltr\" aria-live=\"off\" aria-busy=\"false\">\n<h4 data-path-to-node=\"1\"><b data-path-to-node=\"1\" data-index-in-node=\"0\">Piyasalarda Pozitif Hava Hakim<\/b><\/h4>\n<p data-path-to-node=\"2\">D\u00fcnya genelindeki endekslerde g\u00fcnlerdir ya\u015fanan a\u011f\u0131r kay\u0131plar\u0131n ard\u0131ndan, Avrupa borsalar\u0131 g\u00fcne g\u00fc\u00e7l\u00fc bir y\u00fckseli\u015fle ba\u015flad\u0131. Yat\u0131r\u0131mc\u0131lar\u0131n Orta Do\u011fu\u2019daki \u00e7at\u0131\u015fmalar\u0131n sona erebilece\u011fine dair beklentileri, sat\u0131\u015f bask\u0131s\u0131n\u0131 ortadan kald\u0131rarak piyasalara moral verdi.<\/p>\n<p data-path-to-node=\"3\"><b data-path-to-node=\"3\" data-index-in-node=\"0\">The Guardian<\/b>\u2019\u0131n haberine g\u00f6re, Londra borsas\u0131n\u0131n ana endeksi olan <b data-path-to-node=\"3\" data-index-in-node=\"66\">FTSE 100<\/b>, a\u00e7\u0131l\u0131\u015f\u0131n ard\u0131ndan <b data-path-to-node=\"3\" data-index-in-node=\"94\">50 puandan fazla<\/b> de\u011fer kazand\u0131. Bu y\u00fckseli\u015f dalgas\u0131 k\u0131ta geneline yay\u0131larak pan-Avrupa <b data-path-to-node=\"3\" data-index-in-node=\"181\">Stoxx 600<\/b> endeksinin <b data-path-to-node=\"3\" data-index-in-node=\"202\">%1,2<\/b> oran\u0131nda artmas\u0131na yol a\u00e7t\u0131.<\/p>\n<h4 data-path-to-node=\"4\"><b data-path-to-node=\"4\" data-index-in-node=\"0\">Gizli Diplomasi \u0130ddialar\u0131<\/b><\/h4>\n<p data-path-to-node=\"5\">Piyasalardaki bu ani toparlanman\u0131n arkas\u0131nda, <b data-path-to-node=\"5\" data-index-in-node=\"46\">\u0130ran<\/b>&#8216;\u0131n sava\u015f\u0131 bitirmek ad\u0131na ba\u015flatt\u0131\u011f\u0131 iddia edilen &#8220;gizli diplomatik giri\u015fimler&#8221; yer al\u0131yor. <b data-path-to-node=\"5\" data-index-in-node=\"142\">New York Times<\/b> taraf\u0131ndan yay\u0131mlanan rapor, b\u00f6lgedeki gerilimin d\u00fc\u015febilece\u011fine dair ilk somut sinyal olarak alg\u0131land\u0131.<\/p><div id=\"briti-899384480\" class=\"briti-icerik\" style=\"margin-top: 5px;margin-bottom: 5px;\"><a href=\"https:\/\/piaryum.com\/services\/\" aria-label=\"piaryum banner\"><img loading=\"lazy\" decoding=\"async\" src=\"https:\/\/by-tv.co.uk\/wp-content\/uploads\/2025\/12\/Gemini_Generated_Image_g5yqr1g5yqr1g5yq.jpg\" alt=\"\"  width=\"2064\" height=\"1152\"   \/><\/a><\/div>\n<p data-path-to-node=\"6\">Raporda, sald\u0131r\u0131lar\u0131n ba\u015flamas\u0131ndan sadece bir g\u00fcn sonra <b data-path-to-node=\"6\" data-index-in-node=\"57\">\u0130ran \u0130stihbarat Bakanl\u0131\u011f\u0131<\/b> yetkililerinin, \u00e7at\u0131\u015fmay\u0131 sona erdirecek \u015fartlar\u0131 g\u00f6r\u00fc\u015fmek \u00fczere dolayl\u0131 yollardan <b data-path-to-node=\"6\" data-index-in-node=\"166\">CIA<\/b> ile temasa ge\u00e7ti\u011fi \u00f6ne s\u00fcr\u00fcld\u00fc. Bu iddia, piyasalarda &#8220;en k\u00f6t\u00fc senaryonun&#8221; geride kalm\u0131\u015f olabilece\u011fi \u015feklinde yorumland\u0131.<\/p>\n<h4 data-path-to-node=\"7\"><b data-path-to-node=\"7\" data-index-in-node=\"0\">Enerji Fiyatlar\u0131 ve K\u00fcresel Ekonomi<\/b><\/h4>\n<p data-path-to-node=\"8\">Sava\u015f\u0131n ilk g\u00fcnlerinde do\u011fal gaz fiyatlar\u0131n\u0131n <b data-path-to-node=\"8\" data-index-in-node=\"46\">%30<\/b> artarak son \u00fc\u00e7 y\u0131l\u0131n zirvesine \u00e7\u0131kmas\u0131 ve petrol fiyatlar\u0131ndaki sert y\u00fckseli\u015f, k\u00fcresel enflasyon endi\u015felerini tetiklemi\u015fti. Ancak bar\u0131\u015f ihtimalinin masada olmas\u0131, enerji maliyetlerindeki bask\u0131y\u0131 bir miktar hafifletti.<\/p>\n<p data-path-to-node=\"9\">Analistler, piyasalar\u0131n hala hassas oldu\u011funu ancak <b data-path-to-node=\"9\" data-index-in-node=\"51\">\u0130ran<\/b> ve <b data-path-to-node=\"9\" data-index-in-node=\"59\">ABD<\/b> aras\u0131ndaki bu dolayl\u0131 temas\u0131n do\u011frulanmas\u0131 durumunda rallinin h\u0131zlanabilece\u011fini belirtiyor. Yat\u0131r\u0131mc\u0131lar, Orta Do\u011fu&#8217;dan gelecek resmi a\u00e7\u0131klamalar\u0131 ve ate\u015fkes g\u00f6r\u00fc\u015fmelerine dair s\u0131z\u0131nt\u0131lar\u0131 yak\u0131ndan takip etmeye devam ediyor.<\/p>\n<\/div>\n<div id=\"briti-3101753286\" class=\"briti-icerikten-sonra_2\" style=\"margin-top: 25px;margin-bottom: 25px;\"><a href=\"https:\/\/wa.me\/message\/NDZLLIOQT4H3O1\" aria-label=\"bytv reklam banner\"><img loading=\"lazy\" decoding=\"async\" src=\"https:\/\/by-tv.co.uk\/wp-content\/uploads\/2025\/12\/bytv-reklam-banner.jpg\" alt=\"\"  width=\"2376\" height=\"1008\"   \/><\/a><\/div>","protected":false},"excerpt":{"rendered":"<p>Piyasalarda Pozitif Hava Hakim D\u00fcnya genelindeki endekslerde g\u00fcnlerdir ya\u015fanan a\u011f\u0131r kay\u0131plar\u0131n ard\u0131ndan, Avrupa borsalar\u0131 g\u00fcne g\u00fc\u00e7l\u00fc bir y\u00fckseli\u015fle ba\u015flad\u0131. Yat\u0131r\u0131mc\u0131lar\u0131n Orta Do\u011fu\u2019daki \u00e7at\u0131\u015fmalar\u0131n sona erebilece\u011fine dair beklentileri, sat\u0131\u015f bask\u0131s\u0131n\u0131 ortadan kald\u0131rarak piyasalara moral verdi. The Guardian\u2019\u0131n haberine g\u00f6re, Londra borsas\u0131n\u0131n ana endeksi olan FTSE 100, a\u00e7\u0131l\u0131\u015f\u0131n ard\u0131ndan 50 puandan fazla de\u011fer kazand\u0131. Bu y\u00fckseli\u015f dalgas\u0131 k\u0131ta geneline yay\u0131larak pan-Avrupa Stoxx 600 endeksinin %1,2 oran\u0131nda artmas\u0131na yol a\u00e7t\u0131. Gizli Diplomasi \u0130ddialar\u0131 Piyasalardaki bu ani toparlanman\u0131n arkas\u0131nda, \u0130ran&#8216;\u0131n sava\u015f\u0131 bitirmek ad\u0131na ba\u015flatt\u0131\u011f\u0131 iddia edilen &#8220;gizli diplomatik giri\u015fimler&#8221; yer al\u0131yor. New York Times taraf\u0131ndan yay\u0131mlanan rapor, b\u00f6lgedeki gerilimin d\u00fc\u015febilece\u011fine dair ilk somut sinyal [&hellip;]<\/p>\n","protected":false},"author":11,"featured_media":37115,"comment_status":"open","ping_status":"open","sticky":false,"template":"","format":"standard","meta":{"ngg_post_thumbnail":0,"footnotes":""},"categories":[11,1272],"tags":[],"class_list":["post-37114","post","type-post","status-publish","format-standard","has-post-thumbnail","hentry","category-dunya","category-ekonomi"],"_links":{"self":[{"href":"https:\/\/by-tv.co.uk\/en\/wp-json\/wp\/v2\/posts\/37114","targetHints":{"allow":["GET"]}}],"collection":[{"href":"https:\/\/by-tv.co.uk\/en\/wp-json\/wp\/v2\/posts"}],"about":[{"href":"https:\/\/by-tv.co.uk\/en\/wp-json\/wp\/v2\/types\/post"}],"author":[{"embeddable":true,"href":"https:\/\/by-tv.co.uk\/en\/wp-json\/wp\/v2\/users\/11"}],"replies":[{"embeddable":true,"href":"https:\/\/by-tv.co.uk\/en\/wp-json\/wp\/v2\/comments?post=37114"}],"version-history":[{"count":1,"href":"https:\/\/by-tv.co.uk\/en\/wp-json\/wp\/v2\/posts\/37114\/revisions"}],"predecessor-version":[{"id":37116,"href":"https:\/\/by-tv.co.uk\/en\/wp-json\/wp\/v2\/posts\/37114\/revisions\/37116"}],"wp:featuredmedia":[{"embeddable":true,"href":"https:\/\/by-tv.co.uk\/en\/wp-json\/wp\/v2\/media\/37115"}],"wp:attachment":[{"href":"https:\/\/by-tv.co.uk\/en\/wp-json\/wp\/v2\/media?parent=37114"}],"wp:term":[{"taxonomy":"category","embeddable":true,"href":"https:\/\/by-tv.co.uk\/en\/wp-json\/wp\/v2\/categories?post=37114"},{"taxonomy":"post_tag","embeddable":true,"href":"https:\/\/by-tv.co.uk\/en\/wp-json\/wp\/v2\/tags?post=37114"}],"curies":[{"name":"wp","href":"https:\/\/api.w.org\/{rel}","templated":true}]}}