{"id":37106,"date":"2026-03-04T15:18:24","date_gmt":"2026-03-04T15:18:24","guid":{"rendered":"https:\/\/by-tv.co.uk\/?p=37106"},"modified":"2026-03-04T14:40:14","modified_gmt":"2026-03-04T14:40:14","slug":"birlesik-kralliktan-iran-fuze-uslerine-operasyon-sinyali","status":"publish","type":"post","link":"https:\/\/by-tv.co.uk\/en\/birlesik-kralliktan-iran-fuze-uslerine-operasyon-sinyali\/","title":{"rendered":"Birle\u015fik Krall\u0131k\u2019tan \u0130ran F\u00fcze \u00dcslerine Operasyon Sinyali"},"content":{"rendered":"<div id=\"model-response-message-contentr_e4f52251ce61e05c\" class=\"markdown markdown-main-panel enable-updated-hr-color\" dir=\"ltr\" aria-live=\"off\" aria-busy=\"false\">\n<h4 data-path-to-node=\"1\"><b data-path-to-node=\"1\" data-index-in-node=\"0\">Stratejik \u00dcslerde Haz\u0131rl\u0131k S\u00fcreci Ba\u015flad\u0131<\/b><\/h4>\n<p data-path-to-node=\"2\">Birle\u015fik Krall\u0131k h\u00fck\u00fcmetinden yetkililer, \u0130ran\u2019\u0131n balistik f\u00fcze f\u0131rlatma sahalar\u0131na d\u00fczenlenecek gelecekteki olas\u0131 operasyonlara kat\u0131lma se\u00e7ene\u011finin masada oldu\u011funu belirtti. <b data-path-to-node=\"2\" data-index-in-node=\"175\">The Guardian<\/b>\u2019\u0131n haberine g\u00f6re, b\u00f6lgedeki gerilim t\u0131rman\u0131rken Bat\u0131l\u0131 kaynaklar s\u00fcrecin belirsizli\u011fini korudu\u011funu vurguluyor.<\/p>\n<p data-path-to-node=\"3\"><b data-path-to-node=\"3\" data-index-in-node=\"0\">ABD<\/b> a\u011f\u0131r bombard\u0131man u\u00e7aklar\u0131n\u0131n \u00f6n\u00fcm\u00fczdeki birka\u00e7 g\u00fcn i\u00e7inde Birle\u015fik Krall\u0131k\u2019\u0131n kontrol\u00fcndeki stratejik noktalara ula\u015fmas\u0131 bekleniyor. Bu u\u00e7aklar\u0131n, Chagos Adalar\u0131\u2019ndaki <b data-path-to-node=\"3\" data-index-in-node=\"172\">Diego Garcia<\/b> ve Gloucestershire\u2019daki <b data-path-to-node=\"3\" data-index-in-node=\"209\">Fairford<\/b> \u00fcslerine konu\u015fland\u0131r\u0131lmas\u0131 planlan\u0131yor.<\/p>\n<h4 data-path-to-node=\"4\"><b data-path-to-node=\"4\" data-index-in-node=\"0\">Yeralt\u0131 F\u00fcze \u015eehirleri Hedefte<\/b><\/h4>\n<p data-path-to-node=\"5\">Operasyonun temel hedefinin, \u0130ran\u2019\u0131n &#8220;f\u00fcze \u015fehirleri&#8221; olarak adland\u0131r\u0131lan yeralt\u0131 balistik f\u00fcze tesisleri oldu\u011fu ifade ediliyor. Stratejik olarak konumland\u0131r\u0131lan a\u011f\u0131r bombard\u0131man u\u00e7aklar\u0131n\u0131n, bu tesisleri etkisiz hale getirmek amac\u0131yla kullan\u0131laca\u011f\u0131 \u00f6ng\u00f6r\u00fcl\u00fcyor.<\/p><div id=\"briti-1807561461\" class=\"briti-icerik\" style=\"margin-top: 5px;margin-bottom: 5px;\"><a href=\"https:\/\/piaryum.com\/services\/\" aria-label=\"piaryum banner\"><img loading=\"lazy\" decoding=\"async\" src=\"https:\/\/by-tv.co.uk\/wp-content\/uploads\/2025\/12\/Gemini_Generated_Image_g5yqr1g5yqr1g5yq.jpg\" alt=\"\"  width=\"2064\" height=\"1152\"   \/><\/a><\/div>\n<p data-path-to-node=\"6\">Savunma kaynaklar\u0131, operasyonel haz\u0131rl\u0131klar\u0131n devam etti\u011fini ancak nihai karar\u0131n sahadaki geli\u015fmelere ba\u011fl\u0131 olarak \u015fekillenece\u011fini belirtiyor. Ortado\u011fu\u2019daki kriz derinle\u015firken, Birle\u015fik Krall\u0131k\u2019\u0131n bu hamlesi b\u00f6lgedeki askeri dengeler a\u00e7\u0131s\u0131ndan kritik bir e\u015fik olarak g\u00f6r\u00fcl\u00fcyor.<\/p>\n<\/div>\n<div id=\"briti-2180368677\" class=\"briti-icerikten-sonra_2\" style=\"margin-top: 25px;margin-bottom: 25px;\"><a href=\"https:\/\/wa.me\/message\/NDZLLIOQT4H3O1\" aria-label=\"bytv reklam banner\"><img loading=\"lazy\" decoding=\"async\" src=\"https:\/\/by-tv.co.uk\/wp-content\/uploads\/2025\/12\/bytv-reklam-banner.jpg\" alt=\"\"  width=\"2376\" height=\"1008\"   \/><\/a><\/div>","protected":false},"excerpt":{"rendered":"<p>Stratejik \u00dcslerde Haz\u0131rl\u0131k S\u00fcreci Ba\u015flad\u0131 Birle\u015fik Krall\u0131k h\u00fck\u00fcmetinden yetkililer, \u0130ran\u2019\u0131n balistik f\u00fcze f\u0131rlatma sahalar\u0131na d\u00fczenlenecek gelecekteki olas\u0131 operasyonlara kat\u0131lma se\u00e7ene\u011finin masada oldu\u011funu belirtti. The Guardian\u2019\u0131n haberine g\u00f6re, b\u00f6lgedeki gerilim t\u0131rman\u0131rken Bat\u0131l\u0131 kaynaklar s\u00fcrecin belirsizli\u011fini korudu\u011funu vurguluyor. ABD a\u011f\u0131r bombard\u0131man u\u00e7aklar\u0131n\u0131n \u00f6n\u00fcm\u00fczdeki birka\u00e7 g\u00fcn i\u00e7inde Birle\u015fik Krall\u0131k\u2019\u0131n kontrol\u00fcndeki stratejik noktalara ula\u015fmas\u0131 bekleniyor. Bu u\u00e7aklar\u0131n, Chagos Adalar\u0131\u2019ndaki Diego Garcia ve Gloucestershire\u2019daki Fairford \u00fcslerine konu\u015fland\u0131r\u0131lmas\u0131 planlan\u0131yor. Yeralt\u0131 F\u00fcze \u015eehirleri Hedefte Operasyonun temel hedefinin, \u0130ran\u2019\u0131n &#8220;f\u00fcze \u015fehirleri&#8221; olarak adland\u0131r\u0131lan yeralt\u0131 balistik f\u00fcze tesisleri oldu\u011fu ifade ediliyor. Stratejik olarak konumland\u0131r\u0131lan a\u011f\u0131r bombard\u0131man u\u00e7aklar\u0131n\u0131n, bu tesisleri etkisiz hale getirmek amac\u0131yla kullan\u0131laca\u011f\u0131 \u00f6ng\u00f6r\u00fcl\u00fcyor. Savunma kaynaklar\u0131, operasyonel haz\u0131rl\u0131klar\u0131n [&hellip;]<\/p>\n","protected":false},"author":11,"featured_media":37107,"comment_status":"open","ping_status":"open","sticky":false,"template":"","format":"standard","meta":{"ngg_post_thumbnail":0,"footnotes":""},"categories":[5269],"tags":[],"class_list":["post-37106","post","type-post","status-publish","format-standard","has-post-thumbnail","hentry","category-birlesik-krallik"],"_links":{"self":[{"href":"https:\/\/by-tv.co.uk\/en\/wp-json\/wp\/v2\/posts\/37106","targetHints":{"allow":["GET"]}}],"collection":[{"href":"https:\/\/by-tv.co.uk\/en\/wp-json\/wp\/v2\/posts"}],"about":[{"href":"https:\/\/by-tv.co.uk\/en\/wp-json\/wp\/v2\/types\/post"}],"author":[{"embeddable":true,"href":"https:\/\/by-tv.co.uk\/en\/wp-json\/wp\/v2\/users\/11"}],"replies":[{"embeddable":true,"href":"https:\/\/by-tv.co.uk\/en\/wp-json\/wp\/v2\/comments?post=37106"}],"version-history":[{"count":1,"href":"https:\/\/by-tv.co.uk\/en\/wp-json\/wp\/v2\/posts\/37106\/revisions"}],"predecessor-version":[{"id":37108,"href":"https:\/\/by-tv.co.uk\/en\/wp-json\/wp\/v2\/posts\/37106\/revisions\/37108"}],"wp:featuredmedia":[{"embeddable":true,"href":"https:\/\/by-tv.co.uk\/en\/wp-json\/wp\/v2\/media\/37107"}],"wp:attachment":[{"href":"https:\/\/by-tv.co.uk\/en\/wp-json\/wp\/v2\/media?parent=37106"}],"wp:term":[{"taxonomy":"category","embeddable":true,"href":"https:\/\/by-tv.co.uk\/en\/wp-json\/wp\/v2\/categories?post=37106"},{"taxonomy":"post_tag","embeddable":true,"href":"https:\/\/by-tv.co.uk\/en\/wp-json\/wp\/v2\/tags?post=37106"}],"curies":[{"name":"wp","href":"https:\/\/api.w.org\/{rel}","templated":true}]}}