{"id":37100,"date":"2026-03-04T14:13:25","date_gmt":"2026-03-04T14:13:25","guid":{"rendered":"https:\/\/by-tv.co.uk\/?p=37100"},"modified":"2026-03-04T14:13:25","modified_gmt":"2026-03-04T14:13:25","slug":"starmerdan-iran-yaniti-hukuki-dayanak-sart","status":"publish","type":"post","link":"https:\/\/by-tv.co.uk\/en\/starmerdan-iran-yaniti-hukuki-dayanak-sart\/","title":{"rendered":"Starmer\u2019dan \u0130ran Yan\u0131t\u0131: \u201cHukuki Dayanak \u015eart\u201d"},"content":{"rendered":"<div id=\"model-response-message-contentr_9e33fd578a856211\" class=\"markdown markdown-main-panel enable-updated-hr-color\" dir=\"ltr\" aria-live=\"polite\" aria-busy=\"false\">\n<h4 data-path-to-node=\"1\">Starmer\u2019\u0131n askeri stratejisi: \u201c\u00d6nce hukuk ve plan\u201d<\/h4>\n<p data-path-to-node=\"2\"><b data-path-to-node=\"2\" data-index-in-node=\"0\">Birle\u015fik Krall\u0131k<\/b> Ba\u015fbakan\u0131 <b data-path-to-node=\"2\" data-index-in-node=\"27\">Sir Keir Starmer<\/b>, h\u00fck\u00fcmetin <b data-path-to-node=\"2\" data-index-in-node=\"55\">\u0130ran<\/b> ile ya\u015fanan \u00e7at\u0131\u015fmalardaki tutumunu savunarak, \u0130ngiliz vatanda\u015flar\u0131n\u0131 koruman\u0131n &#8220;bir numaral\u0131 \u00f6nceli\u011fi&#8221; oldu\u011funu a\u00e7\u0131klad\u0131. <b data-path-to-node=\"2\" data-index-in-node=\"183\">BBC<\/b>&#8216;nin haberine g\u00f6re <b data-path-to-node=\"2\" data-index-in-node=\"205\">Starmer<\/b>, hukuki bir dayanak ve \u00fczerinde d\u00fc\u015f\u00fcn\u00fclm\u00fc\u015f uygulanabilir bir plan olmadan \u00fclkesinin bir sava\u015fa kat\u0131lmas\u0131na izin vermeyece\u011fini vurgulad\u0131.<\/p>\n<p data-path-to-node=\"3\"><b data-path-to-node=\"3\" data-index-in-node=\"0\">ABD<\/b> Ba\u015fkan\u0131 <b data-path-to-node=\"3\" data-index-in-node=\"12\">Donald Trump<\/b>, Cumartesi g\u00fcn\u00fc d\u00fczenlenen ilk sald\u0131r\u0131larda \u0130ngiliz \u00fcslerinin kullan\u0131lmas\u0131na izin vermedi\u011fi i\u00e7in <b data-path-to-node=\"3\" data-index-in-node=\"122\">Starmer<\/b>&#8216;\u0131 ele\u015ftirerek kendisi i\u00e7in &#8220;Winston Churchill de\u011fil&#8221; ifadesini kullanm\u0131\u015ft\u0131. <b data-path-to-node=\"3\" data-index-in-node=\"206\">Starmer<\/b> ise bu ele\u015ftirilere, <b data-path-to-node=\"3\" data-index-in-node=\"235\">ABD<\/b> u\u00e7aklar\u0131n\u0131n \u0130ngiliz \u00fcslerinden operasyon yapmas\u0131n\u0131n &#8220;\u00f6zel ili\u015fkinin i\u015fledi\u011finin kan\u0131t\u0131&#8221; oldu\u011funu s\u00f6yleyerek yan\u0131t verdi.<\/p>\n<h4 data-path-to-node=\"4\"><b data-path-to-node=\"4\" data-index-in-node=\"0\">Muhalefetten &#8220;savunmada kalma&#8221; ele\u015ftirisi<\/b><\/h4>\n<p data-path-to-node=\"5\"><b data-path-to-node=\"5\" data-index-in-node=\"0\">Avam Kamaras\u0131<\/b>&#8216;ndaki Ba\u015fbakanl\u0131k Sorular\u0131 oturumunda <b data-path-to-node=\"5\" data-index-in-node=\"52\">Muhafazakar Parti<\/b> lideri <b data-path-to-node=\"5\" data-index-in-node=\"77\">Kemi Badenoch<\/b>, h\u00fck\u00fcmeti pasif kalmakla su\u00e7lad\u0131. <b data-path-to-node=\"5\" data-index-in-node=\"125\">Badenoch<\/b>, K\u0131br\u0131s ve Bahreyn&#8217;deki \u0130ngiliz \u00fcslerine sald\u0131r\u0131 d\u00fczenlenmesine ra\u011fmen &#8220;taarruz eylemi&#8221; yap\u0131lmamas\u0131n\u0131, &#8220;ok\u00e7uyu durdurmak yerine oklar\u0131 yakalamaya \u00e7al\u0131\u015fmak&#8221; olarak nitelendirdi.<\/p><div id=\"briti-3503341103\" class=\"briti-icerik\" style=\"margin-top: 5px;margin-bottom: 5px;\"><a href=\"https:\/\/piaryum.com\/services\/\" aria-label=\"piaryum banner\"><img loading=\"lazy\" decoding=\"async\" src=\"https:\/\/by-tv.co.uk\/wp-content\/uploads\/2025\/12\/Gemini_Generated_Image_g5yqr1g5yqr1g5yq.jpg\" alt=\"\"  width=\"2064\" height=\"1152\"   \/><\/a><\/div>\n<p data-path-to-node=\"6\"><b data-path-to-node=\"6\" data-index-in-node=\"0\">Kemi Badenoch<\/b>, h\u00fck\u00fcmetin daha fazla savunma yat\u0131r\u0131m\u0131 yapmas\u0131 gerekti\u011fini savunurken, <b data-path-to-node=\"6\" data-index-in-node=\"85\">HMS Dragon<\/b> sava\u015f gemisinin halen limanda oldu\u011funu hat\u0131rlatt\u0131. <b data-path-to-node=\"6\" data-index-in-node=\"147\">Starmer<\/b> ise cevaben, <b data-path-to-node=\"6\" data-index-in-node=\"168\">Muhafazakar Parti<\/b>\u2019nin iktidardayken savunma b\u00fct\u00e7esini kesti\u011fini ve orduyu &#8220;i\u00e7i bo\u015falt\u0131lm\u0131\u015f&#8221; bir halde b\u0131rakt\u0131\u011f\u0131n\u0131 ileri s\u00fcrd\u00fc.<\/p>\n<h4 data-path-to-node=\"7\"><b data-path-to-node=\"7\" data-index-in-node=\"0\">B\u00f6lgedeki askeri hareketlilik art\u0131yor<\/b><\/h4>\n<p data-path-to-node=\"8\">H\u00fck\u00fcmet, b\u00f6lgedeki tehdidi azaltmak i\u00e7in radar sistemleri, karadan havaya savunma ara\u00e7lar\u0131 ve <b data-path-to-node=\"8\" data-index-in-node=\"94\">F35<\/b> jetlerini \u00f6nceden konu\u015fland\u0131rd\u0131\u011f\u0131n\u0131 duyurdu. Ayr\u0131ca, drone savar kabiliyetine sahip <b data-path-to-node=\"8\" data-index-in-node=\"182\">Wildcat<\/b> helikopterlerinin bu hafta K\u0131br\u0131s&#8217;ta olaca\u011f\u0131 ve <b data-path-to-node=\"8\" data-index-in-node=\"238\">HMS Dragon<\/b> gemisinin b\u00f6lgeye sevk edildi\u011fi bildirildi.<\/p>\n<p data-path-to-node=\"9\"><b data-path-to-node=\"9\" data-index-in-node=\"0\">\u0130ran<\/b>&#8216;\u0131n <b data-path-to-node=\"9\" data-index-in-node=\"8\">\u0130srail<\/b> ve <b data-path-to-node=\"9\" data-index-in-node=\"18\">ABD<\/b> m\u00fcttefiki K\u00f6rfez \u00fclkelerine y\u00f6nelik sald\u0131r\u0131lar\u0131 s\u00fcrerken, <b data-path-to-node=\"9\" data-index-in-node=\"80\">Oman<\/b>&#8216;dan mahsur kalan \u0130ngiliz vatanda\u015flar\u0131 i\u00e7in ek u\u00e7u\u015flar planland\u0131\u011f\u0131 a\u00e7\u0131kland\u0131. <b data-path-to-node=\"9\" data-index-in-node=\"162\">K\u0131br\u0131s<\/b>\u2019taki \u0130ngiliz \u00fcss\u00fcn\u00fcn bir dronla vuruldu\u011fu, <b data-path-to-node=\"9\" data-index-in-node=\"212\">Bahreyn<\/b>&#8216;deki f\u00fcze sald\u0131r\u0131s\u0131 s\u0131ras\u0131nda ise \u0130ngiliz personelinin \u00fcste bulundu\u011fu teyit edildi.<\/p>\n<\/div>\n<div id=\"briti-1424537136\" class=\"briti-icerikten-sonra_2\" style=\"margin-top: 25px;margin-bottom: 25px;\"><a href=\"https:\/\/wa.me\/message\/NDZLLIOQT4H3O1\" aria-label=\"bytv reklam banner\"><img loading=\"lazy\" decoding=\"async\" src=\"https:\/\/by-tv.co.uk\/wp-content\/uploads\/2025\/12\/bytv-reklam-banner.jpg\" alt=\"\"  width=\"2376\" height=\"1008\"   \/><\/a><\/div>","protected":false},"excerpt":{"rendered":"<p>Starmer\u2019\u0131n askeri stratejisi: \u201c\u00d6nce hukuk ve plan\u201d Birle\u015fik Krall\u0131k Ba\u015fbakan\u0131 Sir Keir Starmer, h\u00fck\u00fcmetin \u0130ran ile ya\u015fanan \u00e7at\u0131\u015fmalardaki tutumunu savunarak, \u0130ngiliz vatanda\u015flar\u0131n\u0131 koruman\u0131n &#8220;bir numaral\u0131 \u00f6nceli\u011fi&#8221; oldu\u011funu a\u00e7\u0131klad\u0131. BBC&#8216;nin haberine g\u00f6re Starmer, hukuki bir dayanak ve \u00fczerinde d\u00fc\u015f\u00fcn\u00fclm\u00fc\u015f uygulanabilir bir plan olmadan \u00fclkesinin bir sava\u015fa kat\u0131lmas\u0131na izin vermeyece\u011fini vurgulad\u0131. ABD Ba\u015fkan\u0131 Donald Trump, Cumartesi g\u00fcn\u00fc d\u00fczenlenen ilk sald\u0131r\u0131larda \u0130ngiliz \u00fcslerinin kullan\u0131lmas\u0131na izin vermedi\u011fi i\u00e7in Starmer&#8216;\u0131 ele\u015ftirerek kendisi i\u00e7in &#8220;Winston Churchill de\u011fil&#8221; ifadesini kullanm\u0131\u015ft\u0131. Starmer ise bu ele\u015ftirilere, ABD u\u00e7aklar\u0131n\u0131n \u0130ngiliz \u00fcslerinden operasyon yapmas\u0131n\u0131n &#8220;\u00f6zel ili\u015fkinin i\u015fledi\u011finin kan\u0131t\u0131&#8221; oldu\u011funu s\u00f6yleyerek yan\u0131t verdi. Muhalefetten &#8220;savunmada kalma&#8221; ele\u015ftirisi Avam Kamaras\u0131&#8216;ndaki Ba\u015fbakanl\u0131k Sorular\u0131 oturumunda [&hellip;]<\/p>\n","protected":false},"author":11,"featured_media":35613,"comment_status":"open","ping_status":"open","sticky":false,"template":"","format":"standard","meta":{"ngg_post_thumbnail":0,"footnotes":""},"categories":[5269,15],"tags":[],"class_list":["post-37100","post","type-post","status-publish","format-standard","has-post-thumbnail","hentry","category-birlesik-krallik","category-ingiltere"],"_links":{"self":[{"href":"https:\/\/by-tv.co.uk\/en\/wp-json\/wp\/v2\/posts\/37100","targetHints":{"allow":["GET"]}}],"collection":[{"href":"https:\/\/by-tv.co.uk\/en\/wp-json\/wp\/v2\/posts"}],"about":[{"href":"https:\/\/by-tv.co.uk\/en\/wp-json\/wp\/v2\/types\/post"}],"author":[{"embeddable":true,"href":"https:\/\/by-tv.co.uk\/en\/wp-json\/wp\/v2\/users\/11"}],"replies":[{"embeddable":true,"href":"https:\/\/by-tv.co.uk\/en\/wp-json\/wp\/v2\/comments?post=37100"}],"version-history":[{"count":1,"href":"https:\/\/by-tv.co.uk\/en\/wp-json\/wp\/v2\/posts\/37100\/revisions"}],"predecessor-version":[{"id":37101,"href":"https:\/\/by-tv.co.uk\/en\/wp-json\/wp\/v2\/posts\/37100\/revisions\/37101"}],"wp:featuredmedia":[{"embeddable":true,"href":"https:\/\/by-tv.co.uk\/en\/wp-json\/wp\/v2\/media\/35613"}],"wp:attachment":[{"href":"https:\/\/by-tv.co.uk\/en\/wp-json\/wp\/v2\/media?parent=37100"}],"wp:term":[{"taxonomy":"category","embeddable":true,"href":"https:\/\/by-tv.co.uk\/en\/wp-json\/wp\/v2\/categories?post=37100"},{"taxonomy":"post_tag","embeddable":true,"href":"https:\/\/by-tv.co.uk\/en\/wp-json\/wp\/v2\/tags?post=37100"}],"curies":[{"name":"wp","href":"https:\/\/api.w.org\/{rel}","templated":true}]}}