{"id":37063,"date":"2026-03-03T14:30:47","date_gmt":"2026-03-03T14:30:47","guid":{"rendered":"https:\/\/by-tv.co.uk\/?p=37063"},"modified":"2026-03-03T10:07:05","modified_gmt":"2026-03-03T10:07:05","slug":"birlesik-krallikta-phd-ogrencileri-politika-gelistiriyor","status":"publish","type":"post","link":"https:\/\/by-tv.co.uk\/en\/birlesik-krallikta-phd-ogrencileri-politika-gelistiriyor\/","title":{"rendered":"Birle\u015fik Krall\u0131k\u2019ta PhD \u00d6\u011frencileri Politika Geli\u015ftiriyor"},"content":{"rendered":"<div id=\"model-response-message-contentr_6d1ca674c9702729\" class=\"markdown markdown-main-panel enable-updated-hr-color preserve-whitespaces-in-response\" dir=\"ltr\" aria-live=\"polite\" aria-busy=\"false\">\n<h4 data-path-to-node=\"1\"><b data-path-to-node=\"1\" data-index-in-node=\"0\">Politika S\u00fcre\u00e7lerinde Akademik Katk\u0131<\/b><\/h4>\n<p data-path-to-node=\"2\">Birle\u015fik Krall\u0131k h\u00fck\u00fcmeti b\u00fcnyesinde faaliyet g\u00f6steren <b data-path-to-node=\"2\" data-index-in-node=\"55\">A\u00e7\u0131k \u0130novasyon Ekibi<\/b> (<b data-path-to-node=\"2\" data-index-in-node=\"77\">Open Innovation Team<\/b>), 2016 y\u0131l\u0131ndan bu yana y\u00fcr\u00fctt\u00fc\u011f\u00fc yerle\u015ftirme program\u0131 kapsam\u0131nda <b data-path-to-node=\"2\" data-index-in-node=\"164\">200\u2019den fazla<\/b> doktora \u00f6\u011frencisine kap\u0131lar\u0131n\u0131 a\u00e7t\u0131. Program, akademisyen adaylar\u0131n\u0131n teorik bilgilerini ger\u00e7ek d\u00fcnya sorunlar\u0131na ve kamu politikalar\u0131na d\u00f6n\u00fc\u015ft\u00fcrmelerine imkan tan\u0131yor.<\/p>\n<p data-path-to-node=\"3\"><b data-path-to-node=\"3\" data-index-in-node=\"0\">A\u00e7\u0131k \u0130novasyon Ekibi<\/b> taraf\u0131ndan payla\u015f\u0131lan verilere g\u00f6re, kat\u0131l\u0131mc\u0131lar bu s\u00fcre\u00e7te kan\u0131t temelli politika olu\u015fturma, projeye katk\u0131 sa\u011flama ve akademik verileri kamuoyuna etkili bir \u015fekilde aktarma becerileri kazan\u0131yor. Program, \u00f6\u011frencilerin mezuniyet sonras\u0131 kamu, \u00f6zel sekt\u00f6r ve sivil toplum kurulu\u015flar\u0131ndaki kariyer basamaklar\u0131n\u0131 g\u00fc\u00e7lendirmeyi hedefliyor.<\/p>\n<h4 data-path-to-node=\"4\"><b data-path-to-node=\"4\" data-index-in-node=\"0\">Akademik Bilginin Toplumsal Etkisi<\/b><\/h4>\n<p data-path-to-node=\"5\"><b data-path-to-node=\"5\" data-index-in-node=\"0\">UCL<\/b> b\u00fcnyesinde epidemiyoloji alan\u0131nda \u00e7al\u0131\u015fmalar y\u00fcr\u00fcten <b data-path-to-node=\"5\" data-index-in-node=\"57\">Enrico Pfeifer<\/b>, program\u0131n ard\u0131ndan ara\u015ft\u0131rma disiplininden kopmad\u0131\u011f\u0131n\u0131 ancak bak\u0131\u015f a\u00e7\u0131s\u0131n\u0131n de\u011fi\u015fti\u011fini belirtiyor. <b data-path-to-node=\"5\" data-index-in-node=\"173\">Pfeifer<\/b>, \u00e7al\u0131\u015fmalar\u0131n\u0131n kimlere ula\u015fmas\u0131 gerekti\u011fi ve ne t\u00fcr faydalar sa\u011flayabilece\u011fi konusunda daha derin d\u00fc\u015f\u00fcnmeye ba\u015flad\u0131\u011f\u0131n\u0131 ifade ederek, akademik verilerin konferans salonlar\u0131n\u0131n d\u0131\u015f\u0131na ta\u015f\u0131nmas\u0131 gerekti\u011fini vurguluyor.<\/p><div id=\"briti-1084841147\" class=\"briti-icerik\" style=\"margin-top: 5px;margin-bottom: 5px;\"><a href=\"https:\/\/piaryum.com\/services\/\" aria-label=\"piaryum banner\"><img loading=\"lazy\" decoding=\"async\" src=\"https:\/\/by-tv.co.uk\/wp-content\/uploads\/2025\/12\/Gemini_Generated_Image_g5yqr1g5yqr1g5yq.jpg\" alt=\"\"  width=\"2064\" height=\"1152\"   \/><\/a><\/div>\n<p data-path-to-node=\"6\"><b data-path-to-node=\"6\" data-index-in-node=\"0\">Oxford \u00dcniversitesi<\/b> antropolo\u011fu <b data-path-to-node=\"6\" data-index-in-node=\"32\">\u0130brahim \u0130nce<\/b> ise antropolojik bak\u0131\u015f a\u00e7\u0131s\u0131n\u0131n politika d\u00fcnyas\u0131ndaki h\u0131z ve belirsizlikle ba\u015fa \u00e7\u0131kmada kritik rol oynad\u0131\u011f\u0131n\u0131 dile getiriyor. <b data-path-to-node=\"6\" data-index-in-node=\"171\">\u0130nce<\/b>, karma\u015f\u0131k tablolar\u0131n netle\u015fmesi ve verilerin uygulanabilir hale getirilmesinin kariyeri boyunca kullanaca\u011f\u0131 en \u00f6nemli beceriler oldu\u011funu kaydediyor.<\/p>\n<h4 data-path-to-node=\"7\"><b data-path-to-node=\"7\" data-index-in-node=\"0\">Gelece\u011fin Politika Yap\u0131c\u0131lar\u0131 Yeti\u015fiyor<\/b><\/h4>\n<p data-path-to-node=\"8\">Program, farkl\u0131 disiplinlerden ve \u00fcniversitelerden gelen \u00f6\u011frencileri a\u011f\u0131rlamaya devam ediyor. Kat\u0131l\u0131mc\u0131lar, akademik titizlikten \u00f6d\u00fcn vermeden karma\u015f\u0131k konular\u0131 sade ve anla\u015f\u0131l\u0131r bir dille ifade etme yetkinli\u011fi kazan\u0131yor. Bu s\u00fcre\u00e7, Birle\u015fik Krall\u0131k&#8217;\u0131n politika \u00fcretiminde bilimsel kan\u0131tlara dayal\u0131 bir sistem kurma stratejisinin bir par\u00e7as\u0131n\u0131 olu\u015fturuyor.<\/p>\n<p data-path-to-node=\"9\">Ekip, yeni d\u00f6nem f\u0131rsatlar\u0131 ve projeleri hakk\u0131nda g\u00fcncel bilgileri profesyonel a\u011flar \u00fczerinden payla\u015farak daha fazla ara\u015ft\u0131rmac\u0131y\u0131 kamu hizmetine katk\u0131 vermeye davet ediyor.<\/p>\n<\/div>\n<div id=\"briti-3220475407\" class=\"briti-icerikten-sonra_2\" style=\"margin-top: 25px;margin-bottom: 25px;\"><a href=\"https:\/\/wa.me\/message\/NDZLLIOQT4H3O1\" aria-label=\"bytv reklam banner\"><img loading=\"lazy\" decoding=\"async\" src=\"https:\/\/by-tv.co.uk\/wp-content\/uploads\/2025\/12\/bytv-reklam-banner.jpg\" alt=\"\"  width=\"2376\" height=\"1008\"   \/><\/a><\/div>","protected":false},"excerpt":{"rendered":"<p>Politika S\u00fcre\u00e7lerinde Akademik Katk\u0131 Birle\u015fik Krall\u0131k h\u00fck\u00fcmeti b\u00fcnyesinde faaliyet g\u00f6steren A\u00e7\u0131k \u0130novasyon Ekibi (Open Innovation Team), 2016 y\u0131l\u0131ndan bu yana y\u00fcr\u00fctt\u00fc\u011f\u00fc yerle\u015ftirme program\u0131 kapsam\u0131nda 200\u2019den fazla doktora \u00f6\u011frencisine kap\u0131lar\u0131n\u0131 a\u00e7t\u0131. Program, akademisyen adaylar\u0131n\u0131n teorik bilgilerini ger\u00e7ek d\u00fcnya sorunlar\u0131na ve kamu politikalar\u0131na d\u00f6n\u00fc\u015ft\u00fcrmelerine imkan tan\u0131yor. A\u00e7\u0131k \u0130novasyon Ekibi taraf\u0131ndan payla\u015f\u0131lan verilere g\u00f6re, kat\u0131l\u0131mc\u0131lar bu s\u00fcre\u00e7te kan\u0131t temelli politika olu\u015fturma, projeye katk\u0131 sa\u011flama ve akademik verileri kamuoyuna etkili bir \u015fekilde aktarma becerileri kazan\u0131yor. Program, \u00f6\u011frencilerin mezuniyet sonras\u0131 kamu, \u00f6zel sekt\u00f6r ve sivil toplum kurulu\u015flar\u0131ndaki kariyer basamaklar\u0131n\u0131 g\u00fc\u00e7lendirmeyi hedefliyor. Akademik Bilginin Toplumsal Etkisi UCL b\u00fcnyesinde epidemiyoloji alan\u0131nda \u00e7al\u0131\u015fmalar y\u00fcr\u00fcten Enrico Pfeifer, program\u0131n ard\u0131ndan [&hellip;]<\/p>\n","protected":false},"author":11,"featured_media":37064,"comment_status":"open","ping_status":"open","sticky":false,"template":"","format":"standard","meta":{"ngg_post_thumbnail":0,"footnotes":""},"categories":[5269,1519,15],"tags":[],"class_list":["post-37063","post","type-post","status-publish","format-standard","has-post-thumbnail","hentry","category-birlesik-krallik","category-egitim","category-ingiltere"],"_links":{"self":[{"href":"https:\/\/by-tv.co.uk\/en\/wp-json\/wp\/v2\/posts\/37063","targetHints":{"allow":["GET"]}}],"collection":[{"href":"https:\/\/by-tv.co.uk\/en\/wp-json\/wp\/v2\/posts"}],"about":[{"href":"https:\/\/by-tv.co.uk\/en\/wp-json\/wp\/v2\/types\/post"}],"author":[{"embeddable":true,"href":"https:\/\/by-tv.co.uk\/en\/wp-json\/wp\/v2\/users\/11"}],"replies":[{"embeddable":true,"href":"https:\/\/by-tv.co.uk\/en\/wp-json\/wp\/v2\/comments?post=37063"}],"version-history":[{"count":1,"href":"https:\/\/by-tv.co.uk\/en\/wp-json\/wp\/v2\/posts\/37063\/revisions"}],"predecessor-version":[{"id":37065,"href":"https:\/\/by-tv.co.uk\/en\/wp-json\/wp\/v2\/posts\/37063\/revisions\/37065"}],"wp:featuredmedia":[{"embeddable":true,"href":"https:\/\/by-tv.co.uk\/en\/wp-json\/wp\/v2\/media\/37064"}],"wp:attachment":[{"href":"https:\/\/by-tv.co.uk\/en\/wp-json\/wp\/v2\/media?parent=37063"}],"wp:term":[{"taxonomy":"category","embeddable":true,"href":"https:\/\/by-tv.co.uk\/en\/wp-json\/wp\/v2\/categories?post=37063"},{"taxonomy":"post_tag","embeddable":true,"href":"https:\/\/by-tv.co.uk\/en\/wp-json\/wp\/v2\/tags?post=37063"}],"curies":[{"name":"wp","href":"https:\/\/api.w.org\/{rel}","templated":true}]}}