{"id":36980,"date":"2026-03-02T12:20:57","date_gmt":"2026-03-02T12:20:57","guid":{"rendered":"https:\/\/by-tv.co.uk\/?p=36980"},"modified":"2026-03-02T11:22:32","modified_gmt":"2026-03-02T11:22:32","slug":"cooper-birlesik-krallik-yeni-bir-irak-savasina-suruklenmiyor","status":"publish","type":"post","link":"https:\/\/by-tv.co.uk\/en\/cooper-birlesik-krallik-yeni-bir-irak-savasina-suruklenmiyor\/","title":{"rendered":"Cooper: Birle\u015fik Krall\u0131k Yeni Bir Irak Sava\u015f\u0131na S\u00fcr\u00fcklenmiyor"},"content":{"rendered":"<div id=\"model-response-message-contentr_7225816baa9ea12f\" class=\"markdown markdown-main-panel enable-updated-hr-color preserve-whitespaces-in-response\" dir=\"ltr\" aria-live=\"polite\" aria-busy=\"false\">\n<h4 data-path-to-node=\"1\"><b data-path-to-node=\"1\" data-index-in-node=\"0\">Tahran\u2019\u0131n Misilleme Sald\u0131r\u0131lar\u0131 ve \u0130ngiliz \u00dcsleri<\/b><\/h4>\n<p data-path-to-node=\"2\">Birle\u015fik Krall\u0131k D\u0131\u015fi\u015fleri Bakan\u0131 <b data-path-to-node=\"2\" data-index-in-node=\"34\">Yvette Cooper<\/b>, G\u00fcney K\u0131br\u0131s&#8217;taki bir <b data-path-to-node=\"2\" data-index-in-node=\"71\">Kraliyet Hava Kuvvetleri (RAF)<\/b> \u00fcss\u00fcn\u00fcn \u0130ran\u2019a ait insans\u0131z hava ara\u00e7lar\u0131yla vurulmas\u0131n\u0131n ard\u0131ndan a\u00e7\u0131klamalarda bulundu. Cooper, \u00fclkesinin Irak benzeri uzun s\u00fcreli bir \u00e7at\u0131\u015fman\u0131n i\u00e7ine \u00e7ekildi\u011fi iddialar\u0131n\u0131 kesin bir dille reddederek bunun &#8220;asla do\u011fru olmad\u0131\u011f\u0131n\u0131&#8221; vurgulad\u0131.<\/p>\n<p data-path-to-node=\"3\">The Guardian\u2019\u0131n haberine g\u00f6re bu sald\u0131r\u0131, ABD ve \u0130srail\u2019in cumartesi g\u00fcn\u00fc \u0130ran dini lideri <b data-path-to-node=\"3\" data-index-in-node=\"91\">Ayetullah Ali Hamaney<\/b>\u2019i \u00f6ld\u00fcrmesinin ard\u0131ndan Tahran y\u00f6netimi taraf\u0131ndan b\u00f6lge genelinde ba\u015flat\u0131lan geni\u015f kapsaml\u0131 misilleme operasyonun bir par\u00e7as\u0131 olarak ger\u00e7ekle\u015fti.<\/p>\n<h4 data-path-to-node=\"4\"><b data-path-to-node=\"4\" data-index-in-node=\"0\">300 Bin \u0130ngiliz Vatanda\u015f\u0131 \u0130\u00e7in Tahliye Plan\u0131<\/b><\/h4>\n<p data-path-to-node=\"5\">B\u00f6lgedeki tansiyonun y\u00fckselmesiyle birlikte <b data-path-to-node=\"5\" data-index-in-node=\"44\">Birle\u015fik Krall\u0131k<\/b> h\u00fck\u00fcmeti, Orta Do\u011fu\u2019da bulunan vatanda\u015flar\u0131n\u0131n g\u00fcvenli\u011fi i\u00e7in alarm durumuna ge\u00e7ti. D\u0131\u015fi\u015fleri Bakan\u0131 <b data-path-to-node=\"5\" data-index-in-node=\"162\">Yvette Cooper<\/b>, b\u00f6lgede ya\u015fayan yakla\u015f\u0131k <b data-path-to-node=\"5\" data-index-in-node=\"202\">300.000<\/b> \u0130ngiliz vatanda\u015f\u0131n\u0131n tahliyesine y\u00f6nelik olas\u0131 planlar\u0131n kabine d\u00fczeyinde de\u011ferlendirildi\u011fini teyit etti.<\/p><div id=\"briti-1329697840\" class=\"briti-icerik\" style=\"margin-top: 5px;margin-bottom: 5px;\"><a href=\"https:\/\/piaryum.com\/services\/\" aria-label=\"piaryum banner\"><img loading=\"lazy\" decoding=\"async\" src=\"https:\/\/by-tv.co.uk\/wp-content\/uploads\/2025\/12\/Gemini_Generated_Image_g5yqr1g5yqr1g5yq.jpg\" alt=\"\"  width=\"2064\" height=\"1152\"   \/><\/a><\/div>\n<h4 data-path-to-node=\"6\"><b data-path-to-node=\"6\" data-index-in-node=\"0\">B\u00f6lgesel \u00c7at\u0131\u015fma Riski ve Diplomatik \u00c7abalar<\/b><\/h4>\n<p data-path-to-node=\"7\">L\u00fcbnan ve Kuveyt gibi \u00fclkelerin de dahil oldu\u011fu \u00e7at\u0131\u015fmalar\u0131n yay\u0131lma h\u0131z\u0131, uluslararas\u0131 kamuoyunda b\u00fcy\u00fck endi\u015fe yarat\u0131yor. <b data-path-to-node=\"7\" data-index-in-node=\"123\">Orta Do\u011fu<\/b> genelinde u\u00e7u\u015f iptalleri artarken, k\u00fcresel piyasalarda petrol fiyatlar\u0131n\u0131n y\u00fckseldi\u011fi ve borsalar\u0131n d\u00fc\u015f\u00fc\u015fe ge\u00e7ti\u011fi g\u00f6zlemleniyor.<\/p>\n<p data-path-to-node=\"8\"><b data-path-to-node=\"8\" data-index-in-node=\"0\">Ba\u015fbakan Keir Starmer<\/b> liderli\u011findeki h\u00fck\u00fcmet, bir yandan \u0130ngiliz askeri \u00fcslerinin savunmas\u0131n\u0131 g\u00fc\u00e7lendirirken di\u011fer yandan krizin kontrol edilemez bir b\u00f6lgesel sava\u015fa d\u00f6n\u00fc\u015fmemesi i\u00e7in m\u00fcttefikleriyle diplomatik temaslar\u0131n\u0131 s\u00fcrd\u00fcr\u00fcyor.<\/p>\n<\/div>\n<div id=\"briti-3767210123\" class=\"briti-icerikten-sonra_2\" style=\"margin-top: 25px;margin-bottom: 25px;\"><a href=\"https:\/\/wa.me\/message\/NDZLLIOQT4H3O1\" aria-label=\"bytv reklam banner\"><img loading=\"lazy\" decoding=\"async\" src=\"https:\/\/by-tv.co.uk\/wp-content\/uploads\/2025\/12\/bytv-reklam-banner.jpg\" alt=\"\"  width=\"2376\" height=\"1008\"   \/><\/a><\/div>","protected":false},"excerpt":{"rendered":"<p>Tahran\u2019\u0131n Misilleme Sald\u0131r\u0131lar\u0131 ve \u0130ngiliz \u00dcsleri Birle\u015fik Krall\u0131k D\u0131\u015fi\u015fleri Bakan\u0131 Yvette Cooper, G\u00fcney K\u0131br\u0131s&#8217;taki bir Kraliyet Hava Kuvvetleri (RAF) \u00fcss\u00fcn\u00fcn \u0130ran\u2019a ait insans\u0131z hava ara\u00e7lar\u0131yla vurulmas\u0131n\u0131n ard\u0131ndan a\u00e7\u0131klamalarda bulundu. Cooper, \u00fclkesinin Irak benzeri uzun s\u00fcreli bir \u00e7at\u0131\u015fman\u0131n i\u00e7ine \u00e7ekildi\u011fi iddialar\u0131n\u0131 kesin bir dille reddederek bunun &#8220;asla do\u011fru olmad\u0131\u011f\u0131n\u0131&#8221; vurgulad\u0131. The Guardian\u2019\u0131n haberine g\u00f6re bu sald\u0131r\u0131, ABD ve \u0130srail\u2019in cumartesi g\u00fcn\u00fc \u0130ran dini lideri Ayetullah Ali Hamaney\u2019i \u00f6ld\u00fcrmesinin ard\u0131ndan Tahran y\u00f6netimi taraf\u0131ndan b\u00f6lge genelinde ba\u015flat\u0131lan geni\u015f kapsaml\u0131 misilleme operasyonun bir par\u00e7as\u0131 olarak ger\u00e7ekle\u015fti. 300 Bin \u0130ngiliz Vatanda\u015f\u0131 \u0130\u00e7in Tahliye Plan\u0131 B\u00f6lgedeki tansiyonun y\u00fckselmesiyle birlikte Birle\u015fik Krall\u0131k h\u00fck\u00fcmeti, Orta Do\u011fu\u2019da bulunan vatanda\u015flar\u0131n\u0131n [&hellip;]<\/p>\n","protected":false},"author":11,"featured_media":35638,"comment_status":"open","ping_status":"open","sticky":false,"template":"","format":"standard","meta":{"ngg_post_thumbnail":0,"footnotes":""},"categories":[5269,15],"tags":[],"class_list":["post-36980","post","type-post","status-publish","format-standard","has-post-thumbnail","hentry","category-birlesik-krallik","category-ingiltere"],"_links":{"self":[{"href":"https:\/\/by-tv.co.uk\/en\/wp-json\/wp\/v2\/posts\/36980","targetHints":{"allow":["GET"]}}],"collection":[{"href":"https:\/\/by-tv.co.uk\/en\/wp-json\/wp\/v2\/posts"}],"about":[{"href":"https:\/\/by-tv.co.uk\/en\/wp-json\/wp\/v2\/types\/post"}],"author":[{"embeddable":true,"href":"https:\/\/by-tv.co.uk\/en\/wp-json\/wp\/v2\/users\/11"}],"replies":[{"embeddable":true,"href":"https:\/\/by-tv.co.uk\/en\/wp-json\/wp\/v2\/comments?post=36980"}],"version-history":[{"count":3,"href":"https:\/\/by-tv.co.uk\/en\/wp-json\/wp\/v2\/posts\/36980\/revisions"}],"predecessor-version":[{"id":37000,"href":"https:\/\/by-tv.co.uk\/en\/wp-json\/wp\/v2\/posts\/36980\/revisions\/37000"}],"wp:featuredmedia":[{"embeddable":true,"href":"https:\/\/by-tv.co.uk\/en\/wp-json\/wp\/v2\/media\/35638"}],"wp:attachment":[{"href":"https:\/\/by-tv.co.uk\/en\/wp-json\/wp\/v2\/media?parent=36980"}],"wp:term":[{"taxonomy":"category","embeddable":true,"href":"https:\/\/by-tv.co.uk\/en\/wp-json\/wp\/v2\/categories?post=36980"},{"taxonomy":"post_tag","embeddable":true,"href":"https:\/\/by-tv.co.uk\/en\/wp-json\/wp\/v2\/tags?post=36980"}],"curies":[{"name":"wp","href":"https:\/\/api.w.org\/{rel}","templated":true}]}}