{"id":36939,"date":"2026-02-28T21:00:43","date_gmt":"2026-02-28T21:00:43","guid":{"rendered":"https:\/\/by-tv.co.uk\/?p=36939"},"modified":"2026-02-28T21:00:43","modified_gmt":"2026-02-28T21:00:43","slug":"ortadoguda-gerilim-ingiliz-ucaklari-havada","status":"publish","type":"post","link":"https:\/\/by-tv.co.uk\/en\/ortadoguda-gerilim-ingiliz-ucaklari-havada\/","title":{"rendered":"Ortado\u011fu\u2019da Gerilim: \u0130ngiliz U\u00e7aklar\u0131 Havada"},"content":{"rendered":"<p>Birle\u015fik Krall\u0131k Ba\u015fbakan\u0131 <strong>Keir Starmer<\/strong>, Ortado\u011fu\u2019daki geli\u015fmeler \u00fczerine \u0130ngiliz askeri u\u00e7aklar\u0131n\u0131n b\u00f6lgede g\u00f6rev yapt\u0131\u011f\u0131n\u0131 ve \u0130ngiliz \u00fcsleri ile personeline y\u00f6nelik koruma seviyesinin \u201cen \u00fcst d\u00fczeye\u201d \u00e7\u0131kar\u0131ld\u0131\u011f\u0131n\u0131 a\u00e7\u0131klad\u0131.<\/p>\n<p>BBC\u2019nin haberine g\u00f6re, b\u00f6lgedeki gerilim hava ula\u015f\u0131m\u0131nda ciddi aksamalara yol a\u00e7t\u0131. Y\u00fcz binlerce \u0130ngiliz vatanda\u015f\u0131n\u0131n ya\u015fanan geli\u015fmelerden etkilenebilece\u011fi belirtiliyor.<\/p>\n<p>Dubai\u2019nin Palm Jumeirah b\u00f6lgesindeki bir binada meydana gelen \u201colayda\u201d d\u00f6rt ki\u015finin yaraland\u0131\u011f\u0131 bildirildi. G\u00f6rg\u00fc tan\u0131klar\u0131n\u0131n payla\u015ft\u0131\u011f\u0131 g\u00f6r\u00fcnt\u00fclerde, <strong>Fairmont The Palm Oteli<\/strong> yak\u0131nlar\u0131nda yo\u011fun duman y\u00fckseldi\u011fi g\u00f6r\u00fcld\u00fc. \u0130ran devlet medyas\u0131 Dubai\u2019ye y\u00f6nelik bir sald\u0131r\u0131 d\u00fczenlendi\u011fini aktard\u0131 ancak hedefe ili\u015fkin ayr\u0131nt\u0131 payla\u015fmad\u0131. ABD ordusunun Birle\u015fik Arap Emirlikleri\u2019nde \u00fcs ve personeli bulunuyor.<\/p><div id=\"briti-1445390198\" class=\"briti-icerik\" style=\"margin-top: 5px;margin-bottom: 5px;\"><a href=\"https:\/\/piaryum.com\/services\/\" aria-label=\"piaryum banner\"><img loading=\"lazy\" decoding=\"async\" src=\"https:\/\/by-tv.co.uk\/wp-content\/uploads\/2025\/12\/Gemini_Generated_Image_g5yqr1g5yqr1g5yq.jpg\" alt=\"\"  width=\"2064\" height=\"1152\"   \/><\/a><\/div>\n<p>Birle\u015fik Krall\u0131k <strong>D\u0131\u015fi\u015fleri Bakan\u0131 Yvette Cooper<\/strong>, \u0130ran\u2019\u0131n sald\u0131r\u0131lar\u0131n\u0131 k\u0131nad\u0131 ve Palm Oteli \u00e7evresindeki g\u00f6r\u00fcnt\u00fcleri \u201ckorkun\u00e7\u201d olarak nitelendirdi. Cooper, Birle\u015fik Arap Emirlikleri\u2019ndeki mevkida\u015f\u0131yla g\u00f6r\u00fc\u015ferek dayan\u0131\u015fma mesaj\u0131 iletti\u011fini a\u00e7\u0131klad\u0131.<\/p>\n<h4>Seyahat Uyar\u0131lar\u0131 G\u00fcncellendi<\/h4>\n<p>Birle\u015fik Krall\u0131k D\u0131\u015fi\u015fleri Bakanl\u0131\u011f\u0131 (FCDO), seyahat tavsiyesini g\u00fcncelleyerek <strong>\u201c\u0130srail ve Filistin\u2019e t\u00fcm seyahatlere kar\u015f\u0131\u201d<\/strong> uyar\u0131 yay\u0131mlad\u0131.<\/p>\n<p>Bakanl\u0131k, Bahreyn, Katar, Kuveyt ve Birle\u015fik Arap Emirlikleri\u2019ndeki \u0130ngiliz vatanda\u015flar\u0131na <strong>bulunduklar\u0131 yerde kalmalar\u0131 ve g\u00fcvenli bir kapal\u0131 alana ge\u00e7meleri<\/strong> \u00e7a\u011fr\u0131s\u0131nda bulundu. Suudi Arabistan\u2019daki vatanda\u015flara ise <strong>\u201cg\u00fcvenli bir kapal\u0131 mek\u00e2nda kalmalar\u0131\u201d<\/strong> tavsiye edildi.<\/p>\n<p>\u00dcrd\u00fcn, Suriye, L\u00fcbnan, Irak, Yemen, T\u00fcrkiye ve Umman\u2019daki \u0130ngiliz vatanda\u015flar\u0131na da tetikte olmalar\u0131 ve yetkililerin y\u00f6nlendirmesi halinde g\u00fcvenli alanlara ge\u00e7meleri uyar\u0131s\u0131 yap\u0131ld\u0131.<\/p>\n<h4>Katar ve Bahreyn\u2019de F\u00fcze Alarm\u0131<\/h4>\n<p>Katar\u2019\u0131n ba\u015fkenti Doha\u2019da patlamalar ve hava sald\u0131r\u0131s\u0131 sirenleri duyuldu. Katar Savunma Bakanl\u0131\u011f\u0131, \u0130ran f\u00fczelerinin engellendi\u011fini a\u00e7\u0131klad\u0131. Doha\u2019da ABD\u2019ye ait bir askeri tesis bulunuyor.<\/p>\n<p>Bahreyn devlet medyas\u0131 da \u00fclkede konu\u015flu ABD Donanmas\u0131 5\u2019inci Filosu\u2019na ait bir hizmet merkezinin \u201cf\u00fcze sald\u0131r\u0131s\u0131na maruz kald\u0131\u011f\u0131n\u0131\u201d bildirdi.<\/p>\n<p>Downing Street\u2019ten yap\u0131lan a\u00e7\u0131klamaya g\u00f6re <strong>Starmer<\/strong>, Katar Emiri <strong>\u015eeyh Temim bin Hamed El Sani<\/strong> ve BAE Devlet Ba\u015fkan\u0131 <strong>Muhammed bin Zayid El Nahyan<\/strong> ile ayr\u0131 ayr\u0131 telefon g\u00f6r\u00fc\u015fmeleri ger\u00e7ekle\u015ftirdi.<\/p>\n<p>Starmer, BAE Devlet Ba\u015fkan\u0131\u2019na \u00fclkedeki \u0130ngiliz vatanda\u015flar\u0131n\u0131n g\u00fcvenli\u011fini sa\u011flamaya y\u00f6nelik \u00e7abalar\u0131ndan dolay\u0131 te\u015fekk\u00fcr etti ve Birle\u015fik Krall\u0131k\u2019\u0131n <strong>Katar\u2019\u0131n savunmas\u0131na olan ba\u011fl\u0131l\u0131\u011f\u0131n\u0131<\/strong> yineledi.<\/p>\n<h4>ABD-\u0130srail\u2019den \u0130ran\u2019a Ortak Sald\u0131r\u0131<\/h4>\n<p><em><strong>\u0130srail ve ABD\u2019nin \u0130ran\u2019a y\u00f6nelik geni\u015f \u00e7apl\u0131 hava sald\u0131r\u0131lar\u0131n\u0131n ard\u0131ndan Tahran misilleme ba\u015flatt\u0131. B\u00f6lgede gerilim h\u0131zla t\u0131rman\u0131yor.<\/strong><\/em><\/p>\n<p>\u0130srail ve ABD\u2019nin \u0130ran\u2019a y\u00f6nelik d\u00fczenledi\u011fi geni\u015f kapsaml\u0131 hava sald\u0131r\u0131lar\u0131n\u0131n ard\u0131ndan <strong>\u0130ran, \u0130srail\u2019e f\u00fcze sald\u0131r\u0131s\u0131yla kar\u015f\u0131l\u0131k verdi<\/strong>. B\u00f6lgedeki gerilim artarken, Katar, Bahreyn, Kuveyt ve Birle\u015fik Arap Emirlikleri\u2019nde de patlama sesleri duyuldu\u011fu bildirildi.<\/p>\n<p>\u0130lk a\u00e7\u0131klama cumartesi sabah\u0131 <strong>\u0130srail Savunma Bakan\u0131 Israel Katz<\/strong>\u2019tan geldi. Katz, \u0130srail\u2019in \u201c\u0130ran\u2019dan gelen tehditleri ortadan kald\u0131rmak amac\u0131yla \u00f6nleyici bir sald\u0131r\u0131 ba\u015flatt\u0131\u011f\u0131n\u0131\u201d s\u00f6yledi ve \u0130srail halk\u0131n\u0131 olas\u0131 f\u00fcze ve insans\u0131z hava arac\u0131 sald\u0131r\u0131lar\u0131na kar\u015f\u0131 haz\u0131rl\u0131kl\u0131 olmaya \u00e7a\u011f\u0131rd\u0131.<\/p>\n<p>K\u0131sa s\u00fcre sonra eski ABD Ba\u015fkan\u0131 <strong>Donald Trump<\/strong>, sosyal medya platformu Truth Social \u00fczerinden yapt\u0131\u011f\u0131 payla\u015f\u0131mda sald\u0131r\u0131lara ABD\u2019nin de kat\u0131ld\u0131\u011f\u0131n\u0131 do\u011frulad\u0131. Trump, operasyonun amac\u0131n\u0131n \u201c\u0130ran rejiminden kaynaklanan yak\u0131n tehditleri ortadan kald\u0131rarak Amerikan halk\u0131n\u0131 savunmak\u201d oldu\u011funu ifade etti.<\/p>\n<h4>Trump: \u201c\u0130ran\u2019\u0131n f\u00fcze kapasitesi yok edilecek\u201d<\/h4>\n<p>Trump a\u00e7\u0131klamas\u0131nda, \u0130ran\u2019\u0131n f\u00fcze program\u0131n\u0131n ve deniz kuvvetlerinin hedef al\u0131nd\u0131\u011f\u0131n\u0131 belirterek, \u201cF\u00fczelerini yok edece\u011fiz, f\u00fcze sanayisini tamamen ortadan kald\u0131raca\u011f\u0131z. Donanmalar\u0131n\u0131 da etkisiz hale getirece\u011fiz\u201d dedi. Ayr\u0131ca, \u0130ran\u2019\u0131n n\u00fckleer silah edinmesine izin verilmeyece\u011fini vurgulad\u0131.<\/p>\n<p>Trump, \u0130ran y\u00f6netiminin yeni bir n\u00fckleer anla\u015fmaya yana\u015fmamas\u0131 halinde askeri m\u00fcdahale tehdidinde bulunmu\u015ftu. \u0130ran ise n\u00fckleer faaliyetlerinin bar\u0131\u015f\u00e7\u0131l ama\u00e7l\u0131 oldu\u011funu ve n\u00fckleer silah edinme hedefi bulunmad\u0131\u011f\u0131n\u0131 defalarca dile getirdi.<\/p>\n<p>ABD\u2019li yetkililer, \u0130ran silahl\u0131 kuvvetlerine silah b\u0131rakmalar\u0131 halinde \u201ctam dokunulmazl\u0131k\u201d teklif edildi\u011fini, aksi takdirde a\u011f\u0131r sonu\u00e7larla kar\u015f\u0131la\u015facaklar\u0131n\u0131 bildirdi. Trump ayr\u0131ca \u0130ran halk\u0131na seslenerek mevcut y\u00f6netimi devirmeleri \u00e7a\u011fr\u0131s\u0131nda bulundu.<\/p>\n<h4>Netanyahu: \u201cVarolu\u015fsal tehdidi ortadan kald\u0131r\u0131yoruz\u201d<\/h4>\n<p>\u0130srail Ba\u015fbakan\u0131 <strong>Binyamin Netanyahu<\/strong>, ABD ile birlikte \u201c\u0130ran\u2019daki ter\u00f6r rejiminin olu\u015fturdu\u011fu varolu\u015fsal tehdidi ortadan kald\u0131rmaya y\u00f6nelik bir operasyon\u201d y\u00fcr\u00fctt\u00fcklerini s\u00f6yledi. Netanyahu, \u0130ran\u2019\u0131n n\u00fckleer silah edinmesine izin verilmeyece\u011fini yineledi.<\/p>\n<p>Netanyahu, sald\u0131r\u0131lar\u0131n \u0130ran halk\u0131n\u0131n \u201ckendi kaderini tayin etmesi i\u00e7in ko\u015fullar\u0131 olu\u015fturaca\u011f\u0131n\u0131\u201d savundu. Daha sonra yapt\u0131\u011f\u0131 a\u00e7\u0131klamada, ilk dalga sald\u0131r\u0131larda \u201crejimin \u00fcst d\u00fczey yetkililerinin, Devrim Muhaf\u0131zlar\u0131 komutanlar\u0131n\u0131n ve n\u00fckleer programda g\u00f6revli \u00fcst d\u00fczey isimlerin etkisiz hale getirildi\u011fini\u201d \u00f6ne s\u00fcrd\u00fc.<\/p>\n<h4>500 hedef vuruldu<\/h4>\n<p>ABD Merkez Kuvvetler Komutanl\u0131\u011f\u0131 (CENTCOM), cumartesi ak\u015fam\u0131 yapt\u0131\u011f\u0131 a\u00e7\u0131klamada ABD ve \u0130srail g\u00fc\u00e7lerinin \u0130ran\u2019\u0131n g\u00fcvenlik altyap\u0131s\u0131n\u0131 hedef alan sald\u0131r\u0131lara ba\u015flad\u0131\u011f\u0131n\u0131 duyurdu. A\u00e7\u0131klamada, komuta-kontrol merkezleri, hava savunma sistemleri, f\u00fcze ve insans\u0131z hava arac\u0131 f\u0131rlatma sahalar\u0131 ile askeri havaalanlar\u0131n\u0131n hedef al\u0131nd\u0131\u011f\u0131 belirtildi.<\/p>\n<p>\u0130srail Savunma Kuvvetleri (IDF) ise yakla\u015f\u0131k <strong>200 sava\u015f u\u00e7a\u011f\u0131n\u0131n<\/strong> operasyona kat\u0131ld\u0131\u011f\u0131n\u0131 ve bat\u0131 ile orta \u0130ran\u2019da yakla\u015f\u0131k <strong>500 hedefin<\/strong> vuruldu\u011funu a\u00e7\u0131klad\u0131. Y\u00fczlerce m\u00fchimmat\u0131n ayn\u0131 anda b\u0131rak\u0131ld\u0131\u011f\u0131 sald\u0131r\u0131larda hava savunma sistemleri ve f\u00fcze rampalar\u0131n\u0131n hedef al\u0131nd\u0131\u011f\u0131, \u0130ran\u2019\u0131n sald\u0131r\u0131 kapasitesinin ciddi \u015fekilde zay\u0131flat\u0131ld\u0131\u011f\u0131 ifade edildi.<\/p>\n<p>IDF Genelkurmay Ba\u015fkan\u0131 <strong>Korgeneral Eyal Zamir<\/strong>, sald\u0131r\u0131lar\u0131n \u0130srail ile ABD aras\u0131nda y\u00fcr\u00fct\u00fclen \u201cderin ve kapsaml\u0131 ortak operasyonel planlama s\u00fcrecinin\u201d sonucu oldu\u011funu belirtti. Planlaman\u0131n, ge\u00e7en y\u0131l Haziran ay\u0131nda iki \u00fclke aras\u0131nda ya\u015fanan 12 g\u00fcnl\u00fck sava\u015f\u0131n ard\u0131ndan ba\u015flat\u0131ld\u0131\u011f\u0131 aktar\u0131ld\u0131.<\/p>\n<p>&nbsp;<\/p>\n<div id=\"briti-1180251014\" class=\"briti-icerikten-sonra_2\" style=\"margin-top: 25px;margin-bottom: 25px;\"><a href=\"https:\/\/wa.me\/message\/NDZLLIOQT4H3O1\" aria-label=\"bytv reklam banner\"><img loading=\"lazy\" decoding=\"async\" src=\"https:\/\/by-tv.co.uk\/wp-content\/uploads\/2025\/12\/bytv-reklam-banner.jpg\" alt=\"\"  width=\"2376\" height=\"1008\"   \/><\/a><\/div>","protected":false},"excerpt":{"rendered":"<p>Birle\u015fik Krall\u0131k Ba\u015fbakan\u0131 Keir Starmer, Ortado\u011fu\u2019daki geli\u015fmeler \u00fczerine \u0130ngiliz askeri u\u00e7aklar\u0131n\u0131n b\u00f6lgede g\u00f6rev yapt\u0131\u011f\u0131n\u0131 ve \u0130ngiliz \u00fcsleri ile personeline y\u00f6nelik koruma seviyesinin \u201cen \u00fcst d\u00fczeye\u201d \u00e7\u0131kar\u0131ld\u0131\u011f\u0131n\u0131 a\u00e7\u0131klad\u0131. BBC\u2019nin haberine g\u00f6re, b\u00f6lgedeki gerilim hava ula\u015f\u0131m\u0131nda ciddi aksamalara yol a\u00e7t\u0131. Y\u00fcz binlerce \u0130ngiliz vatanda\u015f\u0131n\u0131n ya\u015fanan geli\u015fmelerden etkilenebilece\u011fi belirtiliyor. Dubai\u2019nin Palm Jumeirah b\u00f6lgesindeki bir binada meydana gelen \u201colayda\u201d d\u00f6rt ki\u015finin yaraland\u0131\u011f\u0131 bildirildi. G\u00f6rg\u00fc tan\u0131klar\u0131n\u0131n payla\u015ft\u0131\u011f\u0131 g\u00f6r\u00fcnt\u00fclerde, Fairmont The Palm Oteli yak\u0131nlar\u0131nda yo\u011fun duman y\u00fckseldi\u011fi g\u00f6r\u00fcld\u00fc. \u0130ran devlet medyas\u0131 Dubai\u2019ye y\u00f6nelik bir sald\u0131r\u0131 d\u00fczenlendi\u011fini aktard\u0131 ancak hedefe ili\u015fkin ayr\u0131nt\u0131 payla\u015fmad\u0131. ABD ordusunun Birle\u015fik Arap Emirlikleri\u2019nde \u00fcs ve personeli bulunuyor. Birle\u015fik Krall\u0131k D\u0131\u015fi\u015fleri Bakan\u0131 Yvette [&hellip;]<\/p>\n","protected":false},"author":11,"featured_media":35746,"comment_status":"open","ping_status":"open","sticky":false,"template":"","format":"standard","meta":{"ngg_post_thumbnail":0,"footnotes":""},"categories":[5269,1,15],"tags":[],"class_list":["post-36939","post","type-post","status-publish","format-standard","has-post-thumbnail","hentry","category-birlesik-krallik","category-genel","category-ingiltere"],"_links":{"self":[{"href":"https:\/\/by-tv.co.uk\/en\/wp-json\/wp\/v2\/posts\/36939","targetHints":{"allow":["GET"]}}],"collection":[{"href":"https:\/\/by-tv.co.uk\/en\/wp-json\/wp\/v2\/posts"}],"about":[{"href":"https:\/\/by-tv.co.uk\/en\/wp-json\/wp\/v2\/types\/post"}],"author":[{"embeddable":true,"href":"https:\/\/by-tv.co.uk\/en\/wp-json\/wp\/v2\/users\/11"}],"replies":[{"embeddable":true,"href":"https:\/\/by-tv.co.uk\/en\/wp-json\/wp\/v2\/comments?post=36939"}],"version-history":[{"count":1,"href":"https:\/\/by-tv.co.uk\/en\/wp-json\/wp\/v2\/posts\/36939\/revisions"}],"predecessor-version":[{"id":36940,"href":"https:\/\/by-tv.co.uk\/en\/wp-json\/wp\/v2\/posts\/36939\/revisions\/36940"}],"wp:featuredmedia":[{"embeddable":true,"href":"https:\/\/by-tv.co.uk\/en\/wp-json\/wp\/v2\/media\/35746"}],"wp:attachment":[{"href":"https:\/\/by-tv.co.uk\/en\/wp-json\/wp\/v2\/media?parent=36939"}],"wp:term":[{"taxonomy":"category","embeddable":true,"href":"https:\/\/by-tv.co.uk\/en\/wp-json\/wp\/v2\/categories?post=36939"},{"taxonomy":"post_tag","embeddable":true,"href":"https:\/\/by-tv.co.uk\/en\/wp-json\/wp\/v2\/tags?post=36939"}],"curies":[{"name":"wp","href":"https:\/\/api.w.org\/{rel}","templated":true}]}}