{"id":36928,"date":"2026-02-28T14:07:24","date_gmt":"2026-02-28T14:07:24","guid":{"rendered":"https:\/\/by-tv.co.uk\/?p=36928"},"modified":"2026-02-28T10:12:35","modified_gmt":"2026-02-28T10:12:35","slug":"reevesten-1-milyar-sterlinlik-dev-savunma-onayi","status":"publish","type":"post","link":"https:\/\/by-tv.co.uk\/en\/reevesten-1-milyar-sterlinlik-dev-savunma-onayi\/","title":{"rendered":"Reeves\u2019ten 1 Milyar Sterlinlik Dev Savunma Onay\u0131"},"content":{"rendered":"<div id=\"model-response-message-contentr_9d00de0a140a42a6\" class=\"markdown markdown-main-panel enable-updated-hr-color preserve-whitespaces-in-response\" dir=\"ltr\" aria-live=\"polite\" aria-busy=\"false\">\n<h4 data-path-to-node=\"1\"><b data-path-to-node=\"1\" data-index-in-node=\"0\">Leonardo ile stratejik ortakl\u0131k<\/b><\/h4>\n<p data-path-to-node=\"2\">\u0130ngiltere Maliye Bakan\u0131 <b data-path-to-node=\"2\" data-index-in-node=\"24\">Rachel Reeves<\/b>, Somerset b\u00f6lgesindeki imalat sanayisini canland\u0131racak <b data-path-to-node=\"2\" data-index-in-node=\"93\">1 milyar sterlin<\/b> de\u011ferindeki askeri helikopter projesine onay veriyor. <b data-path-to-node=\"2\" data-index-in-node=\"164\">The Guardian<\/b>\u2019\u0131n haberine g\u00f6re, bu kritik s\u00f6zle\u015fme ile havac\u0131l\u0131k sekt\u00f6r\u00fcnde \u00e7al\u0131\u015fan yakla\u015f\u0131k <b data-path-to-node=\"2\" data-index-in-node=\"256\">3 bin<\/b> ki\u015finin i\u015fi g\u00fcvence alt\u0131na al\u0131nm\u0131\u015f olacak.<\/p>\n<p data-path-to-node=\"3\">Bakan <b data-path-to-node=\"3\" data-index-in-node=\"6\">Reeves<\/b>\u2019in, \u0130talyan savunma devi <b data-path-to-node=\"3\" data-index-in-node=\"38\">Leonardo<\/b> ile imzalayaca\u011f\u0131 bu anla\u015fma, yeni nesil sava\u015f alan\u0131 helikopterlerinin \u00fcretimini kaps\u0131yor. Eski ad\u0131yla <b data-path-to-node=\"3\" data-index-in-node=\"149\">Westland<\/b> fabrikas\u0131nda ger\u00e7ekle\u015ftirilecek \u00fcretim s\u00fcreci, tesisin gelece\u011fine dair aylard\u0131r s\u00fcren belirsizli\u011fi de ortadan kald\u0131racak.<\/p>\n<h4 data-path-to-node=\"4\"><b data-path-to-node=\"4\" data-index-in-node=\"0\">\u0130stihdam ve sanayide dev ad\u0131m<\/b><\/h4>\n<p data-path-to-node=\"5\">Savunma yat\u0131r\u0131mlar\u0131n\u0131n art\u0131r\u0131lmas\u0131 y\u00f6n\u00fcndeki talepler, son d\u00f6nemde \u00f6zellikle <b data-path-to-node=\"5\" data-index-in-node=\"77\">Unite<\/b> sendikas\u0131 taraf\u0131ndan h\u00fck\u00fcmete iletilmi\u015fti. Sendika temsilcileri, yat\u0131r\u0131m planlar\u0131n\u0131n onaylanmamas\u0131 durumunda kalifiye i\u015f g\u00fcc\u00fcn\u00fcn kaybedilece\u011fi uyar\u0131s\u0131nda bulunmu\u015ftu.<\/p><div id=\"briti-1750986536\" class=\"briti-icerik\" style=\"margin-top: 5px;margin-bottom: 5px;\"><a href=\"https:\/\/piaryum.com\/services\/\" aria-label=\"piaryum banner\"><img loading=\"lazy\" decoding=\"async\" src=\"https:\/\/by-tv.co.uk\/wp-content\/uploads\/2025\/12\/Gemini_Generated_Image_g5yqr1g5yqr1g5yq.jpg\" alt=\"\"  width=\"2064\" height=\"1152\"   \/><\/a><\/div>\n<p data-path-to-node=\"6\"><b data-path-to-node=\"6\" data-index-in-node=\"0\">Birle\u015fik Krall\u0131k<\/b> savunma kapasitesini g\u00fc\u00e7lendirmeyi hedefleyen bu hamle, yerel ekonomiye sa\u011flad\u0131\u011f\u0131 katk\u0131n\u0131n yan\u0131 s\u0131ra askeri alanda da stratejik bir kazan\u0131m olarak g\u00f6r\u00fcl\u00fcyor. <b data-path-to-node=\"6\" data-index-in-node=\"175\">%100<\/b> yerli \u00fcretim vurgusu yap\u0131lmasa da, dev projenin \u0130ngiliz tedarik zincirine <b data-path-to-node=\"6\" data-index-in-node=\"254\">rekor seviyede<\/b> hareketlilik getirmesi bekleniyor.<\/p>\n<\/div>\n<div id=\"briti-1656646244\" class=\"briti-icerikten-sonra_2\" style=\"margin-top: 25px;margin-bottom: 25px;\"><a href=\"https:\/\/wa.me\/message\/NDZLLIOQT4H3O1\" aria-label=\"bytv reklam banner\"><img loading=\"lazy\" decoding=\"async\" src=\"https:\/\/by-tv.co.uk\/wp-content\/uploads\/2025\/12\/bytv-reklam-banner.jpg\" alt=\"\"  width=\"2376\" height=\"1008\"   \/><\/a><\/div>","protected":false},"excerpt":{"rendered":"<p>Leonardo ile stratejik ortakl\u0131k \u0130ngiltere Maliye Bakan\u0131 Rachel Reeves, Somerset b\u00f6lgesindeki imalat sanayisini canland\u0131racak 1 milyar sterlin de\u011ferindeki askeri helikopter projesine onay veriyor. The Guardian\u2019\u0131n haberine g\u00f6re, bu kritik s\u00f6zle\u015fme ile havac\u0131l\u0131k sekt\u00f6r\u00fcnde \u00e7al\u0131\u015fan yakla\u015f\u0131k 3 bin ki\u015finin i\u015fi g\u00fcvence alt\u0131na al\u0131nm\u0131\u015f olacak. Bakan Reeves\u2019in, \u0130talyan savunma devi Leonardo ile imzalayaca\u011f\u0131 bu anla\u015fma, yeni nesil sava\u015f alan\u0131 helikopterlerinin \u00fcretimini kaps\u0131yor. Eski ad\u0131yla Westland fabrikas\u0131nda ger\u00e7ekle\u015ftirilecek \u00fcretim s\u00fcreci, tesisin gelece\u011fine dair aylard\u0131r s\u00fcren belirsizli\u011fi de ortadan kald\u0131racak. \u0130stihdam ve sanayide dev ad\u0131m Savunma yat\u0131r\u0131mlar\u0131n\u0131n art\u0131r\u0131lmas\u0131 y\u00f6n\u00fcndeki talepler, son d\u00f6nemde \u00f6zellikle Unite sendikas\u0131 taraf\u0131ndan h\u00fck\u00fcmete iletilmi\u015fti. Sendika temsilcileri, yat\u0131r\u0131m planlar\u0131n\u0131n onaylanmamas\u0131 durumunda [&hellip;]<\/p>\n","protected":false},"author":11,"featured_media":34474,"comment_status":"open","ping_status":"open","sticky":false,"template":"","format":"standard","meta":{"ngg_post_thumbnail":0,"footnotes":""},"categories":[5269,15],"tags":[],"class_list":["post-36928","post","type-post","status-publish","format-standard","has-post-thumbnail","hentry","category-birlesik-krallik","category-ingiltere"],"_links":{"self":[{"href":"https:\/\/by-tv.co.uk\/en\/wp-json\/wp\/v2\/posts\/36928","targetHints":{"allow":["GET"]}}],"collection":[{"href":"https:\/\/by-tv.co.uk\/en\/wp-json\/wp\/v2\/posts"}],"about":[{"href":"https:\/\/by-tv.co.uk\/en\/wp-json\/wp\/v2\/types\/post"}],"author":[{"embeddable":true,"href":"https:\/\/by-tv.co.uk\/en\/wp-json\/wp\/v2\/users\/11"}],"replies":[{"embeddable":true,"href":"https:\/\/by-tv.co.uk\/en\/wp-json\/wp\/v2\/comments?post=36928"}],"version-history":[{"count":2,"href":"https:\/\/by-tv.co.uk\/en\/wp-json\/wp\/v2\/posts\/36928\/revisions"}],"predecessor-version":[{"id":36930,"href":"https:\/\/by-tv.co.uk\/en\/wp-json\/wp\/v2\/posts\/36928\/revisions\/36930"}],"wp:featuredmedia":[{"embeddable":true,"href":"https:\/\/by-tv.co.uk\/en\/wp-json\/wp\/v2\/media\/34474"}],"wp:attachment":[{"href":"https:\/\/by-tv.co.uk\/en\/wp-json\/wp\/v2\/media?parent=36928"}],"wp:term":[{"taxonomy":"category","embeddable":true,"href":"https:\/\/by-tv.co.uk\/en\/wp-json\/wp\/v2\/categories?post=36928"},{"taxonomy":"post_tag","embeddable":true,"href":"https:\/\/by-tv.co.uk\/en\/wp-json\/wp\/v2\/tags?post=36928"}],"curies":[{"name":"wp","href":"https:\/\/api.w.org\/{rel}","templated":true}]}}